{"id":41864,"date":"2026-08-31T09:53:23","date_gmt":"2026-08-31T12:53:23","guid":{"rendered":"https:\/\/victoriaaldia.com\/?p=41864"},"modified":"2026-08-31T09:53:23","modified_gmt":"2026-08-31T12:53:23","slug":"la-delegacion-oficial-del-vaticano-ya-trabaja-con-el-gobierno-argentino-para-organizar-la-llegada-del-papa-leon","status":"publish","type":"post","link":"https:\/\/victoriaaldia.com\/?p=41864","title":{"rendered":"La delegaci\u00f3n oficial del Vaticano ya trabaja con el Gobierno argentino para organizar la llegada del Papa Le\u00f3n"},"content":{"rendered":"<header class=\"cl-24 header-interior interior-top-1\">Junto a la Iglesia, ambas partes avanzan en la definici\u00f3n del itinerario, la log\u00edstica y el operativo de seguridad del viaje papal previsto para noviembre.<\/header>\n<header><\/header>\n<header>La organizaci\u00f3n de la\u00a0<b>primera visita de Le\u00f3n XIV a la Argentina<\/b>\u00a0ingres\u00f3 en una etapa decisiva con la llegada de una\u00a0<b>delegaci\u00f3n oficial del Vaticano<\/b>\u00a0a Buenos Aires. La comitiva tendr\u00e1 a su cargo la coordinaci\u00f3n del recorrido, la log\u00edstica y las medidas de seguridad del viaje que el Pont\u00edfice realizar\u00e1 entre el 8 y el 11 de noviembre.<\/header>\n<header>La avanzada est\u00e1 encabezada por el coordinador de los Viajes Apost\u00f3licos,\u00a0<b>monse\u00f1or Jos\u00e9 Nah\u00fam Jairo Salas Casta\u00f1eda<\/b>, quien fue recibido por autoridades de la Canciller\u00eda y representantes de la Nunciatura Apost\u00f3lica.<\/p>\n<figure class=\"embed\"><img loading=\"lazy\" decoding=\"async\" src=\"https:\/\/elonce-media.elonce.com\/fotos\/2026\/06\/13\/e_1781379785_51956.webp\" alt=\"\" width=\"600\" height=\"400\" \/><\/figure>\n<h3>Reuniones y recorridas para cerrar el itinerario<\/h3>\n<p>&nbsp;<\/p>\n<p>Desde este lunes, la delegaci\u00f3n mantendr\u00e1 reuniones con referentes de la<b>\u00a0Conferencia Episcopal Argentina<\/b>, funcionarios nacionales y equipos encargados de la organizaci\u00f3n del viaje. Adem\u00e1s, recorrer\u00e1 distintos puntos de la Ciudad de Buenos Aires para evaluar los escenarios donde se desarrollar\u00e1n las actividades del Papa.<\/p>\n<figure class=\"embed\"><img loading=\"lazy\" decoding=\"async\" src=\"https:\/\/elonce-media.elonce.com\/fotos\/2026\/08\/27\/e_1787858055_68271.webp\" alt=\"\" width=\"600\" height=\"400\" \/><\/figure>\n<p>&nbsp;<\/p>\n<p>La agenda tambi\u00e9n incluye una visita a\u00a0<b>C\u00f3rdoba<\/b>, una de las provincias confirmadas dentro de la gira papal, donde se realizar\u00e1n inspecciones y encuentros con autoridades eclesi\u00e1sticas locales.<\/p>\n<h3>Actos masivos y un fuerte operativo de seguridad<\/h3>\n<p>&nbsp;<\/p>\n<p>El cronograma preliminar contempla<b>\u00a0actividades en Buenos Aires, Luj\u00e1n y C\u00f3rdoba<\/b>, aunque los recorridos definitivos a\u00fan no fueron confirmados. Entre las opciones para los encuentros multitudinarios figuran espacios abiertos que permitan la participaci\u00f3n de la mayor cantidad posible de fieles.<\/p>\n<figure class=\"embed\"><img loading=\"lazy\" decoding=\"async\" src=\"https:\/\/elonce-media.elonce.com\/fotos\/2026\/08\/18\/e_1787100010_32705.webp\" alt=\"\" width=\"600\" height=\"400\" \/><\/figure>\n<p>&nbsp;<\/p>\n<p>Las autoridades nacionales y el Vaticano trabajan de manera conjunta en la planificaci\u00f3n de los traslados, el presupuesto, la comunicaci\u00f3n y el dispositivo de seguridad para una visita que tendr\u00e1 un marcado valor hist\u00f3rico: ser\u00e1 la primera visita de un Papa a la Argentina en 39 a\u00f1os, desde el viaje de Juan Pablo II en 1987.<\/p>\n<p>&nbsp;<\/p>\n<h3>Obispo entrerriano recibir\u00e1 al Sumo Pont\u00edfice<\/h3>\n<p>&nbsp;<\/p>\n<p>El\u00a0<b>obispo entrerriano Mauricio Landra tendr\u00e1 un rol central durante la hist\u00f3rica visita del papa Le\u00f3n XIV a Argentina<\/b>, prevista entre el 8 y el 11 de noviembre. Nacido en Larroque y actual\u00a0<b>auxiliar de la Di\u00f3cesis de Mercedes-Luj\u00e1n<\/b>, ser\u00e1 uno de los anfitriones del Pont\u00edfice cuando llegue al Santuario de Nuestra Se\u00f1ora de Luj\u00e1n, uno de los puntos elegidos para su recorrido por el pa\u00eds.<\/p>\n<p>De acuerdo con el itinerario previsto, Le\u00f3n XIV realizar\u00e1 tres paradas durante su estad\u00eda en territorio argentino:\u00a0<b>Buenos Aires, Luj\u00e1n y C\u00f3rdoba.<\/b>\u00a0La llegada tendr\u00e1 una dimensi\u00f3n hist\u00f3rica para la Iglesia Cat\u00f3lica del pa\u00eds, ya que ser\u00e1 la primera visita de un Papa a la Argentina desde el viaje apost\u00f3lico de Juan Pablo II en 1987, cuando el entonces Pont\u00edfice recorri\u00f3 diferentes puntos del territorio nacional y tambi\u00e9n estuvo en Paran\u00e1.<\/p>\n<figure class=\"embed\"><img loading=\"lazy\" decoding=\"async\" src=\"https:\/\/elonce-media.elonce.com\/fotos\/2026\/06\/06\/e_1780768858_70396.webp\" alt=\"\" width=\"600\" height=\"400\" \/><\/figure>\n<p>Landra recibi\u00f3 la confirmaci\u00f3n de la visita \u201ccon mucha alegr\u00eda y gratitud\u201d y destac\u00f3 la trascendencia que tendr\u00e1 el acontecimiento para la comunidad cat\u00f3lica, inform\u00f3\u00a0<i>R2920<\/i>. El religioso entrerriano explic\u00f3 que la inclusi\u00f3n de Luj\u00e1n en el itinerario estuvo vinculada tanto con su relevancia espiritual como con cuestiones operativas derivadas de una estad\u00eda relativamente breve.<\/p>\n<p>&nbsp;<\/p>\n<h3>La llegada del Papa a Paysand\u00fa<\/h3>\n<p>&nbsp;<\/p>\n<p>El padre Mart\u00edn Miranda confirm\u00f3 a\u00a0<i>Elonce<\/i>\u00a0que comenzaron los preparativos y revel\u00f3 que la eventual crecida del r\u00edo ser\u00e1 uno de los factores que deber\u00e1n considerar para definir d\u00f3nde se realizar\u00e1 la celebraci\u00f3n.<\/p>\n<p>El sacerdote explic\u00f3 que desde hac\u00eda tiempo exist\u00eda la posibilidad de una visita del Pont\u00edfice a Uruguay, aunque todav\u00eda restaba conocer qu\u00e9 lugares ser\u00edan incluidos definitivamente en el recorrido. Finalmente, Paysand\u00fa fue elegida como una de las ciudades que recibir\u00e1 al Santo Padre.<\/p>\n<p>&nbsp;<\/p>\n<p>\u201c<b>Hemos recibido la noticia con mucha alegr\u00eda. Ten\u00edamos mucha expectativa, desde los sacerdotes y todo el pueblo de Dios, ante esta noticia de que el Santo Padre nos visite<\/b>\u201d, expres\u00f3 Miranda.<\/p>\n<p>&nbsp;<\/p>\n<h2>Por qu\u00e9 el Papa eligi\u00f3 Paysand\u00fa<\/h2>\n<p>&nbsp;<\/p>\n<p>El sacerdote explic\u00f3 que, al realizar la invitaci\u00f3n formal al Pont\u00edfice, las autoridades eclesi\u00e1sticas uruguayas hab\u00edan planteado diferentes sitios considerados relevantes para la Iglesia de ese pa\u00eds.<\/p>\n<p>&nbsp;<\/p>\n<p>Entre ellos se encontraban Montevideo, por su condici\u00f3n de capital, y el santuario de la Virgen de los Treinta y Tres, patrona de Uruguay. Adem\u00e1s, se buscaba incorporar una ciudad del interior al recorrido.<\/p>\n<p>&nbsp;<\/p>\n<p>\u201c<b>Se eligi\u00f3, entre muchas posibilidades, un punto del interior del pa\u00eds y el Pont\u00edfice ha decidido, en conversaci\u00f3n con las autoridades del lugar, que sea Paysand\u00fa<\/b>\u201d, relat\u00f3 Miranda. Fuente: El Once<\/p>\n<p><a href=\"https:\/\/victoriaaldia.com\/?attachment_id=9280\" rel=\"attachment wp-att-9280\"><img loading=\"lazy\" decoding=\"async\" class=\"aligncenter size-full wp-image-9280\" src=\"http:\/\/victoriaaldia.com\/wp-content\/uploads\/2023\/11\/agrotecnica.png\" alt=\"\" width=\"720\" height=\"90\" srcset=\"https:\/\/victoriaaldia.com\/wp-content\/uploads\/2023\/11\/agrotecnica.png 720w, https:\/\/victoriaaldia.com\/wp-content\/uploads\/2023\/11\/agrotecnica-300x38.png 300w\" sizes=\"auto, (max-width: 720px) 100vw, 720px\" \/><\/a><\/p>\n<\/header>\n","protected":false},"excerpt":{"rendered":"<p>Junto a la Iglesia, ambas partes avanzan en la definici\u00f3n del itinerario, la log\u00edstica y el operativo de seguridad del&hellip;<\/p>\n","protected":false},"author":3,"featured_media":41865,"comment_status":"closed","ping_status":"closed","sticky":false,"template":"","format":"standard","meta":{"nogoya_volanta":"","nogoya_breaking":false,"nogoya_exclusive":false,"footnotes":""},"categories":[4,3,17],"tags":[],"class_list":["post-41864","post","type-post","status-publish","format-standard","has-post-thumbnail","hentry","category-nacionales","category-noticias","category-sociedad"],"yoast_head":"<!-- This site is optimized with the Yoast SEO plugin v28.3 - https:\/\/yoast.com\/product\/yoast-seo-wordpress\/ -->\n<title>La delegaci\u00f3n oficial del Vaticano ya trabaja con el Gobierno argentino para organizar la llegada del Papa Le\u00f3n - Victoria Al D\u00eda<\/title>\n<meta name=\"robots\" content=\"index, follow, max-snippet:-1, max-image-preview:large, max-video-preview:-1\" \/>\n<link rel=\"canonical\" href=\"https:\/\/victoriaaldia.com\/?p=41864\" \/>\n<meta property=\"og:locale\" content=\"es_ES\" \/>\n<meta property=\"og:type\" content=\"article\" \/>\n<meta property=\"og:title\" content=\"La delegaci\u00f3n oficial del Vaticano ya trabaja con el Gobierno argentino para organizar la llegada del Papa Le\u00f3n - Victoria Al D\u00eda\" \/>\n<meta property=\"og:description\" content=\"Junto a la Iglesia, ambas partes avanzan en la definici\u00f3n del itinerario, la log\u00edstica y el operativo de seguridad del&hellip;\" \/>\n<meta property=\"og:url\" content=\"https:\/\/victoriaaldia.com\/?p=41864\" \/>\n<meta property=\"og:site_name\" content=\"Victoria Al D\u00eda\" \/>\n<meta property=\"article:published_time\" content=\"2026-08-31T12:53:23+00:00\" \/>\n<meta property=\"og:image\" content=\"http:\/\/victoriaaldia.com\/wp-content\/uploads\/2026\/08\/Captura-de-pantalla-2026-08-31-095124.png\" \/>\n\t<meta property=\"og:image:width\" content=\"764\" \/>\n\t<meta property=\"og:image:height\" content=\"509\" \/>\n\t<meta property=\"og:image:type\" content=\"image\/png\" \/>\n<meta name=\"author\" content=\"Victoria Al D\u00eda\" \/>\n<meta name=\"twitter:card\" content=\"summary_large_image\" \/>\n<meta name=\"twitter:label1\" content=\"Escrito por\" \/>\n\t<meta name=\"twitter:data1\" content=\"\" \/>\n\t<meta name=\"twitter:label2\" content=\"Tiempo de lectura\" \/>\n\t<meta name=\"twitter:data2\" content=\"5 minutos\" \/>\n<script type=\"application\/ld+json\" class=\"yoast-schema-graph\">{\"@context\":\"https:\\\/\\\/schema.org\",\"@graph\":[{\"@type\":\"Article\",\"@id\":\"https:\\\/\\\/victoriaaldia.com\\\/?p=41864#article\",\"isPartOf\":{\"@id\":\"https:\\\/\\\/victoriaaldia.com\\\/?p=41864\"},\"author\":{\"name\":\"Victoria Al D\u00eda\",\"@id\":\"https:\\\/\\\/victoriaaldia.com\\\/#\\\/schema\\\/person\\\/2314e106bcb401e92ff95595d5c292ef\"},\"headline\":\"La delegaci\u00f3n oficial del Vaticano ya trabaja con el Gobierno argentino para organizar la llegada del Papa Le\u00f3n\",\"datePublished\":\"2026-08-31T12:53:23+00:00\",\"mainEntityOfPage\":{\"@id\":\"https:\\\/\\\/victoriaaldia.com\\\/?p=41864\"},\"wordCount\":814,\"publisher\":{\"@id\":\"https:\\\/\\\/victoriaaldia.com\\\/#organization\"},\"image\":{\"@id\":\"https:\\\/\\\/victoriaaldia.com\\\/?p=41864#primaryimage\"},\"thumbnailUrl\":\"https:\\\/\\\/victoriaaldia.com\\\/wp-content\\\/uploads\\\/2026\\\/08\\\/Captura-de-pantalla-2026-08-31-095124.png\",\"articleSection\":[\"Nacionales\",\"Noticias\",\"Sociedad\"],\"inLanguage\":\"es-AR\"},{\"@type\":\"WebPage\",\"@id\":\"https:\\\/\\\/victoriaaldia.com\\\/?p=41864\",\"url\":\"https:\\\/\\\/victoriaaldia.com\\\/?p=41864\",\"name\":\"La delegaci\u00f3n oficial del Vaticano ya trabaja con el Gobierno argentino para organizar la llegada del Papa Le\u00f3n - Victoria Al D\u00eda\",\"isPartOf\":{\"@id\":\"https:\\\/\\\/victoriaaldia.com\\\/#website\"},\"primaryImageOfPage\":{\"@id\":\"https:\\\/\\\/victoriaaldia.com\\\/?p=41864#primaryimage\"},\"image\":{\"@id\":\"https:\\\/\\\/victoriaaldia.com\\\/?p=41864#primaryimage\"},\"thumbnailUrl\":\"https:\\\/\\\/victoriaaldia.com\\\/wp-content\\\/uploads\\\/2026\\\/08\\\/Captura-de-pantalla-2026-08-31-095124.png\",\"datePublished\":\"2026-08-31T12:53:23+00:00\",\"breadcrumb\":{\"@id\":\"https:\\\/\\\/victoriaaldia.com\\\/?p=41864#breadcrumb\"},\"inLanguage\":\"es-AR\",\"potentialAction\":[{\"@type\":\"ReadAction\",\"target\":[\"https:\\\/\\\/victoriaaldia.com\\\/?p=41864\"]}]},{\"@type\":\"ImageObject\",\"inLanguage\":\"es-AR\",\"@id\":\"https:\\\/\\\/victoriaaldia.com\\\/?p=41864#primaryimage\",\"url\":\"https:\\\/\\\/victoriaaldia.com\\\/wp-content\\\/uploads\\\/2026\\\/08\\\/Captura-de-pantalla-2026-08-31-095124.png\",\"contentUrl\":\"https:\\\/\\\/victoriaaldia.com\\\/wp-content\\\/uploads\\\/2026\\\/08\\\/Captura-de-pantalla-2026-08-31-095124.png\",\"width\":764,\"height\":509},{\"@type\":\"BreadcrumbList\",\"@id\":\"https:\\\/\\\/victoriaaldia.com\\\/?p=41864#breadcrumb\",\"itemListElement\":[{\"@type\":\"ListItem\",\"position\":1,\"name\":\"Inicio\",\"item\":\"https:\\\/\\\/victoriaaldia.com\\\/\"},{\"@type\":\"ListItem\",\"position\":2,\"name\":\"La delegaci\u00f3n oficial del Vaticano ya trabaja con el Gobierno argentino para organizar la llegada del Papa Le\u00f3n\"}]},{\"@type\":\"WebSite\",\"@id\":\"https:\\\/\\\/victoriaaldia.com\\\/#website\",\"url\":\"https:\\\/\\\/victoriaaldia.com\\\/\",\"name\":\"Victoria Al D\u00eda\",\"description\":\"Diario Digital\",\"publisher\":{\"@id\":\"https:\\\/\\\/victoriaaldia.com\\\/#organization\"},\"potentialAction\":[{\"@type\":\"SearchAction\",\"target\":{\"@type\":\"EntryPoint\",\"urlTemplate\":\"https:\\\/\\\/victoriaaldia.com\\\/?s={search_term_string}\"},\"query-input\":{\"@type\":\"PropertyValueSpecification\",\"valueRequired\":true,\"valueName\":\"search_term_string\"}}],\"inLanguage\":\"es-AR\"},{\"@type\":\"Organization\",\"@id\":\"https:\\\/\\\/victoriaaldia.com\\\/#organization\",\"name\":\"Victoria Al D\u00eda\",\"url\":\"https:\\\/\\\/victoriaaldia.com\\\/\",\"logo\":{\"@type\":\"ImageObject\",\"inLanguage\":\"es-AR\",\"@id\":\"https:\\\/\\\/victoriaaldia.com\\\/#\\\/schema\\\/logo\\\/image\\\/\",\"url\":\"https:\\\/\\\/victoriaaldia.com\\\/wp-content\\\/uploads\\\/2023\\\/11\\\/logo.png\",\"contentUrl\":\"https:\\\/\\\/victoriaaldia.com\\\/wp-content\\\/uploads\\\/2023\\\/11\\\/logo.png\",\"width\":394,\"height\":128,\"caption\":\"Victoria Al D\u00eda\"},\"image\":{\"@id\":\"https:\\\/\\\/victoriaaldia.com\\\/#\\\/schema\\\/logo\\\/image\\\/\"}},{\"@type\":\"Person\",\"@id\":\"https:\\\/\\\/victoriaaldia.com\\\/#\\\/schema\\\/person\\\/2314e106bcb401e92ff95595d5c292ef\",\"name\":\"Victoria Al D\u00eda\",\"url\":\"https:\\\/\\\/victoriaaldia.com\\\/?author=3\"}]}<\/script>\n<!-- \/ Yoast SEO plugin. -->","yoast_head_json":{"title":"La delegaci\u00f3n oficial del Vaticano ya trabaja con el Gobierno argentino para organizar la llegada del Papa Le\u00f3n - Victoria Al D\u00eda","robots":{"index":"index","follow":"follow","max-snippet":"max-snippet:-1","max-image-preview":"max-image-preview:large","max-video-preview":"max-video-preview:-1"},"canonical":"https:\/\/victoriaaldia.com\/?p=41864","og_locale":"es_ES","og_type":"article","og_title":"La delegaci\u00f3n oficial del Vaticano ya trabaja con el Gobierno argentino para organizar la llegada del Papa Le\u00f3n - Victoria Al D\u00eda","og_description":"Junto a la Iglesia, ambas partes avanzan en la definici\u00f3n del itinerario, la log\u00edstica y el operativo de seguridad del&hellip;","og_url":"https:\/\/victoriaaldia.com\/?p=41864","og_site_name":"Victoria Al D\u00eda","article_published_time":"2026-08-31T12:53:23+00:00","og_image":[{"width":764,"height":509,"url":"http:\/\/victoriaaldia.com\/wp-content\/uploads\/2026\/08\/Captura-de-pantalla-2026-08-31-095124.png","type":"image\/png"}],"author":"Victoria Al D\u00eda","twitter_card":"summary_large_image","twitter_misc":{"Escrito por":"","Tiempo de lectura":"5 minutos"},"schema":{"@context":"https:\/\/schema.org","@graph":[{"@type":"Article","@id":"https:\/\/victoriaaldia.com\/?p=41864#article","isPartOf":{"@id":"https:\/\/victoriaaldia.com\/?p=41864"},"author":{"name":"Victoria Al D\u00eda","@id":"https:\/\/victoriaaldia.com\/#\/schema\/person\/2314e106bcb401e92ff95595d5c292ef"},"headline":"La delegaci\u00f3n oficial del Vaticano ya trabaja con el Gobierno argentino para organizar la llegada del Papa Le\u00f3n","datePublished":"2026-08-31T12:53:23+00:00","mainEntityOfPage":{"@id":"https:\/\/victoriaaldia.com\/?p=41864"},"wordCount":814,"publisher":{"@id":"https:\/\/victoriaaldia.com\/#organization"},"image":{"@id":"https:\/\/victoriaaldia.com\/?p=41864#primaryimage"},"thumbnailUrl":"https:\/\/victoriaaldia.com\/wp-content\/uploads\/2026\/08\/Captura-de-pantalla-2026-08-31-095124.png","articleSection":["Nacionales","Noticias","Sociedad"],"inLanguage":"es-AR"},{"@type":"WebPage","@id":"https:\/\/victoriaaldia.com\/?p=41864","url":"https:\/\/victoriaaldia.com\/?p=41864","name":"La delegaci\u00f3n oficial del Vaticano ya trabaja con el Gobierno argentino para organizar la llegada del Papa Le\u00f3n - Victoria Al D\u00eda","isPartOf":{"@id":"https:\/\/victoriaaldia.com\/#website"},"primaryImageOfPage":{"@id":"https:\/\/victoriaaldia.com\/?p=41864#primaryimage"},"image":{"@id":"https:\/\/victoriaaldia.com\/?p=41864#primaryimage"},"thumbnailUrl":"https:\/\/victoriaaldia.com\/wp-content\/uploads\/2026\/08\/Captura-de-pantalla-2026-08-31-095124.png","datePublished":"2026-08-31T12:53:23+00:00","breadcrumb":{"@id":"https:\/\/victoriaaldia.com\/?p=41864#breadcrumb"},"inLanguage":"es-AR","potentialAction":[{"@type":"ReadAction","target":["https:\/\/victoriaaldia.com\/?p=41864"]}]},{"@type":"ImageObject","inLanguage":"es-AR","@id":"https:\/\/victoriaaldia.com\/?p=41864#primaryimage","url":"https:\/\/victoriaaldia.com\/wp-content\/uploads\/2026\/08\/Captura-de-pantalla-2026-08-31-095124.png","contentUrl":"https:\/\/victoriaaldia.com\/wp-content\/uploads\/2026\/08\/Captura-de-pantalla-2026-08-31-095124.png","width":764,"height":509},{"@type":"BreadcrumbList","@id":"https:\/\/victoriaaldia.com\/?p=41864#breadcrumb","itemListElement":[{"@type":"ListItem","position":1,"name":"Inicio","item":"https:\/\/victoriaaldia.com\/"},{"@type":"ListItem","position":2,"name":"La delegaci\u00f3n oficial del Vaticano ya trabaja con el Gobierno argentino para organizar la llegada del Papa Le\u00f3n"}]},{"@type":"WebSite","@id":"https:\/\/victoriaaldia.com\/#website","url":"https:\/\/victoriaaldia.com\/","name":"Victoria Al D\u00eda","description":"Diario Digital","publisher":{"@id":"https:\/\/victoriaaldia.com\/#organization"},"potentialAction":[{"@type":"SearchAction","target":{"@type":"EntryPoint","urlTemplate":"https:\/\/victoriaaldia.com\/?s={search_term_string}"},"query-input":{"@type":"PropertyValueSpecification","valueRequired":true,"valueName":"search_term_string"}}],"inLanguage":"es-AR"},{"@type":"Organization","@id":"https:\/\/victoriaaldia.com\/#organization","name":"Victoria Al D\u00eda","url":"https:\/\/victoriaaldia.com\/","logo":{"@type":"ImageObject","inLanguage":"es-AR","@id":"https:\/\/victoriaaldia.com\/#\/schema\/logo\/image\/","url":"https:\/\/victoriaaldia.com\/wp-content\/uploads\/2023\/11\/logo.png","contentUrl":"https:\/\/victoriaaldia.com\/wp-content\/uploads\/2023\/11\/logo.png","width":394,"height":128,"caption":"Victoria Al D\u00eda"},"image":{"@id":"https:\/\/victoriaaldia.com\/#\/schema\/logo\/image\/"}},{"@type":"Person","@id":"https:\/\/victoriaaldia.com\/#\/schema\/person\/2314e106bcb401e92ff95595d5c292ef","name":"Victoria Al D\u00eda","url":"https:\/\/victoriaaldia.com\/?author=3"}]}},"_links":{"self":[{"href":"https:\/\/victoriaaldia.com\/index.php?rest_route=\/wp\/v2\/posts\/41864","targetHints":{"allow":["GET"]}}],"collection":[{"href":"https:\/\/victoriaaldia.com\/index.php?rest_route=\/wp\/v2\/posts"}],"about":[{"href":"https:\/\/victoriaaldia.com\/index.php?rest_route=\/wp\/v2\/types\/post"}],"author":[{"embeddable":true,"href":"https:\/\/victoriaaldia.com\/index.php?rest_route=\/wp\/v2\/users\/3"}],"replies":[{"embeddable":true,"href":"https:\/\/victoriaaldia.com\/index.php?rest_route=%2Fwp%2Fv2%2Fcomments&post=41864"}],"version-history":[{"count":1,"href":"https:\/\/victoriaaldia.com\/index.php?rest_route=\/wp\/v2\/posts\/41864\/revisions"}],"predecessor-version":[{"id":41866,"href":"https:\/\/victoriaaldia.com\/index.php?rest_route=\/wp\/v2\/posts\/41864\/revisions\/41866"}],"wp:featuredmedia":[{"embeddable":true,"href":"https:\/\/victoriaaldia.com\/index.php?rest_route=\/wp\/v2\/media\/41865"}],"wp:attachment":[{"href":"https:\/\/victoriaaldia.com\/index.php?rest_route=%2Fwp%2Fv2%2Fmedia&parent=41864"}],"wp:term":[{"taxonomy":"category","embeddable":true,"href":"https:\/\/victoriaaldia.com\/index.php?rest_route=%2Fwp%2Fv2%2Fcategories&post=41864"},{"taxonomy":"post_tag","embeddable":true,"href":"https:\/\/victoriaaldia.com\/index.php?rest_route=%2Fwp%2Fv2%2Ftags&post=41864"}],"curies":[{"name":"wp","href":"https:\/\/api.w.org\/{rel}","templated":true}]}}