{"id":41867,"date":"2026-08-31T10:44:02","date_gmt":"2026-08-31T13:44:02","guid":{"rendered":"https:\/\/victoriaaldia.com\/?p=41867"},"modified":"2026-08-31T10:44:02","modified_gmt":"2026-08-31T13:44:02","slug":"nuevas-escalas-salariales-para-las-fuerzas-federales-quienes-cobraran-mas-desde-septiembre","status":"publish","type":"post","link":"https:\/\/victoriaaldia.com\/?p=41867","title":{"rendered":"Nuevas escalas salariales para las fuerzas federales: qui\u00e9nes cobrar\u00e1n m\u00e1s desde septiembre"},"content":{"rendered":"<h2>Oficializaron aumentos<\/h2>\n<header class=\"cl-24 header-interior interior-top-1\">El Gobierno estableci\u00f3 nuevas escalas salariales desde septiembre para Gendarmer\u00eda, Prefectura, Polic\u00eda Federal, Polic\u00eda de Seguridad Aeroportuaria y Servicio Penitenciario Federal.<\/header>\n<header><\/header>\n<header>El Gobierno oficializ\u00f3 aumentos para las fuerzas federales de seguridad que comenzar\u00e1n a aplicarse desde este martes 1\u00ba de septiembre y tendr\u00e1n nuevas actualizaciones en octubre, noviembre y diciembre de 2026.<\/p>\n<p>&nbsp;<\/p>\n<p>La medida fue establecida mediante la Resoluci\u00f3n 844\/2026 del Ministerio de Seguridad Nacional, publicada este lunes en el Bolet\u00edn Oficial. La normativa alcanza a personal de Gendarmer\u00eda Nacional, Prefectura Naval Argentina, Polic\u00eda Federal Argentina (PFA), Polic\u00eda de Seguridad Aeroportuaria (PSA) y Servicio Penitenciario Federal (SPF).<\/p>\n<p>&nbsp;<\/p>\n<p>Seg\u00fan explic\u00f3 el Ministerio de Seguridad en los fundamentos de la resoluci\u00f3n, las nuevas escalas buscan reconocer la jerarquizaci\u00f3n del personal en funci\u00f3n de la \u201ccapacidad, responsabilidad y dedicaci\u00f3n\u201d requerida para el desarrollo de sus tareas.<\/p>\n<p>&nbsp;<\/p>\n<h3>Los aumentos comenzar\u00e1n en septiembre<\/h3>\n<p>&nbsp;<\/p>\n<p>Las nuevas escalas tendr\u00e1n cuatro etapas. Los valores comenzar\u00e1n a regir desde el 1\u00ba de septiembre y posteriormente ser\u00e1n actualizados desde el 1\u00ba de octubre, 1\u00ba de noviembre y 1\u00ba de diciembre.<\/p>\n<p>&nbsp;<\/p>\n<p>En el caso de la Gendarmer\u00eda Nacional, se actualizar\u00e1 el haber mensual correspondiente a los distintos grados del personal en actividad. Tambi\u00e9n aumentar\u00e1n los importes del suplemento por Funciones de Prevenci\u00f3n Barrial y la compensaci\u00f3n por Recargo de Servicio.<\/p>\n<p>&nbsp;<\/p>\n<p>Para la Prefectura Naval Argentina, la resoluci\u00f3n estableci\u00f3 nuevos haberes mensuales seg\u00fan los diferentes grados y actualiz\u00f3 la compensaci\u00f3n correspondiente al Recargo de Servicio.<\/p>\n<\/header>\n<h3>Polic\u00eda Federal y servicios adicionales<\/h3>\n<p>&nbsp;<\/p>\n<p>La medida tambi\u00e9n comprende al personal en actividad de la Polic\u00eda Federal Argentina, para el cual se establecieron nuevos valores salariales que se aplicar\u00e1n durante los cuatro meses alcanzados por la resoluci\u00f3n.<\/p>\n<p>&nbsp;<\/p>\n<p>En este caso, adem\u00e1s de los haberes correspondientes a las distintas jerarqu\u00edas, ser\u00e1n actualizados el suplemento por Zona, el Servicio de Polic\u00eda Adicional y diferentes compensaciones.<\/p>\n<p>&nbsp;<\/p>\n<p>Tambi\u00e9n se fijaron nuevos importes para el denominado complemento por responsabilidad jer\u00e1rquica que reciben las m\u00e1ximas autoridades de Gendarmer\u00eda, Prefectura y Polic\u00eda Federal.<\/p>\n<p>&nbsp;<\/p>\n<h3>Tambi\u00e9n alcanza a la PSA<\/h3>\n<p>&nbsp;<\/p>\n<p>La Polic\u00eda de Seguridad Aeroportuaria qued\u00f3 incorporada al esquema de actualizaci\u00f3n. La resoluci\u00f3n modific\u00f3 diferentes componentes salariales correspondientes a su personal policial y la compensaci\u00f3n por Recargo de Servicio.<\/p>\n<p>&nbsp;<\/p>\n<p>De esta manera, las cuatro fuerzas policiales y de seguridad federales tendr\u00e1n modificaciones en distintos componentes de sus ingresos desde septiembre y nuevas actualizaciones durante los tres meses siguientes.<\/p>\n<p>&nbsp;<\/p>\n<p>Los valores var\u00edan seg\u00fan la fuerza, el grado, la jerarqu\u00eda y los suplementos correspondientes a cada agente, por lo que no existe un \u00fanico monto salarial aplicable a todo el personal alcanzado.<\/p>\n<p>&nbsp;<\/p>\n<h3>Nuevos valores para el Servicio Penitenciario Federal<\/h3>\n<p>&nbsp;<\/p>\n<p>La resoluci\u00f3n tambi\u00e9n actualiz\u00f3 los ingresos correspondientes al Servicio Penitenciario Federal, incluyendo el haber mensual y diferentes adicionales y compensaciones.<\/p>\n<p>&nbsp;<\/p>\n<p>Entre los conceptos modificados se encuentran las compensaciones por Fijaci\u00f3n de Domicilio y Variabilidad de Vivienda, el complemento por Funci\u00f3n Ejecutiva y los suplementos por Zona Sur y T\u00edtulo Acad\u00e9mico.<\/p>\n<p>&nbsp;<\/p>\n<p>Tambi\u00e9n se actualizar\u00e1n el R\u00e9gimen de Vi\u00e1ticos, el Resarcimiento de Gastos y el Reintegro de Gastos de Sepelio correspondientes al personal penitenciario.<\/p>\n<h3>Desde cu\u00e1ndo rigen las nuevas escalas<\/h3>\n<p>&nbsp;<\/p>\n<p>El primer tramo comenzar\u00e1 a regir este martes 1\u00ba de septiembre de 2026, mientras que posteriormente se aplicar\u00e1n los valores establecidos para octubre, noviembre y diciembre.<\/p>\n<p>&nbsp;<\/p>\n<p>La Resoluci\u00f3n 844\/2026 fue firmada por la ministra de Seguridad Nacional, Alejandra Monteoliva, y establece que el costo de las actualizaciones ser\u00e1 atendido con los cr\u00e9ditos asignados a esa cartera.<\/p>\n<p>&nbsp;<\/p>\n<p>A diferencia del acuerdo salarial establecido para los empleados de la Administraci\u00f3n P\u00fablica Nacional, la resoluci\u00f3n correspondiente a las fuerzas no fija un \u00fanico porcentaje general de aumento, sino nuevos valores para cada fuerza, grado, jerarqu\u00eda, suplemento y compensaci\u00f3n.<\/p>\n<h3>Desde cu\u00e1ndo rigen las nuevas escalas<\/h3>\n<p>&nbsp;<\/p>\n<p>El primer tramo comenzar\u00e1 a regir este martes 1\u00ba de septiembre de 2026, mientras que posteriormente se aplicar\u00e1n los valores establecidos para octubre, noviembre y diciembre.<\/p>\n<p>&nbsp;<\/p>\n<p>La Resoluci\u00f3n 844\/2026 fue firmada por la ministra de Seguridad Nacional, Alejandra Monteoliva, y establece que el costo de las actualizaciones ser\u00e1 atendido con los cr\u00e9ditos asignados a esa cartera.<\/p>\n<p>&nbsp;<\/p>\n<p>A diferencia del acuerdo salarial establecido para los empleados de la Administraci\u00f3n P\u00fablica Nacional, la resoluci\u00f3n correspondiente a las fuerzas no fija un \u00fanico porcentaje general de aumento, sino nuevos valores para cada fuerza, grado, jerarqu\u00eda, suplemento y compensaci\u00f3n. Fuente: El Once<\/p>\n<p><a href=\"https:\/\/victoriaaldia.com\/?attachment_id=9273\" rel=\"attachment wp-att-9273\"><img loading=\"lazy\" decoding=\"async\" class=\"aligncenter size-full wp-image-9273\" src=\"http:\/\/victoriaaldia.com\/wp-content\/uploads\/2023\/11\/el-progreso.png\" alt=\"\" width=\"720\" height=\"90\" srcset=\"https:\/\/victoriaaldia.com\/wp-content\/uploads\/2023\/11\/el-progreso.png 720w, https:\/\/victoriaaldia.com\/wp-content\/uploads\/2023\/11\/el-progreso-300x38.png 300w\" sizes=\"auto, (max-width: 720px) 100vw, 720px\" \/><\/a><\/p>\n","protected":false},"excerpt":{"rendered":"<p>Oficializaron aumentos El Gobierno estableci\u00f3 nuevas escalas salariales desde septiembre para Gendarmer\u00eda, Prefectura, Polic\u00eda Federal, Polic\u00eda de Seguridad Aeroportuaria y&hellip;<\/p>\n","protected":false},"author":3,"featured_media":41868,"comment_status":"closed","ping_status":"closed","sticky":false,"template":"","format":"standard","meta":{"nogoya_volanta":"","nogoya_breaking":false,"nogoya_exclusive":false,"footnotes":""},"categories":[19,4,3],"tags":[],"class_list":["post-41867","post","type-post","status-publish","format-standard","has-post-thumbnail","hentry","category-economia","category-nacionales","category-noticias"],"yoast_head":"<!-- This site is optimized with the Yoast SEO plugin v28.3 - https:\/\/yoast.com\/product\/yoast-seo-wordpress\/ -->\n<title>Nuevas escalas salariales para las fuerzas federales: qui\u00e9nes cobrar\u00e1n m\u00e1s desde septiembre - Victoria Al D\u00eda<\/title>\n<meta name=\"robots\" content=\"index, follow, max-snippet:-1, max-image-preview:large, max-video-preview:-1\" \/>\n<link rel=\"canonical\" href=\"https:\/\/victoriaaldia.com\/?p=41867\" \/>\n<meta property=\"og:locale\" content=\"es_ES\" \/>\n<meta property=\"og:type\" content=\"article\" \/>\n<meta property=\"og:title\" content=\"Nuevas escalas salariales para las fuerzas federales: qui\u00e9nes cobrar\u00e1n m\u00e1s desde septiembre - Victoria Al D\u00eda\" \/>\n<meta property=\"og:description\" content=\"Oficializaron aumentos El Gobierno estableci\u00f3 nuevas escalas salariales desde septiembre para Gendarmer\u00eda, Prefectura, Polic\u00eda Federal, Polic\u00eda de Seguridad Aeroportuaria y&hellip;\" \/>\n<meta property=\"og:url\" content=\"https:\/\/victoriaaldia.com\/?p=41867\" \/>\n<meta property=\"og:site_name\" content=\"Victoria Al D\u00eda\" \/>\n<meta property=\"article:published_time\" content=\"2026-08-31T13:44:02+00:00\" \/>\n<meta property=\"og:image\" content=\"http:\/\/victoriaaldia.com\/wp-content\/uploads\/2026\/08\/Captura-de-pantalla-2026-08-31-103954.png\" \/>\n\t<meta property=\"og:image:width\" content=\"765\" \/>\n\t<meta property=\"og:image:height\" content=\"508\" \/>\n\t<meta property=\"og:image:type\" content=\"image\/png\" \/>\n<meta name=\"author\" content=\"Victoria Al D\u00eda\" \/>\n<meta name=\"twitter:card\" content=\"summary_large_image\" \/>\n<meta name=\"twitter:label1\" content=\"Escrito por\" \/>\n\t<meta name=\"twitter:data1\" content=\"\" \/>\n\t<meta name=\"twitter:label2\" content=\"Tiempo de lectura\" \/>\n\t<meta name=\"twitter:data2\" content=\"4 minutos\" \/>\n<script type=\"application\/ld+json\" class=\"yoast-schema-graph\">{\"@context\":\"https:\\\/\\\/schema.org\",\"@graph\":[{\"@type\":\"Article\",\"@id\":\"https:\\\/\\\/victoriaaldia.com\\\/?p=41867#article\",\"isPartOf\":{\"@id\":\"https:\\\/\\\/victoriaaldia.com\\\/?p=41867\"},\"author\":{\"name\":\"Victoria Al D\u00eda\",\"@id\":\"https:\\\/\\\/victoriaaldia.com\\\/#\\\/schema\\\/person\\\/2314e106bcb401e92ff95595d5c292ef\"},\"headline\":\"Nuevas escalas salariales para las fuerzas federales: qui\u00e9nes cobrar\u00e1n m\u00e1s desde septiembre\",\"datePublished\":\"2026-08-31T13:44:02+00:00\",\"mainEntityOfPage\":{\"@id\":\"https:\\\/\\\/victoriaaldia.com\\\/?p=41867\"},\"wordCount\":803,\"publisher\":{\"@id\":\"https:\\\/\\\/victoriaaldia.com\\\/#organization\"},\"image\":{\"@id\":\"https:\\\/\\\/victoriaaldia.com\\\/?p=41867#primaryimage\"},\"thumbnailUrl\":\"https:\\\/\\\/victoriaaldia.com\\\/wp-content\\\/uploads\\\/2026\\\/08\\\/Captura-de-pantalla-2026-08-31-103954.png\",\"articleSection\":[\"Econom\u00eda\",\"Nacionales\",\"Noticias\"],\"inLanguage\":\"es-AR\"},{\"@type\":\"WebPage\",\"@id\":\"https:\\\/\\\/victoriaaldia.com\\\/?p=41867\",\"url\":\"https:\\\/\\\/victoriaaldia.com\\\/?p=41867\",\"name\":\"Nuevas escalas salariales para las fuerzas federales: qui\u00e9nes cobrar\u00e1n m\u00e1s desde septiembre - Victoria Al D\u00eda\",\"isPartOf\":{\"@id\":\"https:\\\/\\\/victoriaaldia.com\\\/#website\"},\"primaryImageOfPage\":{\"@id\":\"https:\\\/\\\/victoriaaldia.com\\\/?p=41867#primaryimage\"},\"image\":{\"@id\":\"https:\\\/\\\/victoriaaldia.com\\\/?p=41867#primaryimage\"},\"thumbnailUrl\":\"https:\\\/\\\/victoriaaldia.com\\\/wp-content\\\/uploads\\\/2026\\\/08\\\/Captura-de-pantalla-2026-08-31-103954.png\",\"datePublished\":\"2026-08-31T13:44:02+00:00\",\"breadcrumb\":{\"@id\":\"https:\\\/\\\/victoriaaldia.com\\\/?p=41867#breadcrumb\"},\"inLanguage\":\"es-AR\",\"potentialAction\":[{\"@type\":\"ReadAction\",\"target\":[\"https:\\\/\\\/victoriaaldia.com\\\/?p=41867\"]}]},{\"@type\":\"ImageObject\",\"inLanguage\":\"es-AR\",\"@id\":\"https:\\\/\\\/victoriaaldia.com\\\/?p=41867#primaryimage\",\"url\":\"https:\\\/\\\/victoriaaldia.com\\\/wp-content\\\/uploads\\\/2026\\\/08\\\/Captura-de-pantalla-2026-08-31-103954.png\",\"contentUrl\":\"https:\\\/\\\/victoriaaldia.com\\\/wp-content\\\/uploads\\\/2026\\\/08\\\/Captura-de-pantalla-2026-08-31-103954.png\",\"width\":765,\"height\":508},{\"@type\":\"BreadcrumbList\",\"@id\":\"https:\\\/\\\/victoriaaldia.com\\\/?p=41867#breadcrumb\",\"itemListElement\":[{\"@type\":\"ListItem\",\"position\":1,\"name\":\"Inicio\",\"item\":\"https:\\\/\\\/victoriaaldia.com\\\/\"},{\"@type\":\"ListItem\",\"position\":2,\"name\":\"Nuevas escalas salariales para las fuerzas federales: qui\u00e9nes cobrar\u00e1n m\u00e1s desde septiembre\"}]},{\"@type\":\"WebSite\",\"@id\":\"https:\\\/\\\/victoriaaldia.com\\\/#website\",\"url\":\"https:\\\/\\\/victoriaaldia.com\\\/\",\"name\":\"Victoria Al D\u00eda\",\"description\":\"Diario Digital\",\"publisher\":{\"@id\":\"https:\\\/\\\/victoriaaldia.com\\\/#organization\"},\"potentialAction\":[{\"@type\":\"SearchAction\",\"target\":{\"@type\":\"EntryPoint\",\"urlTemplate\":\"https:\\\/\\\/victoriaaldia.com\\\/?s={search_term_string}\"},\"query-input\":{\"@type\":\"PropertyValueSpecification\",\"valueRequired\":true,\"valueName\":\"search_term_string\"}}],\"inLanguage\":\"es-AR\"},{\"@type\":\"Organization\",\"@id\":\"https:\\\/\\\/victoriaaldia.com\\\/#organization\",\"name\":\"Victoria Al D\u00eda\",\"url\":\"https:\\\/\\\/victoriaaldia.com\\\/\",\"logo\":{\"@type\":\"ImageObject\",\"inLanguage\":\"es-AR\",\"@id\":\"https:\\\/\\\/victoriaaldia.com\\\/#\\\/schema\\\/logo\\\/image\\\/\",\"url\":\"https:\\\/\\\/victoriaaldia.com\\\/wp-content\\\/uploads\\\/2023\\\/11\\\/logo.png\",\"contentUrl\":\"https:\\\/\\\/victoriaaldia.com\\\/wp-content\\\/uploads\\\/2023\\\/11\\\/logo.png\",\"width\":394,\"height\":128,\"caption\":\"Victoria Al D\u00eda\"},\"image\":{\"@id\":\"https:\\\/\\\/victoriaaldia.com\\\/#\\\/schema\\\/logo\\\/image\\\/\"}},{\"@type\":\"Person\",\"@id\":\"https:\\\/\\\/victoriaaldia.com\\\/#\\\/schema\\\/person\\\/2314e106bcb401e92ff95595d5c292ef\",\"name\":\"Victoria Al D\u00eda\",\"url\":\"https:\\\/\\\/victoriaaldia.com\\\/?author=3\"}]}<\/script>\n<!-- \/ Yoast SEO plugin. -->","yoast_head_json":{"title":"Nuevas escalas salariales para las fuerzas federales: qui\u00e9nes cobrar\u00e1n m\u00e1s desde septiembre - Victoria Al D\u00eda","robots":{"index":"index","follow":"follow","max-snippet":"max-snippet:-1","max-image-preview":"max-image-preview:large","max-video-preview":"max-video-preview:-1"},"canonical":"https:\/\/victoriaaldia.com\/?p=41867","og_locale":"es_ES","og_type":"article","og_title":"Nuevas escalas salariales para las fuerzas federales: qui\u00e9nes cobrar\u00e1n m\u00e1s desde septiembre - Victoria Al D\u00eda","og_description":"Oficializaron aumentos El Gobierno estableci\u00f3 nuevas escalas salariales desde septiembre para Gendarmer\u00eda, Prefectura, Polic\u00eda Federal, Polic\u00eda de Seguridad Aeroportuaria y&hellip;","og_url":"https:\/\/victoriaaldia.com\/?p=41867","og_site_name":"Victoria Al D\u00eda","article_published_time":"2026-08-31T13:44:02+00:00","og_image":[{"width":765,"height":508,"url":"http:\/\/victoriaaldia.com\/wp-content\/uploads\/2026\/08\/Captura-de-pantalla-2026-08-31-103954.png","type":"image\/png"}],"author":"Victoria Al D\u00eda","twitter_card":"summary_large_image","twitter_misc":{"Escrito por":"","Tiempo de lectura":"4 minutos"},"schema":{"@context":"https:\/\/schema.org","@graph":[{"@type":"Article","@id":"https:\/\/victoriaaldia.com\/?p=41867#article","isPartOf":{"@id":"https:\/\/victoriaaldia.com\/?p=41867"},"author":{"name":"Victoria Al D\u00eda","@id":"https:\/\/victoriaaldia.com\/#\/schema\/person\/2314e106bcb401e92ff95595d5c292ef"},"headline":"Nuevas escalas salariales para las fuerzas federales: qui\u00e9nes cobrar\u00e1n m\u00e1s desde septiembre","datePublished":"2026-08-31T13:44:02+00:00","mainEntityOfPage":{"@id":"https:\/\/victoriaaldia.com\/?p=41867"},"wordCount":803,"publisher":{"@id":"https:\/\/victoriaaldia.com\/#organization"},"image":{"@id":"https:\/\/victoriaaldia.com\/?p=41867#primaryimage"},"thumbnailUrl":"https:\/\/victoriaaldia.com\/wp-content\/uploads\/2026\/08\/Captura-de-pantalla-2026-08-31-103954.png","articleSection":["Econom\u00eda","Nacionales","Noticias"],"inLanguage":"es-AR"},{"@type":"WebPage","@id":"https:\/\/victoriaaldia.com\/?p=41867","url":"https:\/\/victoriaaldia.com\/?p=41867","name":"Nuevas escalas salariales para las fuerzas federales: qui\u00e9nes cobrar\u00e1n m\u00e1s desde septiembre - Victoria Al D\u00eda","isPartOf":{"@id":"https:\/\/victoriaaldia.com\/#website"},"primaryImageOfPage":{"@id":"https:\/\/victoriaaldia.com\/?p=41867#primaryimage"},"image":{"@id":"https:\/\/victoriaaldia.com\/?p=41867#primaryimage"},"thumbnailUrl":"https:\/\/victoriaaldia.com\/wp-content\/uploads\/2026\/08\/Captura-de-pantalla-2026-08-31-103954.png","datePublished":"2026-08-31T13:44:02+00:00","breadcrumb":{"@id":"https:\/\/victoriaaldia.com\/?p=41867#breadcrumb"},"inLanguage":"es-AR","potentialAction":[{"@type":"ReadAction","target":["https:\/\/victoriaaldia.com\/?p=41867"]}]},{"@type":"ImageObject","inLanguage":"es-AR","@id":"https:\/\/victoriaaldia.com\/?p=41867#primaryimage","url":"https:\/\/victoriaaldia.com\/wp-content\/uploads\/2026\/08\/Captura-de-pantalla-2026-08-31-103954.png","contentUrl":"https:\/\/victoriaaldia.com\/wp-content\/uploads\/2026\/08\/Captura-de-pantalla-2026-08-31-103954.png","width":765,"height":508},{"@type":"BreadcrumbList","@id":"https:\/\/victoriaaldia.com\/?p=41867#breadcrumb","itemListElement":[{"@type":"ListItem","position":1,"name":"Inicio","item":"https:\/\/victoriaaldia.com\/"},{"@type":"ListItem","position":2,"name":"Nuevas escalas salariales para las fuerzas federales: qui\u00e9nes cobrar\u00e1n m\u00e1s desde septiembre"}]},{"@type":"WebSite","@id":"https:\/\/victoriaaldia.com\/#website","url":"https:\/\/victoriaaldia.com\/","name":"Victoria Al D\u00eda","description":"Diario Digital","publisher":{"@id":"https:\/\/victoriaaldia.com\/#organization"},"potentialAction":[{"@type":"SearchAction","target":{"@type":"EntryPoint","urlTemplate":"https:\/\/victoriaaldia.com\/?s={search_term_string}"},"query-input":{"@type":"PropertyValueSpecification","valueRequired":true,"valueName":"search_term_string"}}],"inLanguage":"es-AR"},{"@type":"Organization","@id":"https:\/\/victoriaaldia.com\/#organization","name":"Victoria Al D\u00eda","url":"https:\/\/victoriaaldia.com\/","logo":{"@type":"ImageObject","inLanguage":"es-AR","@id":"https:\/\/victoriaaldia.com\/#\/schema\/logo\/image\/","url":"https:\/\/victoriaaldia.com\/wp-content\/uploads\/2023\/11\/logo.png","contentUrl":"https:\/\/victoriaaldia.com\/wp-content\/uploads\/2023\/11\/logo.png","width":394,"height":128,"caption":"Victoria Al D\u00eda"},"image":{"@id":"https:\/\/victoriaaldia.com\/#\/schema\/logo\/image\/"}},{"@type":"Person","@id":"https:\/\/victoriaaldia.com\/#\/schema\/person\/2314e106bcb401e92ff95595d5c292ef","name":"Victoria Al D\u00eda","url":"https:\/\/victoriaaldia.com\/?author=3"}]}},"_links":{"self":[{"href":"https:\/\/victoriaaldia.com\/index.php?rest_route=\/wp\/v2\/posts\/41867","targetHints":{"allow":["GET"]}}],"collection":[{"href":"https:\/\/victoriaaldia.com\/index.php?rest_route=\/wp\/v2\/posts"}],"about":[{"href":"https:\/\/victoriaaldia.com\/index.php?rest_route=\/wp\/v2\/types\/post"}],"author":[{"embeddable":true,"href":"https:\/\/victoriaaldia.com\/index.php?rest_route=\/wp\/v2\/users\/3"}],"replies":[{"embeddable":true,"href":"https:\/\/victoriaaldia.com\/index.php?rest_route=%2Fwp%2Fv2%2Fcomments&post=41867"}],"version-history":[{"count":1,"href":"https:\/\/victoriaaldia.com\/index.php?rest_route=\/wp\/v2\/posts\/41867\/revisions"}],"predecessor-version":[{"id":41869,"href":"https:\/\/victoriaaldia.com\/index.php?rest_route=\/wp\/v2\/posts\/41867\/revisions\/41869"}],"wp:featuredmedia":[{"embeddable":true,"href":"https:\/\/victoriaaldia.com\/index.php?rest_route=\/wp\/v2\/media\/41868"}],"wp:attachment":[{"href":"https:\/\/victoriaaldia.com\/index.php?rest_route=%2Fwp%2Fv2%2Fmedia&parent=41867"}],"wp:term":[{"taxonomy":"category","embeddable":true,"href":"https:\/\/victoriaaldia.com\/index.php?rest_route=%2Fwp%2Fv2%2Fcategories&post=41867"},{"taxonomy":"post_tag","embeddable":true,"href":"https:\/\/victoriaaldia.com\/index.php?rest_route=%2Fwp%2Fv2%2Ftags&post=41867"}],"curies":[{"name":"wp","href":"https:\/\/api.w.org\/{rel}","templated":true}]}}