{"id":41879,"date":"2026-08-31T11:13:11","date_gmt":"2026-08-31T14:13:11","guid":{"rendered":"https:\/\/victoriaaldia.com\/?p=41879"},"modified":"2026-08-31T11:13:11","modified_gmt":"2026-08-31T14:13:11","slug":"carnaval-infantil-los-animalitos-del-humedal","status":"publish","type":"post","link":"https:\/\/victoriaaldia.com\/?p=41879","title":{"rendered":"Carnaval Infantil: Los animalitos del Humedal"},"content":{"rendered":"<div class=\"xdj266r x14z9mp xat24cr x1lziwak x1vvkbs x126k92a\">\n<h2 dir=\"auto\">Victoria<\/h2>\n<\/div>\n<div class=\"x14z9mp xat24cr x1lziwak x1vvkbs xtlvy1s x126k92a\">\n<div dir=\"auto\">Desde la Municipalidad de Victoria acompa\u00f1amos la iniciativa \u201cCarnaval Infantil: Los animalitos del humedal\u201d, una propuesta de la Escuela Secundaria y Superior Nro. 1 &#8220;Ra\u00fal Trucco&#8221; de Artes Visuales, que se llev\u00f3 adelante frente al Palacio Municipal y que fue declarada de inter\u00e9s cultural.<\/div>\n<div dir=\"auto\"><\/div>\n<div dir=\"auto\">La jornada tambi\u00e9n cont\u00f3 con la participaci\u00f3n de la Escuela Municipal de M\u00fasica &#8220;Justo Jos\u00e9 de Urquiza&#8221;.<\/div>\n<\/div>\n<div dir=\"auto\"><\/div>\n<div dir=\"auto\"><a href=\"https:\/\/victoriaaldia.com\/?attachment_id=41880\" rel=\"attachment wp-att-41880\"><img loading=\"lazy\" decoding=\"async\" class=\"aligncenter size-full wp-image-41880\" src=\"http:\/\/victoriaaldia.com\/wp-content\/uploads\/2026\/08\/20.jpg\" alt=\"\" width=\"2048\" height=\"1366\" srcset=\"https:\/\/victoriaaldia.com\/wp-content\/uploads\/2026\/08\/20.jpg 2048w, https:\/\/victoriaaldia.com\/wp-content\/uploads\/2026\/08\/20-300x200.jpg 300w, https:\/\/victoriaaldia.com\/wp-content\/uploads\/2026\/08\/20-1024x683.jpg 1024w, https:\/\/victoriaaldia.com\/wp-content\/uploads\/2026\/08\/20-768x512.jpg 768w, https:\/\/victoriaaldia.com\/wp-content\/uploads\/2026\/08\/20-1536x1025.jpg 1536w\" sizes=\"auto, (max-width: 2048px) 100vw, 2048px\" \/><\/a> <a href=\"https:\/\/victoriaaldia.com\/?attachment_id=41881\" rel=\"attachment wp-att-41881\"><img loading=\"lazy\" decoding=\"async\" class=\"aligncenter size-full wp-image-41881\" src=\"http:\/\/victoriaaldia.com\/wp-content\/uploads\/2026\/08\/19.jpg\" alt=\"\" width=\"2048\" height=\"1365\" srcset=\"https:\/\/victoriaaldia.com\/wp-content\/uploads\/2026\/08\/19.jpg 2048w, https:\/\/victoriaaldia.com\/wp-content\/uploads\/2026\/08\/19-300x200.jpg 300w, https:\/\/victoriaaldia.com\/wp-content\/uploads\/2026\/08\/19-1024x683.jpg 1024w, https:\/\/victoriaaldia.com\/wp-content\/uploads\/2026\/08\/19-768x512.jpg 768w, https:\/\/victoriaaldia.com\/wp-content\/uploads\/2026\/08\/19-1536x1024.jpg 1536w\" sizes=\"auto, (max-width: 2048px) 100vw, 2048px\" \/><\/a> <a href=\"https:\/\/victoriaaldia.com\/?attachment_id=41882\" rel=\"attachment wp-att-41882\"><img loading=\"lazy\" decoding=\"async\" class=\"aligncenter size-full wp-image-41882\" src=\"http:\/\/victoriaaldia.com\/wp-content\/uploads\/2026\/08\/18.jpg\" alt=\"\" width=\"2048\" height=\"1366\" srcset=\"https:\/\/victoriaaldia.com\/wp-content\/uploads\/2026\/08\/18.jpg 2048w, https:\/\/victoriaaldia.com\/wp-content\/uploads\/2026\/08\/18-300x200.jpg 300w, https:\/\/victoriaaldia.com\/wp-content\/uploads\/2026\/08\/18-1024x683.jpg 1024w, https:\/\/victoriaaldia.com\/wp-content\/uploads\/2026\/08\/18-768x512.jpg 768w, https:\/\/victoriaaldia.com\/wp-content\/uploads\/2026\/08\/18-1536x1025.jpg 1536w\" sizes=\"auto, (max-width: 2048px) 100vw, 2048px\" \/><\/a> <a href=\"https:\/\/victoriaaldia.com\/?attachment_id=41883\" rel=\"attachment wp-att-41883\"><img loading=\"lazy\" decoding=\"async\" class=\"aligncenter size-full wp-image-41883\" src=\"http:\/\/victoriaaldia.com\/wp-content\/uploads\/2026\/08\/17.jpg\" alt=\"\" width=\"2048\" height=\"1365\" srcset=\"https:\/\/victoriaaldia.com\/wp-content\/uploads\/2026\/08\/17.jpg 2048w, https:\/\/victoriaaldia.com\/wp-content\/uploads\/2026\/08\/17-300x200.jpg 300w, https:\/\/victoriaaldia.com\/wp-content\/uploads\/2026\/08\/17-1024x683.jpg 1024w, https:\/\/victoriaaldia.com\/wp-content\/uploads\/2026\/08\/17-768x512.jpg 768w, https:\/\/victoriaaldia.com\/wp-content\/uploads\/2026\/08\/17-1536x1024.jpg 1536w\" sizes=\"auto, (max-width: 2048px) 100vw, 2048px\" \/><\/a> <a href=\"https:\/\/victoriaaldia.com\/?attachment_id=41884\" rel=\"attachment wp-att-41884\"><img loading=\"lazy\" decoding=\"async\" class=\"aligncenter size-full wp-image-41884\" src=\"http:\/\/victoriaaldia.com\/wp-content\/uploads\/2026\/08\/16.jpg\" alt=\"\" width=\"2048\" height=\"1365\" srcset=\"https:\/\/victoriaaldia.com\/wp-content\/uploads\/2026\/08\/16.jpg 2048w, https:\/\/victoriaaldia.com\/wp-content\/uploads\/2026\/08\/16-300x200.jpg 300w, https:\/\/victoriaaldia.com\/wp-content\/uploads\/2026\/08\/16-1024x683.jpg 1024w, https:\/\/victoriaaldia.com\/wp-content\/uploads\/2026\/08\/16-768x512.jpg 768w, https:\/\/victoriaaldia.com\/wp-content\/uploads\/2026\/08\/16-1536x1024.jpg 1536w\" sizes=\"auto, (max-width: 2048px) 100vw, 2048px\" \/><\/a> <a href=\"https:\/\/victoriaaldia.com\/?attachment_id=41886\" rel=\"attachment wp-att-41886\"><img loading=\"lazy\" decoding=\"async\" class=\"aligncenter size-full wp-image-41886\" src=\"http:\/\/victoriaaldia.com\/wp-content\/uploads\/2026\/08\/14.jpg\" alt=\"\" width=\"2048\" height=\"1365\" srcset=\"https:\/\/victoriaaldia.com\/wp-content\/uploads\/2026\/08\/14.jpg 2048w, https:\/\/victoriaaldia.com\/wp-content\/uploads\/2026\/08\/14-300x200.jpg 300w, https:\/\/victoriaaldia.com\/wp-content\/uploads\/2026\/08\/14-1024x683.jpg 1024w, https:\/\/victoriaaldia.com\/wp-content\/uploads\/2026\/08\/14-768x512.jpg 768w, https:\/\/victoriaaldia.com\/wp-content\/uploads\/2026\/08\/14-1536x1024.jpg 1536w\" sizes=\"auto, (max-width: 2048px) 100vw, 2048px\" \/><\/a> <a href=\"https:\/\/victoriaaldia.com\/?attachment_id=41887\" rel=\"attachment wp-att-41887\"><img loading=\"lazy\" decoding=\"async\" class=\"aligncenter size-full wp-image-41887\" src=\"http:\/\/victoriaaldia.com\/wp-content\/uploads\/2026\/08\/13.jpg\" alt=\"\" width=\"2048\" height=\"1366\" srcset=\"https:\/\/victoriaaldia.com\/wp-content\/uploads\/2026\/08\/13.jpg 2048w, https:\/\/victoriaaldia.com\/wp-content\/uploads\/2026\/08\/13-300x200.jpg 300w, https:\/\/victoriaaldia.com\/wp-content\/uploads\/2026\/08\/13-1024x683.jpg 1024w, https:\/\/victoriaaldia.com\/wp-content\/uploads\/2026\/08\/13-768x512.jpg 768w, https:\/\/victoriaaldia.com\/wp-content\/uploads\/2026\/08\/13-1536x1025.jpg 1536w\" sizes=\"auto, (max-width: 2048px) 100vw, 2048px\" \/><\/a> <a href=\"https:\/\/victoriaaldia.com\/?attachment_id=41888\" rel=\"attachment wp-att-41888\"><img loading=\"lazy\" decoding=\"async\" class=\"aligncenter size-full wp-image-41888\" src=\"http:\/\/victoriaaldia.com\/wp-content\/uploads\/2026\/08\/12.jpg\" alt=\"\" width=\"2048\" height=\"1366\" srcset=\"https:\/\/victoriaaldia.com\/wp-content\/uploads\/2026\/08\/12.jpg 2048w, https:\/\/victoriaaldia.com\/wp-content\/uploads\/2026\/08\/12-300x200.jpg 300w, https:\/\/victoriaaldia.com\/wp-content\/uploads\/2026\/08\/12-1024x683.jpg 1024w, https:\/\/victoriaaldia.com\/wp-content\/uploads\/2026\/08\/12-768x512.jpg 768w, https:\/\/victoriaaldia.com\/wp-content\/uploads\/2026\/08\/12-1536x1025.jpg 1536w\" sizes=\"auto, (max-width: 2048px) 100vw, 2048px\" \/><\/a> <a href=\"https:\/\/victoriaaldia.com\/?attachment_id=41889\" rel=\"attachment wp-att-41889\"><img loading=\"lazy\" decoding=\"async\" class=\"aligncenter size-full wp-image-41889\" src=\"http:\/\/victoriaaldia.com\/wp-content\/uploads\/2026\/08\/11.jpg\" alt=\"\" width=\"2048\" height=\"1365\" srcset=\"https:\/\/victoriaaldia.com\/wp-content\/uploads\/2026\/08\/11.jpg 2048w, https:\/\/victoriaaldia.com\/wp-content\/uploads\/2026\/08\/11-300x200.jpg 300w, https:\/\/victoriaaldia.com\/wp-content\/uploads\/2026\/08\/11-1024x683.jpg 1024w, https:\/\/victoriaaldia.com\/wp-content\/uploads\/2026\/08\/11-768x512.jpg 768w, https:\/\/victoriaaldia.com\/wp-content\/uploads\/2026\/08\/11-1536x1024.jpg 1536w\" sizes=\"auto, (max-width: 2048px) 100vw, 2048px\" \/><\/a><\/div>\n<div dir=\"auto\"><a href=\"https:\/\/victoriaaldia.com\/?attachment_id=16397\" rel=\"attachment wp-att-16397\"><img loading=\"lazy\" decoding=\"async\" class=\"aligncenter size-full wp-image-16397\" src=\"http:\/\/victoriaaldia.com\/wp-content\/uploads\/2023\/06\/MuniVictoria-1.jpg\" alt=\"\" width=\"1000\" height=\"100\" srcset=\"https:\/\/victoriaaldia.com\/wp-content\/uploads\/2023\/06\/MuniVictoria-1.jpg 1000w, https:\/\/victoriaaldia.com\/wp-content\/uploads\/2023\/06\/MuniVictoria-1-300x30.jpg 300w, https:\/\/victoriaaldia.com\/wp-content\/uploads\/2023\/06\/MuniVictoria-1-768x77.jpg 768w\" sizes=\"auto, (max-width: 1000px) 100vw, 1000px\" \/><\/a><\/div>\n","protected":false},"excerpt":{"rendered":"<p>Victoria Desde la Municipalidad de Victoria acompa\u00f1amos la iniciativa \u201cCarnaval Infantil: Los animalitos del humedal\u201d, una propuesta de la Escuela&hellip;<\/p>\n","protected":false},"author":3,"featured_media":41885,"comment_status":"closed","ping_status":"closed","sticky":false,"template":"","format":"standard","meta":{"nogoya_volanta":"","nogoya_breaking":false,"nogoya_exclusive":false,"footnotes":""},"categories":[2,17],"tags":[],"class_list":["post-41879","post","type-post","status-publish","format-standard","has-post-thumbnail","hentry","category-locales","category-sociedad"],"yoast_head":"<!-- This site is optimized with the Yoast SEO plugin v28.3 - https:\/\/yoast.com\/product\/yoast-seo-wordpress\/ -->\n<title>Carnaval Infantil: Los animalitos del Humedal - Victoria Al D\u00eda<\/title>\n<meta name=\"robots\" content=\"index, follow, max-snippet:-1, max-image-preview:large, max-video-preview:-1\" \/>\n<link rel=\"canonical\" href=\"https:\/\/victoriaaldia.com\/?p=41879\" \/>\n<meta property=\"og:locale\" content=\"es_ES\" \/>\n<meta property=\"og:type\" content=\"article\" \/>\n<meta property=\"og:title\" content=\"Carnaval Infantil: Los animalitos del Humedal - Victoria Al D\u00eda\" \/>\n<meta property=\"og:description\" content=\"Victoria Desde la Municipalidad de Victoria acompa\u00f1amos la iniciativa \u201cCarnaval Infantil: Los animalitos del humedal\u201d, una propuesta de la Escuela&hellip;\" \/>\n<meta property=\"og:url\" content=\"https:\/\/victoriaaldia.com\/?p=41879\" \/>\n<meta property=\"og:site_name\" content=\"Victoria Al D\u00eda\" \/>\n<meta property=\"article:published_time\" content=\"2026-08-31T14:13:11+00:00\" \/>\n<meta property=\"og:image\" content=\"http:\/\/victoriaaldia.com\/wp-content\/uploads\/2026\/08\/15.jpg\" \/>\n\t<meta property=\"og:image:width\" content=\"2048\" \/>\n\t<meta property=\"og:image:height\" content=\"1366\" \/>\n\t<meta property=\"og:image:type\" content=\"image\/jpeg\" \/>\n<meta name=\"author\" content=\"Victoria Al D\u00eda\" \/>\n<meta name=\"twitter:card\" content=\"summary_large_image\" \/>\n<meta name=\"twitter:label1\" content=\"Escrito por\" \/>\n\t<meta name=\"twitter:data1\" content=\"\" \/>\n\t<meta name=\"twitter:label2\" content=\"Tiempo de lectura\" \/>\n\t<meta name=\"twitter:data2\" content=\"3 minutos\" \/>\n<script type=\"application\/ld+json\" class=\"yoast-schema-graph\">{\"@context\":\"https:\\\/\\\/schema.org\",\"@graph\":[{\"@type\":\"Article\",\"@id\":\"https:\\\/\\\/victoriaaldia.com\\\/?p=41879#article\",\"isPartOf\":{\"@id\":\"https:\\\/\\\/victoriaaldia.com\\\/?p=41879\"},\"author\":{\"name\":\"Victoria Al D\u00eda\",\"@id\":\"https:\\\/\\\/victoriaaldia.com\\\/#\\\/schema\\\/person\\\/2314e106bcb401e92ff95595d5c292ef\"},\"headline\":\"Carnaval Infantil: Los animalitos del Humedal\",\"datePublished\":\"2026-08-31T14:13:11+00:00\",\"mainEntityOfPage\":{\"@id\":\"https:\\\/\\\/victoriaaldia.com\\\/?p=41879\"},\"wordCount\":73,\"publisher\":{\"@id\":\"https:\\\/\\\/victoriaaldia.com\\\/#organization\"},\"image\":{\"@id\":\"https:\\\/\\\/victoriaaldia.com\\\/?p=41879#primaryimage\"},\"thumbnailUrl\":\"https:\\\/\\\/victoriaaldia.com\\\/wp-content\\\/uploads\\\/2026\\\/08\\\/15.jpg\",\"articleSection\":[\"Locales\",\"Sociedad\"],\"inLanguage\":\"es-AR\"},{\"@type\":\"WebPage\",\"@id\":\"https:\\\/\\\/victoriaaldia.com\\\/?p=41879\",\"url\":\"https:\\\/\\\/victoriaaldia.com\\\/?p=41879\",\"name\":\"Carnaval Infantil: Los animalitos del Humedal - Victoria Al D\u00eda\",\"isPartOf\":{\"@id\":\"https:\\\/\\\/victoriaaldia.com\\\/#website\"},\"primaryImageOfPage\":{\"@id\":\"https:\\\/\\\/victoriaaldia.com\\\/?p=41879#primaryimage\"},\"image\":{\"@id\":\"https:\\\/\\\/victoriaaldia.com\\\/?p=41879#primaryimage\"},\"thumbnailUrl\":\"https:\\\/\\\/victoriaaldia.com\\\/wp-content\\\/uploads\\\/2026\\\/08\\\/15.jpg\",\"datePublished\":\"2026-08-31T14:13:11+00:00\",\"breadcrumb\":{\"@id\":\"https:\\\/\\\/victoriaaldia.com\\\/?p=41879#breadcrumb\"},\"inLanguage\":\"es-AR\",\"potentialAction\":[{\"@type\":\"ReadAction\",\"target\":[\"https:\\\/\\\/victoriaaldia.com\\\/?p=41879\"]}]},{\"@type\":\"ImageObject\",\"inLanguage\":\"es-AR\",\"@id\":\"https:\\\/\\\/victoriaaldia.com\\\/?p=41879#primaryimage\",\"url\":\"https:\\\/\\\/victoriaaldia.com\\\/wp-content\\\/uploads\\\/2026\\\/08\\\/15.jpg\",\"contentUrl\":\"https:\\\/\\\/victoriaaldia.com\\\/wp-content\\\/uploads\\\/2026\\\/08\\\/15.jpg\",\"width\":2048,\"height\":1366},{\"@type\":\"BreadcrumbList\",\"@id\":\"https:\\\/\\\/victoriaaldia.com\\\/?p=41879#breadcrumb\",\"itemListElement\":[{\"@type\":\"ListItem\",\"position\":1,\"name\":\"Inicio\",\"item\":\"https:\\\/\\\/victoriaaldia.com\\\/\"},{\"@type\":\"ListItem\",\"position\":2,\"name\":\"Carnaval Infantil: Los animalitos del Humedal\"}]},{\"@type\":\"WebSite\",\"@id\":\"https:\\\/\\\/victoriaaldia.com\\\/#website\",\"url\":\"https:\\\/\\\/victoriaaldia.com\\\/\",\"name\":\"Victoria Al D\u00eda\",\"description\":\"Diario Digital\",\"publisher\":{\"@id\":\"https:\\\/\\\/victoriaaldia.com\\\/#organization\"},\"potentialAction\":[{\"@type\":\"SearchAction\",\"target\":{\"@type\":\"EntryPoint\",\"urlTemplate\":\"https:\\\/\\\/victoriaaldia.com\\\/?s={search_term_string}\"},\"query-input\":{\"@type\":\"PropertyValueSpecification\",\"valueRequired\":true,\"valueName\":\"search_term_string\"}}],\"inLanguage\":\"es-AR\"},{\"@type\":\"Organization\",\"@id\":\"https:\\\/\\\/victoriaaldia.com\\\/#organization\",\"name\":\"Victoria Al D\u00eda\",\"url\":\"https:\\\/\\\/victoriaaldia.com\\\/\",\"logo\":{\"@type\":\"ImageObject\",\"inLanguage\":\"es-AR\",\"@id\":\"https:\\\/\\\/victoriaaldia.com\\\/#\\\/schema\\\/logo\\\/image\\\/\",\"url\":\"https:\\\/\\\/victoriaaldia.com\\\/wp-content\\\/uploads\\\/2023\\\/11\\\/logo.png\",\"contentUrl\":\"https:\\\/\\\/victoriaaldia.com\\\/wp-content\\\/uploads\\\/2023\\\/11\\\/logo.png\",\"width\":394,\"height\":128,\"caption\":\"Victoria Al D\u00eda\"},\"image\":{\"@id\":\"https:\\\/\\\/victoriaaldia.com\\\/#\\\/schema\\\/logo\\\/image\\\/\"}},{\"@type\":\"Person\",\"@id\":\"https:\\\/\\\/victoriaaldia.com\\\/#\\\/schema\\\/person\\\/2314e106bcb401e92ff95595d5c292ef\",\"name\":\"Victoria Al D\u00eda\",\"url\":\"https:\\\/\\\/victoriaaldia.com\\\/?author=3\"}]}<\/script>\n<!-- \/ Yoast SEO plugin. -->","yoast_head_json":{"title":"Carnaval Infantil: Los animalitos del Humedal - Victoria Al D\u00eda","robots":{"index":"index","follow":"follow","max-snippet":"max-snippet:-1","max-image-preview":"max-image-preview:large","max-video-preview":"max-video-preview:-1"},"canonical":"https:\/\/victoriaaldia.com\/?p=41879","og_locale":"es_ES","og_type":"article","og_title":"Carnaval Infantil: Los animalitos del Humedal - Victoria Al D\u00eda","og_description":"Victoria Desde la Municipalidad de Victoria acompa\u00f1amos la iniciativa \u201cCarnaval Infantil: Los animalitos del humedal\u201d, una propuesta de la Escuela&hellip;","og_url":"https:\/\/victoriaaldia.com\/?p=41879","og_site_name":"Victoria Al D\u00eda","article_published_time":"2026-08-31T14:13:11+00:00","og_image":[{"width":2048,"height":1366,"url":"http:\/\/victoriaaldia.com\/wp-content\/uploads\/2026\/08\/15.jpg","type":"image\/jpeg"}],"author":"Victoria Al D\u00eda","twitter_card":"summary_large_image","twitter_misc":{"Escrito por":"","Tiempo de lectura":"3 minutos"},"schema":{"@context":"https:\/\/schema.org","@graph":[{"@type":"Article","@id":"https:\/\/victoriaaldia.com\/?p=41879#article","isPartOf":{"@id":"https:\/\/victoriaaldia.com\/?p=41879"},"author":{"name":"Victoria Al D\u00eda","@id":"https:\/\/victoriaaldia.com\/#\/schema\/person\/2314e106bcb401e92ff95595d5c292ef"},"headline":"Carnaval Infantil: Los animalitos del Humedal","datePublished":"2026-08-31T14:13:11+00:00","mainEntityOfPage":{"@id":"https:\/\/victoriaaldia.com\/?p=41879"},"wordCount":73,"publisher":{"@id":"https:\/\/victoriaaldia.com\/#organization"},"image":{"@id":"https:\/\/victoriaaldia.com\/?p=41879#primaryimage"},"thumbnailUrl":"https:\/\/victoriaaldia.com\/wp-content\/uploads\/2026\/08\/15.jpg","articleSection":["Locales","Sociedad"],"inLanguage":"es-AR"},{"@type":"WebPage","@id":"https:\/\/victoriaaldia.com\/?p=41879","url":"https:\/\/victoriaaldia.com\/?p=41879","name":"Carnaval Infantil: Los animalitos del Humedal - Victoria Al D\u00eda","isPartOf":{"@id":"https:\/\/victoriaaldia.com\/#website"},"primaryImageOfPage":{"@id":"https:\/\/victoriaaldia.com\/?p=41879#primaryimage"},"image":{"@id":"https:\/\/victoriaaldia.com\/?p=41879#primaryimage"},"thumbnailUrl":"https:\/\/victoriaaldia.com\/wp-content\/uploads\/2026\/08\/15.jpg","datePublished":"2026-08-31T14:13:11+00:00","breadcrumb":{"@id":"https:\/\/victoriaaldia.com\/?p=41879#breadcrumb"},"inLanguage":"es-AR","potentialAction":[{"@type":"ReadAction","target":["https:\/\/victoriaaldia.com\/?p=41879"]}]},{"@type":"ImageObject","inLanguage":"es-AR","@id":"https:\/\/victoriaaldia.com\/?p=41879#primaryimage","url":"https:\/\/victoriaaldia.com\/wp-content\/uploads\/2026\/08\/15.jpg","contentUrl":"https:\/\/victoriaaldia.com\/wp-content\/uploads\/2026\/08\/15.jpg","width":2048,"height":1366},{"@type":"BreadcrumbList","@id":"https:\/\/victoriaaldia.com\/?p=41879#breadcrumb","itemListElement":[{"@type":"ListItem","position":1,"name":"Inicio","item":"https:\/\/victoriaaldia.com\/"},{"@type":"ListItem","position":2,"name":"Carnaval Infantil: Los animalitos del Humedal"}]},{"@type":"WebSite","@id":"https:\/\/victoriaaldia.com\/#website","url":"https:\/\/victoriaaldia.com\/","name":"Victoria Al D\u00eda","description":"Diario Digital","publisher":{"@id":"https:\/\/victoriaaldia.com\/#organization"},"potentialAction":[{"@type":"SearchAction","target":{"@type":"EntryPoint","urlTemplate":"https:\/\/victoriaaldia.com\/?s={search_term_string}"},"query-input":{"@type":"PropertyValueSpecification","valueRequired":true,"valueName":"search_term_string"}}],"inLanguage":"es-AR"},{"@type":"Organization","@id":"https:\/\/victoriaaldia.com\/#organization","name":"Victoria Al D\u00eda","url":"https:\/\/victoriaaldia.com\/","logo":{"@type":"ImageObject","inLanguage":"es-AR","@id":"https:\/\/victoriaaldia.com\/#\/schema\/logo\/image\/","url":"https:\/\/victoriaaldia.com\/wp-content\/uploads\/2023\/11\/logo.png","contentUrl":"https:\/\/victoriaaldia.com\/wp-content\/uploads\/2023\/11\/logo.png","width":394,"height":128,"caption":"Victoria Al D\u00eda"},"image":{"@id":"https:\/\/victoriaaldia.com\/#\/schema\/logo\/image\/"}},{"@type":"Person","@id":"https:\/\/victoriaaldia.com\/#\/schema\/person\/2314e106bcb401e92ff95595d5c292ef","name":"Victoria Al D\u00eda","url":"https:\/\/victoriaaldia.com\/?author=3"}]}},"_links":{"self":[{"href":"https:\/\/victoriaaldia.com\/index.php?rest_route=\/wp\/v2\/posts\/41879","targetHints":{"allow":["GET"]}}],"collection":[{"href":"https:\/\/victoriaaldia.com\/index.php?rest_route=\/wp\/v2\/posts"}],"about":[{"href":"https:\/\/victoriaaldia.com\/index.php?rest_route=\/wp\/v2\/types\/post"}],"author":[{"embeddable":true,"href":"https:\/\/victoriaaldia.com\/index.php?rest_route=\/wp\/v2\/users\/3"}],"replies":[{"embeddable":true,"href":"https:\/\/victoriaaldia.com\/index.php?rest_route=%2Fwp%2Fv2%2Fcomments&post=41879"}],"version-history":[{"count":1,"href":"https:\/\/victoriaaldia.com\/index.php?rest_route=\/wp\/v2\/posts\/41879\/revisions"}],"predecessor-version":[{"id":41890,"href":"https:\/\/victoriaaldia.com\/index.php?rest_route=\/wp\/v2\/posts\/41879\/revisions\/41890"}],"wp:featuredmedia":[{"embeddable":true,"href":"https:\/\/victoriaaldia.com\/index.php?rest_route=\/wp\/v2\/media\/41885"}],"wp:attachment":[{"href":"https:\/\/victoriaaldia.com\/index.php?rest_route=%2Fwp%2Fv2%2Fmedia&parent=41879"}],"wp:term":[{"taxonomy":"category","embeddable":true,"href":"https:\/\/victoriaaldia.com\/index.php?rest_route=%2Fwp%2Fv2%2Fcategories&post=41879"},{"taxonomy":"post_tag","embeddable":true,"href":"https:\/\/victoriaaldia.com\/index.php?rest_route=%2Fwp%2Fv2%2Ftags&post=41879"}],"curies":[{"name":"wp","href":"https:\/\/api.w.org\/{rel}","templated":true}]}}