{"id":41897,"date":"2026-08-31T21:19:08","date_gmt":"2026-09-01T00:19:08","guid":{"rendered":"https:\/\/victoriaaldia.com\/?p=41897"},"modified":"2026-08-31T21:19:08","modified_gmt":"2026-09-01T00:19:08","slug":"los-senadores-pasaran-a-cobrar-mas-de-13-millones-a-fin-de-ano-tras-un-nuevo-aumento-salarial","status":"publish","type":"post","link":"https:\/\/victoriaaldia.com\/?p=41897","title":{"rendered":"Los senadores pasar\u00e1n a cobrar m\u00e1s de $13 millones a fin de a\u00f1o tras un nuevo aumento salarial"},"content":{"rendered":"<h2>Actualizaci\u00f3n de las dietas<\/h2>\n<header class=\"cl-24 header-interior interior-top-1\">Los senadores nacionales pasar\u00e1n a percibir $13.115.760 brutos con la dieta de diciembre. El incremento deriva de la paritaria de los trabajadores legislativos y del mecanismo de \u201cenganche\u201d aprobado en 2024.<\/header>\n<header><\/header>\n<header>Los\u00a0<b>senadores nacionales pasar\u00e1n a cobrar m\u00e1s de 13 millones de pesos brutos<\/b>\u00a0luego del nuevo acuerdo paritario alcanzado entre los gremios con representaci\u00f3n en el Congreso y las autoridades de ambas c\u00e1maras legislativas. La actualizaci\u00f3n se completar\u00e1 con los haberes de diciembre, que ser\u00e1n percibidos durante los primeros d\u00edas de enero.<\/p>\n<p>&nbsp;<\/p>\n<p>El incremento se produce por el denominado\u00a0<b>\u201cenganche\u201d<\/b>, el mecanismo aprobado por los propios senadores en abril de 2024 que vincul\u00f3 autom\u00e1ticamente sus dietas con las remuneraciones de los empleados del Congreso.<\/p>\n<p>&nbsp;<\/p>\n<p>El nuevo acuerdo alcanzado por UPCN, ATE y APL establece cuatro aumentos mensuales hasta finalizar el a\u00f1o:\u00a0<b>1,9% en septiembre, 1,8% en octubre, 1,6% en noviembre y 1,5% en diciembre<\/b>. El incremento acumulado ser\u00e1 del 6,98%.<\/p>\n<p>&nbsp;<\/p>\n<h2>Cu\u00e1nto pasar\u00e1n a cobrar los senadores<\/h2>\n<p>&nbsp;<\/p>\n<p>Con la aplicaci\u00f3n completa de la paritaria,\u00a0<b>los senadores percibir\u00e1n un monto bruto de $13.115.760 correspondiente a diciembre<\/b>, que se cobrar\u00e1 durante los primeros d\u00edas de enero.<\/p>\n<p>&nbsp;<\/p>\n<p>Actualmente, los ingresos brutos de los integrantes de la C\u00e1mara alta se ubican en aproximadamente $12.260.000. De esta manera, la actualizaci\u00f3n representar\u00e1 una diferencia cercana a los $856.000 mensuales al completarse todos los tramos.<\/p>\n<p>&nbsp;<\/p>\n<p>El c\u00e1lculo surge de multiplicar los\u00a0<b>4.000 m\u00f3dulos<\/b>\u00a0establecidos para las dietas de los legisladores por los $3.278,94 que tendr\u00e1 cada unidad luego de aplicarse los cuatro incrementos acordados.<\/p>\n<p>&nbsp;<\/p>\n<h2>C\u00f3mo funciona el \u201cenganche\u201d de las dietas<\/h2>\n<p>&nbsp;<\/p>\n<p>El m\u00f3dulo es la unidad utilizada para determinar los salarios correspondientes a las distintas categor\u00edas de trabajadores del Congreso. Desde 2024, tambi\u00e9n funciona como referencia para establecer los ingresos de los senadores.<\/p>\n<p>La resoluci\u00f3n 8\/24, aprobada por la C\u00e1mara alta el 18 de abril de ese a\u00f1o, estableci\u00f3 que cada senador perciba\u00a0<b>2.500 m\u00f3dulos en concepto de dieta, 1.000 por gastos de representaci\u00f3n y otros 500 por desarraigo<\/b>.<\/p>\n<p>La misma resoluci\u00f3n incorpor\u00f3 adem\u00e1s un aguinaldo para los legisladores, conocido como la \u201cdieta 13\u201d. Desde entonces, cada actualizaci\u00f3n del valor del m\u00f3dulo derivada de las paritarias legislativas tiene impacto sobre las dietas.<\/p>\n<h2>El antecedente del \u00faltimo aumento<\/h2>\n<p>&nbsp;<\/p>\n<p>La anterior negociaci\u00f3n salarial para los empleados del Congreso hab\u00eda establecido una suba acumulada del 6,64%, distribuida en tres tramos.<\/p>\n<p>&nbsp;<\/p>\n<p>Los aumentos fueron del\u00a0<b>2,4% en junio, 2,2% en julio y 1,9% en agosto<\/b>. Ahora, la nueva paritaria extender\u00e1 las actualizaciones mensuales desde septiembre hasta diciembre.<\/p>\n<p>Como ocurri\u00f3 con anteriores incrementos, se espera que algunos bloques pol\u00edticos vuelvan a tomar distancia del aumento derivado del mecanismo aprobado por el Senado. Fuente: El Once<\/p>\n<p><a href=\"https:\/\/victoriaaldia.com\/?attachment_id=9276\" rel=\"attachment wp-att-9276\"><img loading=\"lazy\" decoding=\"async\" class=\"aligncenter size-full wp-image-9276\" src=\"http:\/\/victoriaaldia.com\/wp-content\/uploads\/2023\/11\/coopar.png\" alt=\"\" width=\"720\" height=\"90\" srcset=\"https:\/\/victoriaaldia.com\/wp-content\/uploads\/2023\/11\/coopar.png 720w, https:\/\/victoriaaldia.com\/wp-content\/uploads\/2023\/11\/coopar-300x38.png 300w\" sizes=\"auto, (max-width: 720px) 100vw, 720px\" \/><\/a><\/p>\n<\/header>\n","protected":false},"excerpt":{"rendered":"<p>Actualizaci\u00f3n de las dietas Los senadores nacionales pasar\u00e1n a percibir $13.115.760 brutos con la dieta de diciembre. El incremento deriva&hellip;<\/p>\n","protected":false},"author":3,"featured_media":41898,"comment_status":"closed","ping_status":"closed","sticky":false,"template":"","format":"standard","meta":{"nogoya_volanta":"","nogoya_breaking":false,"nogoya_exclusive":false,"footnotes":""},"categories":[4,3,5],"tags":[],"class_list":["post-41897","post","type-post","status-publish","format-standard","has-post-thumbnail","hentry","category-nacionales","category-noticias","category-politica"],"yoast_head":"<!-- This site is optimized with the Yoast SEO plugin v28.3 - https:\/\/yoast.com\/product\/yoast-seo-wordpress\/ -->\n<title>Los senadores pasar\u00e1n a cobrar m\u00e1s de $13 millones a fin de a\u00f1o tras un nuevo aumento salarial - Victoria Al D\u00eda<\/title>\n<meta name=\"robots\" content=\"index, follow, max-snippet:-1, max-image-preview:large, max-video-preview:-1\" \/>\n<link rel=\"canonical\" href=\"https:\/\/victoriaaldia.com\/?p=41897\" \/>\n<meta property=\"og:locale\" content=\"es_ES\" \/>\n<meta property=\"og:type\" content=\"article\" \/>\n<meta property=\"og:title\" content=\"Los senadores pasar\u00e1n a cobrar m\u00e1s de $13 millones a fin de a\u00f1o tras un nuevo aumento salarial - Victoria Al D\u00eda\" \/>\n<meta property=\"og:description\" content=\"Actualizaci\u00f3n de las dietas Los senadores nacionales pasar\u00e1n a percibir $13.115.760 brutos con la dieta de diciembre. El incremento deriva&hellip;\" \/>\n<meta property=\"og:url\" content=\"https:\/\/victoriaaldia.com\/?p=41897\" \/>\n<meta property=\"og:site_name\" content=\"Victoria Al D\u00eda\" \/>\n<meta property=\"article:published_time\" content=\"2026-09-01T00:19:08+00:00\" \/>\n<meta property=\"og:image\" content=\"http:\/\/victoriaaldia.com\/wp-content\/uploads\/2026\/08\/Captura-de-pantalla-2026-08-31-211744.png\" \/>\n\t<meta property=\"og:image:width\" content=\"765\" \/>\n\t<meta property=\"og:image:height\" content=\"507\" \/>\n\t<meta property=\"og:image:type\" content=\"image\/png\" \/>\n<meta name=\"author\" content=\"Victoria Al D\u00eda\" \/>\n<meta name=\"twitter:card\" content=\"summary_large_image\" \/>\n<meta name=\"twitter:label1\" content=\"Escrito por\" \/>\n\t<meta name=\"twitter:data1\" content=\"\" \/>\n\t<meta name=\"twitter:label2\" content=\"Tiempo de lectura\" \/>\n\t<meta name=\"twitter:data2\" content=\"3 minutos\" \/>\n<script type=\"application\/ld+json\" class=\"yoast-schema-graph\">{\"@context\":\"https:\\\/\\\/schema.org\",\"@graph\":[{\"@type\":\"Article\",\"@id\":\"https:\\\/\\\/victoriaaldia.com\\\/?p=41897#article\",\"isPartOf\":{\"@id\":\"https:\\\/\\\/victoriaaldia.com\\\/?p=41897\"},\"author\":{\"name\":\"Victoria Al D\u00eda\",\"@id\":\"https:\\\/\\\/victoriaaldia.com\\\/#\\\/schema\\\/person\\\/2314e106bcb401e92ff95595d5c292ef\"},\"headline\":\"Los senadores pasar\u00e1n a cobrar m\u00e1s de $13 millones a fin de a\u00f1o tras un nuevo aumento salarial\",\"datePublished\":\"2026-09-01T00:19:08+00:00\",\"mainEntityOfPage\":{\"@id\":\"https:\\\/\\\/victoriaaldia.com\\\/?p=41897\"},\"wordCount\":478,\"publisher\":{\"@id\":\"https:\\\/\\\/victoriaaldia.com\\\/#organization\"},\"image\":{\"@id\":\"https:\\\/\\\/victoriaaldia.com\\\/?p=41897#primaryimage\"},\"thumbnailUrl\":\"https:\\\/\\\/victoriaaldia.com\\\/wp-content\\\/uploads\\\/2026\\\/08\\\/Captura-de-pantalla-2026-08-31-211744.png\",\"articleSection\":[\"Nacionales\",\"Noticias\",\"Pol\u00edtica\"],\"inLanguage\":\"es-AR\"},{\"@type\":\"WebPage\",\"@id\":\"https:\\\/\\\/victoriaaldia.com\\\/?p=41897\",\"url\":\"https:\\\/\\\/victoriaaldia.com\\\/?p=41897\",\"name\":\"Los senadores pasar\u00e1n a cobrar m\u00e1s de $13 millones a fin de a\u00f1o tras un nuevo aumento salarial - Victoria Al D\u00eda\",\"isPartOf\":{\"@id\":\"https:\\\/\\\/victoriaaldia.com\\\/#website\"},\"primaryImageOfPage\":{\"@id\":\"https:\\\/\\\/victoriaaldia.com\\\/?p=41897#primaryimage\"},\"image\":{\"@id\":\"https:\\\/\\\/victoriaaldia.com\\\/?p=41897#primaryimage\"},\"thumbnailUrl\":\"https:\\\/\\\/victoriaaldia.com\\\/wp-content\\\/uploads\\\/2026\\\/08\\\/Captura-de-pantalla-2026-08-31-211744.png\",\"datePublished\":\"2026-09-01T00:19:08+00:00\",\"breadcrumb\":{\"@id\":\"https:\\\/\\\/victoriaaldia.com\\\/?p=41897#breadcrumb\"},\"inLanguage\":\"es-AR\",\"potentialAction\":[{\"@type\":\"ReadAction\",\"target\":[\"https:\\\/\\\/victoriaaldia.com\\\/?p=41897\"]}]},{\"@type\":\"ImageObject\",\"inLanguage\":\"es-AR\",\"@id\":\"https:\\\/\\\/victoriaaldia.com\\\/?p=41897#primaryimage\",\"url\":\"https:\\\/\\\/victoriaaldia.com\\\/wp-content\\\/uploads\\\/2026\\\/08\\\/Captura-de-pantalla-2026-08-31-211744.png\",\"contentUrl\":\"https:\\\/\\\/victoriaaldia.com\\\/wp-content\\\/uploads\\\/2026\\\/08\\\/Captura-de-pantalla-2026-08-31-211744.png\",\"width\":765,\"height\":507},{\"@type\":\"BreadcrumbList\",\"@id\":\"https:\\\/\\\/victoriaaldia.com\\\/?p=41897#breadcrumb\",\"itemListElement\":[{\"@type\":\"ListItem\",\"position\":1,\"name\":\"Inicio\",\"item\":\"https:\\\/\\\/victoriaaldia.com\\\/\"},{\"@type\":\"ListItem\",\"position\":2,\"name\":\"Los senadores pasar\u00e1n a cobrar m\u00e1s de $13 millones a fin de a\u00f1o tras un nuevo aumento salarial\"}]},{\"@type\":\"WebSite\",\"@id\":\"https:\\\/\\\/victoriaaldia.com\\\/#website\",\"url\":\"https:\\\/\\\/victoriaaldia.com\\\/\",\"name\":\"Victoria Al D\u00eda\",\"description\":\"Diario Digital\",\"publisher\":{\"@id\":\"https:\\\/\\\/victoriaaldia.com\\\/#organization\"},\"potentialAction\":[{\"@type\":\"SearchAction\",\"target\":{\"@type\":\"EntryPoint\",\"urlTemplate\":\"https:\\\/\\\/victoriaaldia.com\\\/?s={search_term_string}\"},\"query-input\":{\"@type\":\"PropertyValueSpecification\",\"valueRequired\":true,\"valueName\":\"search_term_string\"}}],\"inLanguage\":\"es-AR\"},{\"@type\":\"Organization\",\"@id\":\"https:\\\/\\\/victoriaaldia.com\\\/#organization\",\"name\":\"Victoria Al D\u00eda\",\"url\":\"https:\\\/\\\/victoriaaldia.com\\\/\",\"logo\":{\"@type\":\"ImageObject\",\"inLanguage\":\"es-AR\",\"@id\":\"https:\\\/\\\/victoriaaldia.com\\\/#\\\/schema\\\/logo\\\/image\\\/\",\"url\":\"https:\\\/\\\/victoriaaldia.com\\\/wp-content\\\/uploads\\\/2023\\\/11\\\/logo.png\",\"contentUrl\":\"https:\\\/\\\/victoriaaldia.com\\\/wp-content\\\/uploads\\\/2023\\\/11\\\/logo.png\",\"width\":394,\"height\":128,\"caption\":\"Victoria Al D\u00eda\"},\"image\":{\"@id\":\"https:\\\/\\\/victoriaaldia.com\\\/#\\\/schema\\\/logo\\\/image\\\/\"}},{\"@type\":\"Person\",\"@id\":\"https:\\\/\\\/victoriaaldia.com\\\/#\\\/schema\\\/person\\\/2314e106bcb401e92ff95595d5c292ef\",\"name\":\"Victoria Al D\u00eda\",\"url\":\"https:\\\/\\\/victoriaaldia.com\\\/?author=3\"}]}<\/script>\n<!-- \/ Yoast SEO plugin. -->","yoast_head_json":{"title":"Los senadores pasar\u00e1n a cobrar m\u00e1s de $13 millones a fin de a\u00f1o tras un nuevo aumento salarial - Victoria Al D\u00eda","robots":{"index":"index","follow":"follow","max-snippet":"max-snippet:-1","max-image-preview":"max-image-preview:large","max-video-preview":"max-video-preview:-1"},"canonical":"https:\/\/victoriaaldia.com\/?p=41897","og_locale":"es_ES","og_type":"article","og_title":"Los senadores pasar\u00e1n a cobrar m\u00e1s de $13 millones a fin de a\u00f1o tras un nuevo aumento salarial - Victoria Al D\u00eda","og_description":"Actualizaci\u00f3n de las dietas Los senadores nacionales pasar\u00e1n a percibir $13.115.760 brutos con la dieta de diciembre. El incremento deriva&hellip;","og_url":"https:\/\/victoriaaldia.com\/?p=41897","og_site_name":"Victoria Al D\u00eda","article_published_time":"2026-09-01T00:19:08+00:00","og_image":[{"width":765,"height":507,"url":"http:\/\/victoriaaldia.com\/wp-content\/uploads\/2026\/08\/Captura-de-pantalla-2026-08-31-211744.png","type":"image\/png"}],"author":"Victoria Al D\u00eda","twitter_card":"summary_large_image","twitter_misc":{"Escrito por":"","Tiempo de lectura":"3 minutos"},"schema":{"@context":"https:\/\/schema.org","@graph":[{"@type":"Article","@id":"https:\/\/victoriaaldia.com\/?p=41897#article","isPartOf":{"@id":"https:\/\/victoriaaldia.com\/?p=41897"},"author":{"name":"Victoria Al D\u00eda","@id":"https:\/\/victoriaaldia.com\/#\/schema\/person\/2314e106bcb401e92ff95595d5c292ef"},"headline":"Los senadores pasar\u00e1n a cobrar m\u00e1s de $13 millones a fin de a\u00f1o tras un nuevo aumento salarial","datePublished":"2026-09-01T00:19:08+00:00","mainEntityOfPage":{"@id":"https:\/\/victoriaaldia.com\/?p=41897"},"wordCount":478,"publisher":{"@id":"https:\/\/victoriaaldia.com\/#organization"},"image":{"@id":"https:\/\/victoriaaldia.com\/?p=41897#primaryimage"},"thumbnailUrl":"https:\/\/victoriaaldia.com\/wp-content\/uploads\/2026\/08\/Captura-de-pantalla-2026-08-31-211744.png","articleSection":["Nacionales","Noticias","Pol\u00edtica"],"inLanguage":"es-AR"},{"@type":"WebPage","@id":"https:\/\/victoriaaldia.com\/?p=41897","url":"https:\/\/victoriaaldia.com\/?p=41897","name":"Los senadores pasar\u00e1n a cobrar m\u00e1s de $13 millones a fin de a\u00f1o tras un nuevo aumento salarial - Victoria Al D\u00eda","isPartOf":{"@id":"https:\/\/victoriaaldia.com\/#website"},"primaryImageOfPage":{"@id":"https:\/\/victoriaaldia.com\/?p=41897#primaryimage"},"image":{"@id":"https:\/\/victoriaaldia.com\/?p=41897#primaryimage"},"thumbnailUrl":"https:\/\/victoriaaldia.com\/wp-content\/uploads\/2026\/08\/Captura-de-pantalla-2026-08-31-211744.png","datePublished":"2026-09-01T00:19:08+00:00","breadcrumb":{"@id":"https:\/\/victoriaaldia.com\/?p=41897#breadcrumb"},"inLanguage":"es-AR","potentialAction":[{"@type":"ReadAction","target":["https:\/\/victoriaaldia.com\/?p=41897"]}]},{"@type":"ImageObject","inLanguage":"es-AR","@id":"https:\/\/victoriaaldia.com\/?p=41897#primaryimage","url":"https:\/\/victoriaaldia.com\/wp-content\/uploads\/2026\/08\/Captura-de-pantalla-2026-08-31-211744.png","contentUrl":"https:\/\/victoriaaldia.com\/wp-content\/uploads\/2026\/08\/Captura-de-pantalla-2026-08-31-211744.png","width":765,"height":507},{"@type":"BreadcrumbList","@id":"https:\/\/victoriaaldia.com\/?p=41897#breadcrumb","itemListElement":[{"@type":"ListItem","position":1,"name":"Inicio","item":"https:\/\/victoriaaldia.com\/"},{"@type":"ListItem","position":2,"name":"Los senadores pasar\u00e1n a cobrar m\u00e1s de $13 millones a fin de a\u00f1o tras un nuevo aumento salarial"}]},{"@type":"WebSite","@id":"https:\/\/victoriaaldia.com\/#website","url":"https:\/\/victoriaaldia.com\/","name":"Victoria Al D\u00eda","description":"Diario Digital","publisher":{"@id":"https:\/\/victoriaaldia.com\/#organization"},"potentialAction":[{"@type":"SearchAction","target":{"@type":"EntryPoint","urlTemplate":"https:\/\/victoriaaldia.com\/?s={search_term_string}"},"query-input":{"@type":"PropertyValueSpecification","valueRequired":true,"valueName":"search_term_string"}}],"inLanguage":"es-AR"},{"@type":"Organization","@id":"https:\/\/victoriaaldia.com\/#organization","name":"Victoria Al D\u00eda","url":"https:\/\/victoriaaldia.com\/","logo":{"@type":"ImageObject","inLanguage":"es-AR","@id":"https:\/\/victoriaaldia.com\/#\/schema\/logo\/image\/","url":"https:\/\/victoriaaldia.com\/wp-content\/uploads\/2023\/11\/logo.png","contentUrl":"https:\/\/victoriaaldia.com\/wp-content\/uploads\/2023\/11\/logo.png","width":394,"height":128,"caption":"Victoria Al D\u00eda"},"image":{"@id":"https:\/\/victoriaaldia.com\/#\/schema\/logo\/image\/"}},{"@type":"Person","@id":"https:\/\/victoriaaldia.com\/#\/schema\/person\/2314e106bcb401e92ff95595d5c292ef","name":"Victoria Al D\u00eda","url":"https:\/\/victoriaaldia.com\/?author=3"}]}},"_links":{"self":[{"href":"https:\/\/victoriaaldia.com\/index.php?rest_route=\/wp\/v2\/posts\/41897","targetHints":{"allow":["GET"]}}],"collection":[{"href":"https:\/\/victoriaaldia.com\/index.php?rest_route=\/wp\/v2\/posts"}],"about":[{"href":"https:\/\/victoriaaldia.com\/index.php?rest_route=\/wp\/v2\/types\/post"}],"author":[{"embeddable":true,"href":"https:\/\/victoriaaldia.com\/index.php?rest_route=\/wp\/v2\/users\/3"}],"replies":[{"embeddable":true,"href":"https:\/\/victoriaaldia.com\/index.php?rest_route=%2Fwp%2Fv2%2Fcomments&post=41897"}],"version-history":[{"count":1,"href":"https:\/\/victoriaaldia.com\/index.php?rest_route=\/wp\/v2\/posts\/41897\/revisions"}],"predecessor-version":[{"id":41899,"href":"https:\/\/victoriaaldia.com\/index.php?rest_route=\/wp\/v2\/posts\/41897\/revisions\/41899"}],"wp:featuredmedia":[{"embeddable":true,"href":"https:\/\/victoriaaldia.com\/index.php?rest_route=\/wp\/v2\/media\/41898"}],"wp:attachment":[{"href":"https:\/\/victoriaaldia.com\/index.php?rest_route=%2Fwp%2Fv2%2Fmedia&parent=41897"}],"wp:term":[{"taxonomy":"category","embeddable":true,"href":"https:\/\/victoriaaldia.com\/index.php?rest_route=%2Fwp%2Fv2%2Fcategories&post=41897"},{"taxonomy":"post_tag","embeddable":true,"href":"https:\/\/victoriaaldia.com\/index.php?rest_route=%2Fwp%2Fv2%2Ftags&post=41897"}],"curies":[{"name":"wp","href":"https:\/\/api.w.org\/{rel}","templated":true}]}}