{"id":41900,"date":"2026-08-31T22:29:23","date_gmt":"2026-09-01T01:29:23","guid":{"rendered":"https:\/\/victoriaaldia.com\/?p=41900"},"modified":"2026-08-31T22:29:23","modified_gmt":"2026-09-01T01:29:23","slug":"lionel-messi-anuncio-su-retiro-de-la-seleccion-argentina-me-vacie-ya-no-tengo-mas-para-dar","status":"publish","type":"post","link":"https:\/\/victoriaaldia.com\/?p=41900","title":{"rendered":"Lionel Messi anunci\u00f3 su retiro de la Selecci\u00f3n Argentina: \u201cMe vaci\u00e9, ya no tengo m\u00e1s para dar\u201d"},"content":{"rendered":"<h2>Fin de una era<\/h2>\n<header class=\"cl-24 header-interior interior-top-1\">El capit\u00e1n confirm\u00f3 su decisi\u00f3n mediante un mensaje publicado en sus redes sociales. Explic\u00f3 que hab\u00eda escrito esas palabras el 21 de julio, dos d\u00edas despu\u00e9s de la final, y se\u00f1al\u00f3 que tras lo ocurrido con su padre qued\u00f3 \u201cm\u00e1s convencido que antes\u201d.<\/header>\n<header><\/header>\n<header><b>Lionel Messi<\/b>\u00a0anunci\u00f3 este lunes su retiro de la Selecci\u00f3n Argentina y puso punto final a una etapa de dos d\u00e9cadas con la camiseta albiceleste. El capit\u00e1n comunic\u00f3 la decisi\u00f3n mediante un extenso mensaje publicado en sus redes sociales, donde reconoci\u00f3 que se trata de una determinaci\u00f3n que tom\u00f3 despu\u00e9s de pensarlo durante varias semanas.<\/header>\n<header>\u201cDespu\u00e9s de este tiempo que pas\u00f3 desde la final, pens\u00e1ndolo mucho, quiero comunicarles a todos que me retiro de la Selecci\u00f3n\u201d, comenz\u00f3 el astro argentino. En el mismo texto asegur\u00f3 que la decisi\u00f3n \u201cdoli\u00f3 y duele en el alma\u201d, aunque consider\u00f3 que lleg\u00f3 el momento de cerrar el ciclo.<\/p>\n<figure class=\"embed\"><img loading=\"lazy\" decoding=\"async\" src=\"https:\/\/elonce-media.elonce.com\/fotos\/2026\/07\/15\/e_1784150276_20377.webp\" alt=\"\" width=\"600\" height=\"400\" \/><\/figure>\n<p>&nbsp;<\/p>\n<p>Messi tambi\u00e9n repas\u00f3 el compromiso que mantuvo con el seleccionado durante toda su carrera. \u201cLes juro que siempre dej\u00e9 todo, no solo los \u00faltimos a\u00f1os que se gan\u00f3 todo, antes tambi\u00e9n, y siempre pele\u00e9 y me dej\u00e9 todo por esta camiseta\u201d, expres\u00f3.<\/p>\n<p>&nbsp;<\/p>\n<h2><b>\u201cMe vaci\u00e9, ya no tengo m\u00e1s para dar\u201d<\/b><\/h2>\n<p>&nbsp;<\/p>\n<p>En uno de los pasajes m\u00e1s contundentes de su despedida,\u00a0<b>Lionel Messi<\/b>\u00a0explic\u00f3 las razones que lo llevaron a tomar la decisi\u00f3n. \u201cQueda poco y se van cerrando etapas y esta es una que me duele mucho. Amo, am\u00e9 y amar\u00e9 siempre estar en la Selecci\u00f3n\u201d, escribi\u00f3.<\/p>\n<figure class=\"embed\"><img loading=\"lazy\" decoding=\"async\" src=\"https:\/\/elonce-media.elonce.com\/fotos\/2026\/06\/22\/e_1782158278_50009.webp\" alt=\"\" width=\"600\" height=\"400\" \/><\/figure>\n<p>&nbsp;<\/p>\n<p>\u201cMe vaci\u00e9, ya no tengo m\u00e1s para dar y aparte vienen chicos muy grandes atr\u00e1s que merecen estar\u201d, agreg\u00f3 el capit\u00e1n, quien adem\u00e1s agradeci\u00f3 el acompa\u00f1amiento recibido durante sus 20 a\u00f1os defendiendo los colores argentinos.<\/p>\n<p>&nbsp;<\/p>\n<p>Messi asegur\u00f3 que a partir de ahora seguir\u00e1 al equipo desde otro lugar. \u201cVoy a extra\u00f1ar mucho escucharlos desde adentro. Ahora voy a ser uno m\u00e1s de ustedes, alentando y bancando siempre desde afuera, en las buenas y en las malas, mucho m\u00e1s\u201d, se\u00f1al\u00f3.<\/p>\n<figure class=\"embed\"><img loading=\"lazy\" decoding=\"async\" src=\"https:\/\/elonce-media.elonce.com\/fotos\/2026\/06\/22\/e_1782157794_58190.webp\" alt=\"\" width=\"600\" height=\"400\" \/><\/figure>\n<p>&nbsp;<\/p>\n<h2><b>El agradecimiento a su familia y compa\u00f1eros<\/b><\/h2>\n<p>&nbsp;<\/p>\n<p>El rosarino dedic\u00f3 tambi\u00e9n una parte especial de su publicaci\u00f3n a quienes lo acompa\u00f1aron durante su trayectoria. \u201cGracias a mi familia por estar siempre, por acompa\u00f1arme en este viaje tan hermoso pero dif\u00edcil\u201d, manifest\u00f3.<\/p>\n<p>&nbsp;<\/p>\n<p>Asimismo, agradeci\u00f3 a \u201ccada uno de los entrenadores, compa\u00f1eros y dirigentes\u201d con los que comparti\u00f3 su recorrido. \u201cMe llevo recuerdos y momentos inolvidables vividos\u201d, sostuvo.<\/p>\n<\/header>\n<p>\u201cMe voy con la tranquilidad y el orgullo de haberles regalado, junto con mis compa\u00f1eros, momentos so\u00f1ados. Fue una locura haberlo vivido con ustedes. \u00a1Los quiero!\u201d, expres\u00f3\u00a0<b>Lionel Messi<\/b>\u00a0antes de cerrar su mensaje con una frase que acompa\u00f1\u00f3 buena parte de su carrera: \u201cGracias Dios por hacerme argentino. \u00a1Vamos Argentina!\u201d.<\/p>\n<p>&nbsp;<\/p>\n<h2><b>Una decisi\u00f3n que hab\u00eda tomado despu\u00e9s de la final<\/b><\/h2>\n<p>&nbsp;<\/p>\n<p>Al final de la publicaci\u00f3n, Messi revel\u00f3 que el texto no hab\u00eda sido escrito este lunes. \u201cEstas palabras las escrib\u00ed el 21 de julio, dos d\u00edas despu\u00e9s de la final\u201d, explic\u00f3.<\/p>\n<figure class=\"embed\"><img loading=\"lazy\" decoding=\"async\" src=\"https:\/\/elonce-media.elonce.com\/fotos\/2026\/06\/23\/e_1782223875_28559.webp\" alt=\"\" width=\"600\" height=\"400\" \/><\/figure>\n<p>Sin embargo, el capit\u00e1n agreg\u00f3 que los acontecimientos personales posteriores terminaron de reafirmar su postura. \u201cHoy, despu\u00e9s de lo de mi pap\u00e1, estoy m\u00e1s convencido que antes\u201d, se\u00f1al\u00f3.<\/p>\n<p>&nbsp;<\/p>\n<p>De esta manera,\u00a0<b>Lionel Messi<\/b> cerr\u00f3 oficialmente su etapa con la Selecci\u00f3n Argentina despu\u00e9s de 20 a\u00f1os, dejando atr\u00e1s una trayectoria marcada por t\u00edtulos, r\u00e9cords, finales, derrotas y consagraciones que lo ubicaron como uno de los futbolistas m\u00e1s importantes de la historia del equipo nacional. Fuente: El Once<\/p>\n<p><a href=\"https:\/\/victoriaaldia.com\/?attachment_id=9289\" rel=\"attachment wp-att-9289\"><img loading=\"lazy\" decoding=\"async\" class=\"aligncenter size-full wp-image-9289\" src=\"http:\/\/victoriaaldia.com\/wp-content\/uploads\/2023\/11\/estancia-mendoza.png\" alt=\"\" width=\"720\" height=\"90\" srcset=\"https:\/\/victoriaaldia.com\/wp-content\/uploads\/2023\/11\/estancia-mendoza.png 720w, https:\/\/victoriaaldia.com\/wp-content\/uploads\/2023\/11\/estancia-mendoza-300x38.png 300w\" sizes=\"auto, (max-width: 720px) 100vw, 720px\" \/><\/a><\/p>\n","protected":false},"excerpt":{"rendered":"<p>Fin de una era El capit\u00e1n confirm\u00f3 su decisi\u00f3n mediante un mensaje publicado en sus redes sociales. Explic\u00f3 que hab\u00eda&hellip;<\/p>\n","protected":false},"author":3,"featured_media":41901,"comment_status":"closed","ping_status":"closed","sticky":false,"template":"","format":"standard","meta":{"nogoya_volanta":"","nogoya_breaking":false,"nogoya_exclusive":false,"footnotes":""},"categories":[6,4,3],"tags":[],"class_list":["post-41900","post","type-post","status-publish","format-standard","has-post-thumbnail","hentry","category-deportes","category-nacionales","category-noticias"],"yoast_head":"<!-- This site is optimized with the Yoast SEO plugin v28.3 - https:\/\/yoast.com\/product\/yoast-seo-wordpress\/ -->\n<title>Lionel Messi anunci\u00f3 su retiro de la Selecci\u00f3n Argentina: \u201cMe vaci\u00e9, ya no tengo m\u00e1s para dar\u201d - Victoria Al D\u00eda<\/title>\n<meta name=\"robots\" content=\"index, follow, max-snippet:-1, max-image-preview:large, max-video-preview:-1\" \/>\n<link rel=\"canonical\" href=\"https:\/\/victoriaaldia.com\/?p=41900\" \/>\n<meta property=\"og:locale\" content=\"es_ES\" \/>\n<meta property=\"og:type\" content=\"article\" \/>\n<meta property=\"og:title\" content=\"Lionel Messi anunci\u00f3 su retiro de la Selecci\u00f3n Argentina: \u201cMe vaci\u00e9, ya no tengo m\u00e1s para dar\u201d - Victoria Al D\u00eda\" \/>\n<meta property=\"og:description\" content=\"Fin de una era El capit\u00e1n confirm\u00f3 su decisi\u00f3n mediante un mensaje publicado en sus redes sociales. Explic\u00f3 que hab\u00eda&hellip;\" \/>\n<meta property=\"og:url\" content=\"https:\/\/victoriaaldia.com\/?p=41900\" \/>\n<meta property=\"og:site_name\" content=\"Victoria Al D\u00eda\" \/>\n<meta property=\"article:published_time\" content=\"2026-09-01T01:29:23+00:00\" \/>\n<meta property=\"og:image\" content=\"http:\/\/victoriaaldia.com\/wp-content\/uploads\/2026\/08\/Captura-de-pantalla-2026-08-31-222653.png\" \/>\n\t<meta property=\"og:image:width\" content=\"763\" \/>\n\t<meta property=\"og:image:height\" content=\"506\" \/>\n\t<meta property=\"og:image:type\" content=\"image\/png\" \/>\n<meta name=\"author\" content=\"Victoria Al D\u00eda\" \/>\n<meta name=\"twitter:card\" content=\"summary_large_image\" \/>\n<meta name=\"twitter:label1\" content=\"Escrito por\" \/>\n\t<meta name=\"twitter:data1\" content=\"\" \/>\n\t<meta name=\"twitter:label2\" content=\"Tiempo de lectura\" \/>\n\t<meta name=\"twitter:data2\" content=\"4 minutos\" \/>\n<script type=\"application\/ld+json\" class=\"yoast-schema-graph\">{\"@context\":\"https:\\\/\\\/schema.org\",\"@graph\":[{\"@type\":\"Article\",\"@id\":\"https:\\\/\\\/victoriaaldia.com\\\/?p=41900#article\",\"isPartOf\":{\"@id\":\"https:\\\/\\\/victoriaaldia.com\\\/?p=41900\"},\"author\":{\"name\":\"Victoria Al D\u00eda\",\"@id\":\"https:\\\/\\\/victoriaaldia.com\\\/#\\\/schema\\\/person\\\/2314e106bcb401e92ff95595d5c292ef\"},\"headline\":\"Lionel Messi anunci\u00f3 su retiro de la Selecci\u00f3n Argentina: \u201cMe vaci\u00e9, ya no tengo m\u00e1s para dar\u201d\",\"datePublished\":\"2026-09-01T01:29:23+00:00\",\"mainEntityOfPage\":{\"@id\":\"https:\\\/\\\/victoriaaldia.com\\\/?p=41900\"},\"wordCount\":647,\"publisher\":{\"@id\":\"https:\\\/\\\/victoriaaldia.com\\\/#organization\"},\"image\":{\"@id\":\"https:\\\/\\\/victoriaaldia.com\\\/?p=41900#primaryimage\"},\"thumbnailUrl\":\"https:\\\/\\\/victoriaaldia.com\\\/wp-content\\\/uploads\\\/2026\\\/08\\\/Captura-de-pantalla-2026-08-31-222653.png\",\"articleSection\":[\"Deportes\",\"Nacionales\",\"Noticias\"],\"inLanguage\":\"es-AR\"},{\"@type\":\"WebPage\",\"@id\":\"https:\\\/\\\/victoriaaldia.com\\\/?p=41900\",\"url\":\"https:\\\/\\\/victoriaaldia.com\\\/?p=41900\",\"name\":\"Lionel Messi anunci\u00f3 su retiro de la Selecci\u00f3n Argentina: \u201cMe vaci\u00e9, ya no tengo m\u00e1s para dar\u201d - Victoria Al D\u00eda\",\"isPartOf\":{\"@id\":\"https:\\\/\\\/victoriaaldia.com\\\/#website\"},\"primaryImageOfPage\":{\"@id\":\"https:\\\/\\\/victoriaaldia.com\\\/?p=41900#primaryimage\"},\"image\":{\"@id\":\"https:\\\/\\\/victoriaaldia.com\\\/?p=41900#primaryimage\"},\"thumbnailUrl\":\"https:\\\/\\\/victoriaaldia.com\\\/wp-content\\\/uploads\\\/2026\\\/08\\\/Captura-de-pantalla-2026-08-31-222653.png\",\"datePublished\":\"2026-09-01T01:29:23+00:00\",\"breadcrumb\":{\"@id\":\"https:\\\/\\\/victoriaaldia.com\\\/?p=41900#breadcrumb\"},\"inLanguage\":\"es-AR\",\"potentialAction\":[{\"@type\":\"ReadAction\",\"target\":[\"https:\\\/\\\/victoriaaldia.com\\\/?p=41900\"]}]},{\"@type\":\"ImageObject\",\"inLanguage\":\"es-AR\",\"@id\":\"https:\\\/\\\/victoriaaldia.com\\\/?p=41900#primaryimage\",\"url\":\"https:\\\/\\\/victoriaaldia.com\\\/wp-content\\\/uploads\\\/2026\\\/08\\\/Captura-de-pantalla-2026-08-31-222653.png\",\"contentUrl\":\"https:\\\/\\\/victoriaaldia.com\\\/wp-content\\\/uploads\\\/2026\\\/08\\\/Captura-de-pantalla-2026-08-31-222653.png\",\"width\":763,\"height\":506},{\"@type\":\"BreadcrumbList\",\"@id\":\"https:\\\/\\\/victoriaaldia.com\\\/?p=41900#breadcrumb\",\"itemListElement\":[{\"@type\":\"ListItem\",\"position\":1,\"name\":\"Inicio\",\"item\":\"https:\\\/\\\/victoriaaldia.com\\\/\"},{\"@type\":\"ListItem\",\"position\":2,\"name\":\"Lionel Messi anunci\u00f3 su retiro de la Selecci\u00f3n Argentina: \u201cMe vaci\u00e9, ya no tengo m\u00e1s para dar\u201d\"}]},{\"@type\":\"WebSite\",\"@id\":\"https:\\\/\\\/victoriaaldia.com\\\/#website\",\"url\":\"https:\\\/\\\/victoriaaldia.com\\\/\",\"name\":\"Victoria Al D\u00eda\",\"description\":\"Diario Digital\",\"publisher\":{\"@id\":\"https:\\\/\\\/victoriaaldia.com\\\/#organization\"},\"potentialAction\":[{\"@type\":\"SearchAction\",\"target\":{\"@type\":\"EntryPoint\",\"urlTemplate\":\"https:\\\/\\\/victoriaaldia.com\\\/?s={search_term_string}\"},\"query-input\":{\"@type\":\"PropertyValueSpecification\",\"valueRequired\":true,\"valueName\":\"search_term_string\"}}],\"inLanguage\":\"es-AR\"},{\"@type\":\"Organization\",\"@id\":\"https:\\\/\\\/victoriaaldia.com\\\/#organization\",\"name\":\"Victoria Al D\u00eda\",\"url\":\"https:\\\/\\\/victoriaaldia.com\\\/\",\"logo\":{\"@type\":\"ImageObject\",\"inLanguage\":\"es-AR\",\"@id\":\"https:\\\/\\\/victoriaaldia.com\\\/#\\\/schema\\\/logo\\\/image\\\/\",\"url\":\"https:\\\/\\\/victoriaaldia.com\\\/wp-content\\\/uploads\\\/2023\\\/11\\\/logo.png\",\"contentUrl\":\"https:\\\/\\\/victoriaaldia.com\\\/wp-content\\\/uploads\\\/2023\\\/11\\\/logo.png\",\"width\":394,\"height\":128,\"caption\":\"Victoria Al D\u00eda\"},\"image\":{\"@id\":\"https:\\\/\\\/victoriaaldia.com\\\/#\\\/schema\\\/logo\\\/image\\\/\"}},{\"@type\":\"Person\",\"@id\":\"https:\\\/\\\/victoriaaldia.com\\\/#\\\/schema\\\/person\\\/2314e106bcb401e92ff95595d5c292ef\",\"name\":\"Victoria Al D\u00eda\",\"url\":\"https:\\\/\\\/victoriaaldia.com\\\/?author=3\"}]}<\/script>\n<!-- \/ Yoast SEO plugin. -->","yoast_head_json":{"title":"Lionel Messi anunci\u00f3 su retiro de la Selecci\u00f3n Argentina: \u201cMe vaci\u00e9, ya no tengo m\u00e1s para dar\u201d - Victoria Al D\u00eda","robots":{"index":"index","follow":"follow","max-snippet":"max-snippet:-1","max-image-preview":"max-image-preview:large","max-video-preview":"max-video-preview:-1"},"canonical":"https:\/\/victoriaaldia.com\/?p=41900","og_locale":"es_ES","og_type":"article","og_title":"Lionel Messi anunci\u00f3 su retiro de la Selecci\u00f3n Argentina: \u201cMe vaci\u00e9, ya no tengo m\u00e1s para dar\u201d - Victoria Al D\u00eda","og_description":"Fin de una era El capit\u00e1n confirm\u00f3 su decisi\u00f3n mediante un mensaje publicado en sus redes sociales. Explic\u00f3 que hab\u00eda&hellip;","og_url":"https:\/\/victoriaaldia.com\/?p=41900","og_site_name":"Victoria Al D\u00eda","article_published_time":"2026-09-01T01:29:23+00:00","og_image":[{"width":763,"height":506,"url":"http:\/\/victoriaaldia.com\/wp-content\/uploads\/2026\/08\/Captura-de-pantalla-2026-08-31-222653.png","type":"image\/png"}],"author":"Victoria Al D\u00eda","twitter_card":"summary_large_image","twitter_misc":{"Escrito por":"","Tiempo de lectura":"4 minutos"},"schema":{"@context":"https:\/\/schema.org","@graph":[{"@type":"Article","@id":"https:\/\/victoriaaldia.com\/?p=41900#article","isPartOf":{"@id":"https:\/\/victoriaaldia.com\/?p=41900"},"author":{"name":"Victoria Al D\u00eda","@id":"https:\/\/victoriaaldia.com\/#\/schema\/person\/2314e106bcb401e92ff95595d5c292ef"},"headline":"Lionel Messi anunci\u00f3 su retiro de la Selecci\u00f3n Argentina: \u201cMe vaci\u00e9, ya no tengo m\u00e1s para dar\u201d","datePublished":"2026-09-01T01:29:23+00:00","mainEntityOfPage":{"@id":"https:\/\/victoriaaldia.com\/?p=41900"},"wordCount":647,"publisher":{"@id":"https:\/\/victoriaaldia.com\/#organization"},"image":{"@id":"https:\/\/victoriaaldia.com\/?p=41900#primaryimage"},"thumbnailUrl":"https:\/\/victoriaaldia.com\/wp-content\/uploads\/2026\/08\/Captura-de-pantalla-2026-08-31-222653.png","articleSection":["Deportes","Nacionales","Noticias"],"inLanguage":"es-AR"},{"@type":"WebPage","@id":"https:\/\/victoriaaldia.com\/?p=41900","url":"https:\/\/victoriaaldia.com\/?p=41900","name":"Lionel Messi anunci\u00f3 su retiro de la Selecci\u00f3n Argentina: \u201cMe vaci\u00e9, ya no tengo m\u00e1s para dar\u201d - Victoria Al D\u00eda","isPartOf":{"@id":"https:\/\/victoriaaldia.com\/#website"},"primaryImageOfPage":{"@id":"https:\/\/victoriaaldia.com\/?p=41900#primaryimage"},"image":{"@id":"https:\/\/victoriaaldia.com\/?p=41900#primaryimage"},"thumbnailUrl":"https:\/\/victoriaaldia.com\/wp-content\/uploads\/2026\/08\/Captura-de-pantalla-2026-08-31-222653.png","datePublished":"2026-09-01T01:29:23+00:00","breadcrumb":{"@id":"https:\/\/victoriaaldia.com\/?p=41900#breadcrumb"},"inLanguage":"es-AR","potentialAction":[{"@type":"ReadAction","target":["https:\/\/victoriaaldia.com\/?p=41900"]}]},{"@type":"ImageObject","inLanguage":"es-AR","@id":"https:\/\/victoriaaldia.com\/?p=41900#primaryimage","url":"https:\/\/victoriaaldia.com\/wp-content\/uploads\/2026\/08\/Captura-de-pantalla-2026-08-31-222653.png","contentUrl":"https:\/\/victoriaaldia.com\/wp-content\/uploads\/2026\/08\/Captura-de-pantalla-2026-08-31-222653.png","width":763,"height":506},{"@type":"BreadcrumbList","@id":"https:\/\/victoriaaldia.com\/?p=41900#breadcrumb","itemListElement":[{"@type":"ListItem","position":1,"name":"Inicio","item":"https:\/\/victoriaaldia.com\/"},{"@type":"ListItem","position":2,"name":"Lionel Messi anunci\u00f3 su retiro de la Selecci\u00f3n Argentina: \u201cMe vaci\u00e9, ya no tengo m\u00e1s para dar\u201d"}]},{"@type":"WebSite","@id":"https:\/\/victoriaaldia.com\/#website","url":"https:\/\/victoriaaldia.com\/","name":"Victoria Al D\u00eda","description":"Diario Digital","publisher":{"@id":"https:\/\/victoriaaldia.com\/#organization"},"potentialAction":[{"@type":"SearchAction","target":{"@type":"EntryPoint","urlTemplate":"https:\/\/victoriaaldia.com\/?s={search_term_string}"},"query-input":{"@type":"PropertyValueSpecification","valueRequired":true,"valueName":"search_term_string"}}],"inLanguage":"es-AR"},{"@type":"Organization","@id":"https:\/\/victoriaaldia.com\/#organization","name":"Victoria Al D\u00eda","url":"https:\/\/victoriaaldia.com\/","logo":{"@type":"ImageObject","inLanguage":"es-AR","@id":"https:\/\/victoriaaldia.com\/#\/schema\/logo\/image\/","url":"https:\/\/victoriaaldia.com\/wp-content\/uploads\/2023\/11\/logo.png","contentUrl":"https:\/\/victoriaaldia.com\/wp-content\/uploads\/2023\/11\/logo.png","width":394,"height":128,"caption":"Victoria Al D\u00eda"},"image":{"@id":"https:\/\/victoriaaldia.com\/#\/schema\/logo\/image\/"}},{"@type":"Person","@id":"https:\/\/victoriaaldia.com\/#\/schema\/person\/2314e106bcb401e92ff95595d5c292ef","name":"Victoria Al D\u00eda","url":"https:\/\/victoriaaldia.com\/?author=3"}]}},"_links":{"self":[{"href":"https:\/\/victoriaaldia.com\/index.php?rest_route=\/wp\/v2\/posts\/41900","targetHints":{"allow":["GET"]}}],"collection":[{"href":"https:\/\/victoriaaldia.com\/index.php?rest_route=\/wp\/v2\/posts"}],"about":[{"href":"https:\/\/victoriaaldia.com\/index.php?rest_route=\/wp\/v2\/types\/post"}],"author":[{"embeddable":true,"href":"https:\/\/victoriaaldia.com\/index.php?rest_route=\/wp\/v2\/users\/3"}],"replies":[{"embeddable":true,"href":"https:\/\/victoriaaldia.com\/index.php?rest_route=%2Fwp%2Fv2%2Fcomments&post=41900"}],"version-history":[{"count":1,"href":"https:\/\/victoriaaldia.com\/index.php?rest_route=\/wp\/v2\/posts\/41900\/revisions"}],"predecessor-version":[{"id":41902,"href":"https:\/\/victoriaaldia.com\/index.php?rest_route=\/wp\/v2\/posts\/41900\/revisions\/41902"}],"wp:featuredmedia":[{"embeddable":true,"href":"https:\/\/victoriaaldia.com\/index.php?rest_route=\/wp\/v2\/media\/41901"}],"wp:attachment":[{"href":"https:\/\/victoriaaldia.com\/index.php?rest_route=%2Fwp%2Fv2%2Fmedia&parent=41900"}],"wp:term":[{"taxonomy":"category","embeddable":true,"href":"https:\/\/victoriaaldia.com\/index.php?rest_route=%2Fwp%2Fv2%2Fcategories&post=41900"},{"taxonomy":"post_tag","embeddable":true,"href":"https:\/\/victoriaaldia.com\/index.php?rest_route=%2Fwp%2Fv2%2Ftags&post=41900"}],"curies":[{"name":"wp","href":"https:\/\/api.w.org\/{rel}","templated":true}]}}