{"id":41903,"date":"2026-09-01T10:07:35","date_gmt":"2026-09-01T13:07:35","guid":{"rendered":"https:\/\/victoriaaldia.com\/?p=41903"},"modified":"2026-09-01T10:07:35","modified_gmt":"2026-09-01T13:07:35","slug":"septiembre-comienza-con-frio-y-pocas-lluvias-que-anticipa-el-pronostico","status":"publish","type":"post","link":"https:\/\/victoriaaldia.com\/?p=41903","title":{"rendered":"Septiembre comienza con fr\u00edo y pocas lluvias: qu\u00e9 anticipa el pron\u00f3stico"},"content":{"rendered":"<h2>Meteorolog\u00eda<\/h2>\n<header class=\"cl-24 header-interior interior-top-1\">El fr\u00edo ganar\u00e1 terreno durante la primera semana de septiembre. En Paran\u00e1, las temperaturas descender\u00e1n desde el viernes y podr\u00edan alcanzar los 2 grados.<\/header>\n<header>El comienzo de septiembre, y con \u00e9l de la primavera meteorol\u00f3gica, presenta una se\u00f1al t\u00e9rmica interesante en la \u00faltima actualizaci\u00f3n del modelo europeo ECMWF. Hasta el lunes 7 de septiembre, se observa una amplia regi\u00f3n de Argentina con temperaturas medias inferiores a los valores normales.<\/p>\n<p>&nbsp;<\/p>\n<p>Los mayores desv\u00edos negativos aparecen sobre el norte y noreste del pa\u00eds, especialmente en sectores del NEA y el Litoral, donde la anomal\u00eda semanal alcanza aproximadamente entre -2 \u00b0C y -3 \u00b0C. Tambi\u00e9n se proyectan temperaturas inferiores a las habituales sobre buena parte de la regi\u00f3n Pampeana, aunque con una se\u00f1al menos marcada.<\/p>\n<p>&nbsp;<\/p>\n<p><img data-src=\"https:\/\/services.meteored.com\/img\/article\/el-nino-y-las-lluvias-de-primavera-que-espera-el-ecmwf-para-argentina-en-septiembre-octubre-y-noviembre-1788008508653_320.jpg\" \/>El contraste es muy evidente hacia el oeste. Cuyo, el oeste del NOA y especialmente sectores pr\u00f3ximos a la cordillera presentan anomal\u00edas positivas o cercanas a la normalidad, mientras que sobre la Patagonia predominan condiciones t\u00e9rmicas m\u00e1s moderadas. Esto plantea un inicio de septiembre con una distribuci\u00f3n t\u00e9rmica muy diferente seg\u00fan la regi\u00f3n.<\/p>\n<h2><\/h2>\n<h2>Las lluvias quedar\u00edan relegadas durante los primeros d\u00edas del mes<\/h2>\n<p>El escenario de precipitaciones es todav\u00eda m\u00e1s llamativo. El ECMWF proyecta anomal\u00edas negativas sobre buena parte del centro y norte de Argentina, con una se\u00f1al particularmente definida sobre la regi\u00f3n Pampeana, el Litoral y sectores del norte del pa\u00eds. En estas \u00e1reas, los acumulados semanales podr\u00edan ubicarse por debajo de los valores habituales.<\/p>\n<p><img data-src=\"https:\/\/services.meteored.com\/img\/article\/ecmwf-anticipa-una-primera-semana-de-septiembre-mas-fria-y-seca-en-gran-parte-de-argentina-1788101198261_1024.png\" \/><\/p>\n<p>En t\u00e9rminos de anomal\u00eda, aparecen sectores con d\u00e9ficits del orden de 10 mm a 30 mm, e incluso valores superiores en algunas zonas. Esto no significa necesariamente que no vaya a llover, sino que el volumen total de la semana ser\u00eda inferior al esperado climatol\u00f3gicamente para ese per\u00edodo. El producto semanal del ECMWF representa precisamente el desv\u00edo de la precipitaci\u00f3n acumulada respecto de su climatolog\u00eda.<\/p>\n<p><img loading=\"lazy\" decoding=\"async\" src=\"https:\/\/services.meteored.com\/img\/article\/ecmwf-anticipa-una-primera-semana-de-septiembre-mas-fria-y-seca-en-gran-parte-de-argentina-1788101198261_1024.png\" width=\"458\" height=\"322\" \/><\/p>\n<p>El dato resulta especialmente interesante porque las tendencias mensuales para septiembre mantienen una se\u00f1al m\u00e1s h\u00fameda sobre el norte y el este argentino. Por lo tanto, el comienzo seco que plantea esta actualizaci\u00f3n no necesariamente contradice esa perspectiva: podr\u00eda tratarse simplemente de una primera semana con menor actividad, dentro de un mes que todav\u00eda podr\u00eda presentar una recuperaci\u00f3n de las lluvias posteriormente, indica\u00a0<i>Meteored<\/i>.<\/p>\n<h2>Pron\u00f3stico para Entre R\u00edos<\/h2>\n<p>Para este martes 1\u00ba de septiembre, el organismo prev\u00e9 una temperatura m\u00ednima de\u00a0<b>13 grados y una m\u00e1xima de 21 grados<\/b>. La jornada comenzar\u00e1 con neblinas, mientras que posteriormente se presentar\u00e1 con cielo parcialmente despejado y sin probabilidades de precipitaciones.<\/p>\n<p>&nbsp;<\/p>\n<p>El mi\u00e9rcoles 2 ser\u00e1 el d\u00eda m\u00e1s c\u00e1lido de los pr\u00f3ximos siete d\u00edas. La m\u00ednima descender\u00e1 hasta los\u00a0<b>11 grados<\/b>, pero durante la tarde la temperatura alcanzar\u00e1 los\u00a0<b>24 grados<\/b>. Tampoco se esperan lluvias y el cielo tendr\u00e1 poca nubosidad durante buena parte de la jornada.<\/p>\n<h2>Cu\u00e1ndo comenzar\u00e1 a bajar la temperatura<\/h2>\n<p>A partir del jueves empezar\u00e1 a observarse un descenso de los registros t\u00e9rmicos. Para esa jornada, el SMN anticipa\u00a0<b>13 grados de m\u00ednima y 21 de m\u00e1xima<\/b>, con cielo entre parcialmente nublado y algo nublado y una probabilidad de precipitaciones del 0%.<\/p>\n<p>&nbsp;<\/p>\n<p>El cambio m\u00e1s significativo llegar\u00e1 durante el viernes 4. La temperatura m\u00ednima caer\u00e1 hasta los\u00a0<b>8 grados<\/b>, mientras que la m\u00e1xima solamente alcanzar\u00e1 los\u00a0<b>18 grados<\/b>. Las condiciones permanecer\u00e1n estables y no se pronostican precipitaciones.<\/p>\n<p>&nbsp;<\/p>\n<p>De esta manera, despu\u00e9s de las temperaturas relativamente templadas previstas para el comienzo de la semana, el ingreso de aire m\u00e1s fr\u00edo se har\u00e1 evidente desde el viernes y se profundizar\u00e1 durante el fin de semana.<\/p>\n<h3><\/h3>\n<h3>Fin de semana fr\u00edo y sin lluvias<\/h3>\n<p>El s\u00e1bado 5 continuar\u00e1 el descenso t\u00e9rmico en Paran\u00e1. El pron\u00f3stico indica una\u00a0<b>m\u00ednima de 7 grados y una m\u00e1xima de 16<\/b>, con cielo parcialmente nublado y nuevamente sin probabilidades de lluvias.<\/p>\n<p>&nbsp;<\/p>\n<p>Para el domingo 6 se espera otro marcado descenso: los registros se ubicar\u00e1n entre los\u00a0<b>3 y los 13 grados<\/b>. El cielo estar\u00e1 mayormente nublado y existe apenas entre\u00a0<b>0% y 10% de probabilidad de precipitaciones<\/b>, de acuerdo con la informaci\u00f3n exhibida por el organismo nacional.<\/p>\n<p>&nbsp;<\/p>\n<p>El panorama muestra as\u00ed un fin de semana considerablemente m\u00e1s fr\u00edo que el comienzo de septiembre, particularmente durante las primeras horas de cada jornada.<\/p>\n<h3><\/h3>\n<h3>La m\u00ednima podr\u00eda llegar a los 2 grados<\/h3>\n<p>El per\u00edodo m\u00e1s fr\u00edo previsto en el pron\u00f3stico llegar\u00e1 el\u00a0<b>lunes 7 de septiembre<\/b>, cuando el term\u00f3metro podr\u00eda descender hasta los\u00a0<b>2 grados<\/b>\u00a0durante las primeras horas del d\u00eda.<\/p>\n<p>&nbsp;<\/p>\n<p>Para esa jornada, la m\u00e1xima prevista es de solamente\u00a0<b>14 grados<\/b>, con cielo mayormente nublado y sin lluvias. De concretarse esos registros, habr\u00e1 una diferencia importante respecto del mi\u00e9rcoles, cuando se esperan hasta 24 grados. Fuente: El Once<\/p>\n<p><a href=\"https:\/\/victoriaaldia.com\/?attachment_id=9273\" rel=\"attachment wp-att-9273\"><img loading=\"lazy\" decoding=\"async\" class=\"aligncenter size-full wp-image-9273\" src=\"http:\/\/victoriaaldia.com\/wp-content\/uploads\/2023\/11\/el-progreso.png\" alt=\"\" width=\"720\" height=\"90\" srcset=\"https:\/\/victoriaaldia.com\/wp-content\/uploads\/2023\/11\/el-progreso.png 720w, https:\/\/victoriaaldia.com\/wp-content\/uploads\/2023\/11\/el-progreso-300x38.png 300w\" sizes=\"auto, (max-width: 720px) 100vw, 720px\" \/><\/a><\/p>\n<p>&nbsp;<\/p>\n<\/header>\n","protected":false},"excerpt":{"rendered":"<p>Meteorolog\u00eda El fr\u00edo ganar\u00e1 terreno durante la primera semana de septiembre. En Paran\u00e1, las temperaturas descender\u00e1n desde el viernes y&hellip;<\/p>\n","protected":false},"author":3,"featured_media":41904,"comment_status":"closed","ping_status":"closed","sticky":false,"template":"","format":"standard","meta":{"nogoya_volanta":"","nogoya_breaking":false,"nogoya_exclusive":false,"footnotes":""},"categories":[3,21,17],"tags":[],"class_list":["post-41903","post","type-post","status-publish","format-standard","has-post-thumbnail","hentry","category-noticias","category-provinciales","category-sociedad"],"yoast_head":"<!-- This site is optimized with the Yoast SEO plugin v28.3 - https:\/\/yoast.com\/product\/yoast-seo-wordpress\/ -->\n<title>Septiembre comienza con fr\u00edo y pocas lluvias: qu\u00e9 anticipa el pron\u00f3stico - Victoria Al D\u00eda<\/title>\n<meta name=\"robots\" content=\"index, follow, max-snippet:-1, max-image-preview:large, max-video-preview:-1\" \/>\n<link rel=\"canonical\" href=\"https:\/\/victoriaaldia.com\/?p=41903\" \/>\n<meta property=\"og:locale\" content=\"es_ES\" \/>\n<meta property=\"og:type\" content=\"article\" \/>\n<meta property=\"og:title\" content=\"Septiembre comienza con fr\u00edo y pocas lluvias: qu\u00e9 anticipa el pron\u00f3stico - Victoria Al D\u00eda\" \/>\n<meta property=\"og:description\" content=\"Meteorolog\u00eda El fr\u00edo ganar\u00e1 terreno durante la primera semana de septiembre. En Paran\u00e1, las temperaturas descender\u00e1n desde el viernes y&hellip;\" \/>\n<meta property=\"og:url\" content=\"https:\/\/victoriaaldia.com\/?p=41903\" \/>\n<meta property=\"og:site_name\" content=\"Victoria Al D\u00eda\" \/>\n<meta property=\"article:published_time\" content=\"2026-09-01T13:07:35+00:00\" \/>\n<meta property=\"og:image\" content=\"http:\/\/victoriaaldia.com\/wp-content\/uploads\/2026\/09\/Captura-de-pantalla-2026-09-01-100642.png\" \/>\n\t<meta property=\"og:image:width\" content=\"874\" \/>\n\t<meta property=\"og:image:height\" content=\"578\" \/>\n\t<meta property=\"og:image:type\" content=\"image\/png\" \/>\n<meta name=\"author\" content=\"Victoria Al D\u00eda\" \/>\n<meta name=\"twitter:card\" content=\"summary_large_image\" \/>\n<meta name=\"twitter:label1\" content=\"Escrito por\" \/>\n\t<meta name=\"twitter:data1\" content=\"\" \/>\n\t<meta name=\"twitter:label2\" content=\"Tiempo de lectura\" \/>\n\t<meta name=\"twitter:data2\" content=\"5 minutos\" \/>\n<script type=\"application\/ld+json\" class=\"yoast-schema-graph\">{\"@context\":\"https:\\\/\\\/schema.org\",\"@graph\":[{\"@type\":\"Article\",\"@id\":\"https:\\\/\\\/victoriaaldia.com\\\/?p=41903#article\",\"isPartOf\":{\"@id\":\"https:\\\/\\\/victoriaaldia.com\\\/?p=41903\"},\"author\":{\"name\":\"Victoria Al D\u00eda\",\"@id\":\"https:\\\/\\\/victoriaaldia.com\\\/#\\\/schema\\\/person\\\/2314e106bcb401e92ff95595d5c292ef\"},\"headline\":\"Septiembre comienza con fr\u00edo y pocas lluvias: qu\u00e9 anticipa el pron\u00f3stico\",\"datePublished\":\"2026-09-01T13:07:35+00:00\",\"mainEntityOfPage\":{\"@id\":\"https:\\\/\\\/victoriaaldia.com\\\/?p=41903\"},\"wordCount\":846,\"publisher\":{\"@id\":\"https:\\\/\\\/victoriaaldia.com\\\/#organization\"},\"image\":{\"@id\":\"https:\\\/\\\/victoriaaldia.com\\\/?p=41903#primaryimage\"},\"thumbnailUrl\":\"https:\\\/\\\/victoriaaldia.com\\\/wp-content\\\/uploads\\\/2026\\\/09\\\/Captura-de-pantalla-2026-09-01-100642.png\",\"articleSection\":[\"Noticias\",\"Provinciales\",\"Sociedad\"],\"inLanguage\":\"es-AR\"},{\"@type\":\"WebPage\",\"@id\":\"https:\\\/\\\/victoriaaldia.com\\\/?p=41903\",\"url\":\"https:\\\/\\\/victoriaaldia.com\\\/?p=41903\",\"name\":\"Septiembre comienza con fr\u00edo y pocas lluvias: qu\u00e9 anticipa el pron\u00f3stico - Victoria Al D\u00eda\",\"isPartOf\":{\"@id\":\"https:\\\/\\\/victoriaaldia.com\\\/#website\"},\"primaryImageOfPage\":{\"@id\":\"https:\\\/\\\/victoriaaldia.com\\\/?p=41903#primaryimage\"},\"image\":{\"@id\":\"https:\\\/\\\/victoriaaldia.com\\\/?p=41903#primaryimage\"},\"thumbnailUrl\":\"https:\\\/\\\/victoriaaldia.com\\\/wp-content\\\/uploads\\\/2026\\\/09\\\/Captura-de-pantalla-2026-09-01-100642.png\",\"datePublished\":\"2026-09-01T13:07:35+00:00\",\"breadcrumb\":{\"@id\":\"https:\\\/\\\/victoriaaldia.com\\\/?p=41903#breadcrumb\"},\"inLanguage\":\"es-AR\",\"potentialAction\":[{\"@type\":\"ReadAction\",\"target\":[\"https:\\\/\\\/victoriaaldia.com\\\/?p=41903\"]}]},{\"@type\":\"ImageObject\",\"inLanguage\":\"es-AR\",\"@id\":\"https:\\\/\\\/victoriaaldia.com\\\/?p=41903#primaryimage\",\"url\":\"https:\\\/\\\/victoriaaldia.com\\\/wp-content\\\/uploads\\\/2026\\\/09\\\/Captura-de-pantalla-2026-09-01-100642.png\",\"contentUrl\":\"https:\\\/\\\/victoriaaldia.com\\\/wp-content\\\/uploads\\\/2026\\\/09\\\/Captura-de-pantalla-2026-09-01-100642.png\",\"width\":874,\"height\":578},{\"@type\":\"BreadcrumbList\",\"@id\":\"https:\\\/\\\/victoriaaldia.com\\\/?p=41903#breadcrumb\",\"itemListElement\":[{\"@type\":\"ListItem\",\"position\":1,\"name\":\"Inicio\",\"item\":\"https:\\\/\\\/victoriaaldia.com\\\/\"},{\"@type\":\"ListItem\",\"position\":2,\"name\":\"Septiembre comienza con fr\u00edo y pocas lluvias: qu\u00e9 anticipa el pron\u00f3stico\"}]},{\"@type\":\"WebSite\",\"@id\":\"https:\\\/\\\/victoriaaldia.com\\\/#website\",\"url\":\"https:\\\/\\\/victoriaaldia.com\\\/\",\"name\":\"Victoria Al D\u00eda\",\"description\":\"Diario Digital\",\"publisher\":{\"@id\":\"https:\\\/\\\/victoriaaldia.com\\\/#organization\"},\"potentialAction\":[{\"@type\":\"SearchAction\",\"target\":{\"@type\":\"EntryPoint\",\"urlTemplate\":\"https:\\\/\\\/victoriaaldia.com\\\/?s={search_term_string}\"},\"query-input\":{\"@type\":\"PropertyValueSpecification\",\"valueRequired\":true,\"valueName\":\"search_term_string\"}}],\"inLanguage\":\"es-AR\"},{\"@type\":\"Organization\",\"@id\":\"https:\\\/\\\/victoriaaldia.com\\\/#organization\",\"name\":\"Victoria Al D\u00eda\",\"url\":\"https:\\\/\\\/victoriaaldia.com\\\/\",\"logo\":{\"@type\":\"ImageObject\",\"inLanguage\":\"es-AR\",\"@id\":\"https:\\\/\\\/victoriaaldia.com\\\/#\\\/schema\\\/logo\\\/image\\\/\",\"url\":\"https:\\\/\\\/victoriaaldia.com\\\/wp-content\\\/uploads\\\/2023\\\/11\\\/logo.png\",\"contentUrl\":\"https:\\\/\\\/victoriaaldia.com\\\/wp-content\\\/uploads\\\/2023\\\/11\\\/logo.png\",\"width\":394,\"height\":128,\"caption\":\"Victoria Al D\u00eda\"},\"image\":{\"@id\":\"https:\\\/\\\/victoriaaldia.com\\\/#\\\/schema\\\/logo\\\/image\\\/\"}},{\"@type\":\"Person\",\"@id\":\"https:\\\/\\\/victoriaaldia.com\\\/#\\\/schema\\\/person\\\/2314e106bcb401e92ff95595d5c292ef\",\"name\":\"Victoria Al D\u00eda\",\"url\":\"https:\\\/\\\/victoriaaldia.com\\\/?author=3\"}]}<\/script>\n<!-- \/ Yoast SEO plugin. -->","yoast_head_json":{"title":"Septiembre comienza con fr\u00edo y pocas lluvias: qu\u00e9 anticipa el pron\u00f3stico - Victoria Al D\u00eda","robots":{"index":"index","follow":"follow","max-snippet":"max-snippet:-1","max-image-preview":"max-image-preview:large","max-video-preview":"max-video-preview:-1"},"canonical":"https:\/\/victoriaaldia.com\/?p=41903","og_locale":"es_ES","og_type":"article","og_title":"Septiembre comienza con fr\u00edo y pocas lluvias: qu\u00e9 anticipa el pron\u00f3stico - Victoria Al D\u00eda","og_description":"Meteorolog\u00eda El fr\u00edo ganar\u00e1 terreno durante la primera semana de septiembre. En Paran\u00e1, las temperaturas descender\u00e1n desde el viernes y&hellip;","og_url":"https:\/\/victoriaaldia.com\/?p=41903","og_site_name":"Victoria Al D\u00eda","article_published_time":"2026-09-01T13:07:35+00:00","og_image":[{"width":874,"height":578,"url":"http:\/\/victoriaaldia.com\/wp-content\/uploads\/2026\/09\/Captura-de-pantalla-2026-09-01-100642.png","type":"image\/png"}],"author":"Victoria Al D\u00eda","twitter_card":"summary_large_image","twitter_misc":{"Escrito por":"","Tiempo de lectura":"5 minutos"},"schema":{"@context":"https:\/\/schema.org","@graph":[{"@type":"Article","@id":"https:\/\/victoriaaldia.com\/?p=41903#article","isPartOf":{"@id":"https:\/\/victoriaaldia.com\/?p=41903"},"author":{"name":"Victoria Al D\u00eda","@id":"https:\/\/victoriaaldia.com\/#\/schema\/person\/2314e106bcb401e92ff95595d5c292ef"},"headline":"Septiembre comienza con fr\u00edo y pocas lluvias: qu\u00e9 anticipa el pron\u00f3stico","datePublished":"2026-09-01T13:07:35+00:00","mainEntityOfPage":{"@id":"https:\/\/victoriaaldia.com\/?p=41903"},"wordCount":846,"publisher":{"@id":"https:\/\/victoriaaldia.com\/#organization"},"image":{"@id":"https:\/\/victoriaaldia.com\/?p=41903#primaryimage"},"thumbnailUrl":"https:\/\/victoriaaldia.com\/wp-content\/uploads\/2026\/09\/Captura-de-pantalla-2026-09-01-100642.png","articleSection":["Noticias","Provinciales","Sociedad"],"inLanguage":"es-AR"},{"@type":"WebPage","@id":"https:\/\/victoriaaldia.com\/?p=41903","url":"https:\/\/victoriaaldia.com\/?p=41903","name":"Septiembre comienza con fr\u00edo y pocas lluvias: qu\u00e9 anticipa el pron\u00f3stico - Victoria Al D\u00eda","isPartOf":{"@id":"https:\/\/victoriaaldia.com\/#website"},"primaryImageOfPage":{"@id":"https:\/\/victoriaaldia.com\/?p=41903#primaryimage"},"image":{"@id":"https:\/\/victoriaaldia.com\/?p=41903#primaryimage"},"thumbnailUrl":"https:\/\/victoriaaldia.com\/wp-content\/uploads\/2026\/09\/Captura-de-pantalla-2026-09-01-100642.png","datePublished":"2026-09-01T13:07:35+00:00","breadcrumb":{"@id":"https:\/\/victoriaaldia.com\/?p=41903#breadcrumb"},"inLanguage":"es-AR","potentialAction":[{"@type":"ReadAction","target":["https:\/\/victoriaaldia.com\/?p=41903"]}]},{"@type":"ImageObject","inLanguage":"es-AR","@id":"https:\/\/victoriaaldia.com\/?p=41903#primaryimage","url":"https:\/\/victoriaaldia.com\/wp-content\/uploads\/2026\/09\/Captura-de-pantalla-2026-09-01-100642.png","contentUrl":"https:\/\/victoriaaldia.com\/wp-content\/uploads\/2026\/09\/Captura-de-pantalla-2026-09-01-100642.png","width":874,"height":578},{"@type":"BreadcrumbList","@id":"https:\/\/victoriaaldia.com\/?p=41903#breadcrumb","itemListElement":[{"@type":"ListItem","position":1,"name":"Inicio","item":"https:\/\/victoriaaldia.com\/"},{"@type":"ListItem","position":2,"name":"Septiembre comienza con fr\u00edo y pocas lluvias: qu\u00e9 anticipa el pron\u00f3stico"}]},{"@type":"WebSite","@id":"https:\/\/victoriaaldia.com\/#website","url":"https:\/\/victoriaaldia.com\/","name":"Victoria Al D\u00eda","description":"Diario Digital","publisher":{"@id":"https:\/\/victoriaaldia.com\/#organization"},"potentialAction":[{"@type":"SearchAction","target":{"@type":"EntryPoint","urlTemplate":"https:\/\/victoriaaldia.com\/?s={search_term_string}"},"query-input":{"@type":"PropertyValueSpecification","valueRequired":true,"valueName":"search_term_string"}}],"inLanguage":"es-AR"},{"@type":"Organization","@id":"https:\/\/victoriaaldia.com\/#organization","name":"Victoria Al D\u00eda","url":"https:\/\/victoriaaldia.com\/","logo":{"@type":"ImageObject","inLanguage":"es-AR","@id":"https:\/\/victoriaaldia.com\/#\/schema\/logo\/image\/","url":"https:\/\/victoriaaldia.com\/wp-content\/uploads\/2023\/11\/logo.png","contentUrl":"https:\/\/victoriaaldia.com\/wp-content\/uploads\/2023\/11\/logo.png","width":394,"height":128,"caption":"Victoria Al D\u00eda"},"image":{"@id":"https:\/\/victoriaaldia.com\/#\/schema\/logo\/image\/"}},{"@type":"Person","@id":"https:\/\/victoriaaldia.com\/#\/schema\/person\/2314e106bcb401e92ff95595d5c292ef","name":"Victoria Al D\u00eda","url":"https:\/\/victoriaaldia.com\/?author=3"}]}},"_links":{"self":[{"href":"https:\/\/victoriaaldia.com\/index.php?rest_route=\/wp\/v2\/posts\/41903","targetHints":{"allow":["GET"]}}],"collection":[{"href":"https:\/\/victoriaaldia.com\/index.php?rest_route=\/wp\/v2\/posts"}],"about":[{"href":"https:\/\/victoriaaldia.com\/index.php?rest_route=\/wp\/v2\/types\/post"}],"author":[{"embeddable":true,"href":"https:\/\/victoriaaldia.com\/index.php?rest_route=\/wp\/v2\/users\/3"}],"replies":[{"embeddable":true,"href":"https:\/\/victoriaaldia.com\/index.php?rest_route=%2Fwp%2Fv2%2Fcomments&post=41903"}],"version-history":[{"count":1,"href":"https:\/\/victoriaaldia.com\/index.php?rest_route=\/wp\/v2\/posts\/41903\/revisions"}],"predecessor-version":[{"id":41905,"href":"https:\/\/victoriaaldia.com\/index.php?rest_route=\/wp\/v2\/posts\/41903\/revisions\/41905"}],"wp:featuredmedia":[{"embeddable":true,"href":"https:\/\/victoriaaldia.com\/index.php?rest_route=\/wp\/v2\/media\/41904"}],"wp:attachment":[{"href":"https:\/\/victoriaaldia.com\/index.php?rest_route=%2Fwp%2Fv2%2Fmedia&parent=41903"}],"wp:term":[{"taxonomy":"category","embeddable":true,"href":"https:\/\/victoriaaldia.com\/index.php?rest_route=%2Fwp%2Fv2%2Fcategories&post=41903"},{"taxonomy":"post_tag","embeddable":true,"href":"https:\/\/victoriaaldia.com\/index.php?rest_route=%2Fwp%2Fv2%2Ftags&post=41903"}],"curies":[{"name":"wp","href":"https:\/\/api.w.org\/{rel}","templated":true}]}}