{"id":41912,"date":"2026-09-01T11:41:06","date_gmt":"2026-09-01T14:41:06","guid":{"rendered":"https:\/\/victoriaaldia.com\/?p=41912"},"modified":"2026-09-01T11:41:06","modified_gmt":"2026-09-01T14:41:06","slug":"trump-dijo-que-revisa-la-posicion-de-estados-unidos-sobre-malvinas-y-gran-bretana-respondio","status":"publish","type":"post","link":"https:\/\/victoriaaldia.com\/?p=41912","title":{"rendered":"Trump dijo que revisa la posici\u00f3n de Estados Unidos sobre Malvinas y Gran Breta\u00f1a respondi\u00f3"},"content":{"rendered":"<h2>Repercusiones internacionales<\/h2>\n<header class=\"cl-24 header-interior interior-top-1\">Donald Trump afirm\u00f3 que revisa la postura estadounidense sobre la disputa de soberan\u00eda de las Islas Malvinas, reclamada por Argentina. Desde el gobierno brit\u00e1nico respondieron que el archipi\u00e9lago \u201cseguir\u00e1 siendo brit\u00e1nico\u201d.<\/header>\n<header><\/header>\n<header>El presidente de Estados Unidos,\u00a0<b>Donald Trump, admiti\u00f3 que podr\u00eda revisar la posici\u00f3n de su pa\u00eds respecto de la disputa entre Argentina y Gran Breta\u00f1a por la soberan\u00eda de las Islas Malvinas<\/b>, luego de que trascendiera que Washington analiza distintas alternativas para presionar al Reino Unido a incrementar su gasto en defensa.<\/p>\n<p>&nbsp;<\/p>\n<p>\u201cSiempre reviso todas las posiciones. Esa es apenas una entre muchas\u201d, respondi\u00f3 Trump ante la prensa en el Sal\u00f3n Oval de la Casa Blanca cuando fue consultado sobre la posibilidad de que Estados Unidos modificara su postura respecto del archipi\u00e9lago.<\/p>\n<p>&nbsp;<\/p>\n<p>Fue la primera vez que el mandatario norteamericano se expres\u00f3 personalmente sobre la hist\u00f3rica disputa de soberan\u00eda que mantienen Argentina y el Reino Unido. Sus declaraciones se conocieron despu\u00e9s de que el diario brit\u00e1nico The Telegraph informara que el gobierno estadounidense estar\u00eda considerando el tema como una herramienta de presi\u00f3n sobre Londres.<\/p>\n<h3><\/h3>\n<h3>La presi\u00f3n de Estados Unidos por el gasto en defensa<\/h3>\n<p>Seg\u00fan la informaci\u00f3n difundida por el medio brit\u00e1nico, Estados Unidos hab\u00eda planteado la posibilidad de oponerse al reclamo brit\u00e1nico sobre las Malvinas si el Reino Unido no aumenta su gasto en defensa para la Organizaci\u00f3n del Tratado del Atl\u00e1ntico Norte (OTAN).<\/p>\n<p>&nbsp;<\/p>\n<p>The Telegraph, que cit\u00f3 fuentes del Pent\u00e1gono, indic\u00f3 que esa posibilidad se encontraba entre las medidas analizadas por altos funcionarios estadounidenses para presionar a los miembros de la Alianza Atl\u00e1ntica a cumplir con el compromiso de destinar un\u00a0<b>5% de su Producto Bruto Interno (PBI) a Defensa<\/b>.<\/p>\n<p>&nbsp;<\/p>\n<p>Un alto funcionario estadounidense se\u00f1al\u00f3 que probablemente el Reino Unido reciba \u201cespecial atenci\u00f3n\u201d en la revisi\u00f3n que Washington realiza sobre el compromiso de sus aliados con la OTAN y el cumplimiento de ese objetivo.<\/p>\n<h3><\/h3>\n<h3>\u201cNo se descarta nada\u201d<\/h3>\n<p>\u201cEsperar\u00eda que el Reino Unido recibiera una atenci\u00f3n especial porque tiene mucho potencial\u201d, expres\u00f3 el funcionario citado por el diario brit\u00e1nico. \u201cPor lo tanto, continuaremos los esfuerzos para incentivar y permitir que el Reino Unido se implique de manera importante\u201d, agreg\u00f3.<\/p>\n<p>&nbsp;<\/p>\n<p>Al ser consultadas las fuentes estadounidenses sobre la posibilidad concreta de modificar la posici\u00f3n respecto de las Malvinas, respondieron: \u201cPuedo decir que [las conversaciones] son sinceras y no se descarta nada en cuanto a opciones para fomentar el tipo de reparto de cargas que buscamos\u201d.<\/p>\n<p>&nbsp;<\/p>\n<p>La posibilidad de revisar la posici\u00f3n estadounidense sobre Malvinas hab\u00eda trascendido anteriormente. A principios de abril, un memor\u00e1ndum interno del Pent\u00e1gono suger\u00eda que Estados Unidos podr\u00eda utilizar una eventual modificaci\u00f3n de su postura como herramienta diplom\u00e1tica frente a sus aliados de la OTAN.<\/p>\n<p>&nbsp;<\/p>\n<p>En aquel momento, el secretario de Estado, Marco Rubio, minimiz\u00f3 el contenido de la informaci\u00f3n y lo calific\u00f3 como \u201cun mail con algunas ideas\u201d.<\/p>\n<p>&nbsp;<\/p>\n<p>Las declaraciones realizadas ahora por Trump volvieron a colocar el asunto en discusi\u00f3n, al reconocer ante la prensa que revisa las posiciones de Estados Unidos y que la relacionada con Malvinas es una de ellas.<\/p>\n<h3><\/h3>\n<h3>Qu\u00e9 posici\u00f3n mantiene Estados Unidos sobre Malvinas<\/h3>\n<p>Estados Unidos mantiene oficialmente una posici\u00f3n de\u00a0<b>neutralidad respecto de la soberan\u00eda de las Islas Malvinas<\/b>, aunque reconoce la administraci\u00f3n brit\u00e1nica del archipi\u00e9lago.<\/p>\n<p>&nbsp;<\/p>\n<p>Argentina, por su parte, reclama todos los a\u00f1os ante el Comit\u00e9 de Descolonizaci\u00f3n de la Organizaci\u00f3n de las Naciones Unidas (ONU) la apertura de un di\u00e1logo directo sobre la soberan\u00eda.<\/p>\n<p>&nbsp;<\/p>\n<p>Ante las versiones que hab\u00edan comenzado a circular sobre una eventual modificaci\u00f3n de la postura estadounidense, un portavoz del Departamento de Estado hab\u00eda se\u00f1alado: \u201cNuestra posici\u00f3n sobre las islas sigue siendo de neutralidad constante\u201d.<\/p>\n<h3><\/h3>\n<h3>El reconocimiento de la administraci\u00f3n brit\u00e1nica<\/h3>\n<p>\u201cReconocemos que existen reclamos contradictorios de soberan\u00eda entre Argentina y el Reino Unido. Reconocemos la administraci\u00f3n de facto del Reino Unido de las islas, pero no tomamos posici\u00f3n respecto a la soberan\u00eda\u201d, hab\u00eda indicado el portavoz estadounidense.<\/p>\n<p>&nbsp;<\/p>\n<p>Tambi\u00e9n hab\u00eda sido consultada la secretaria de Prensa del Departamento de Guerra, Kingsley Wilson, quien expres\u00f3: \u201cComo ha dicho el presidente Trump, a pesar de todo lo que Estados Unidos ha hecho por nuestros aliados de la OTAN, ellos no estuvieron ah\u00ed para nosotros\u201d.<\/p>\n<p>&nbsp;<\/p>\n<p>\u201cEl Departamento de Guerra se asegurar\u00e1 de que el presidente tenga opciones cre\u00edbles para garantizar que nuestros aliados ya no sean un tigre de papel y que, en cambio, hagan su parte\u201d, agreg\u00f3.<\/p>\n<h3><\/h3>\n<h3>Gran Breta\u00f1a respondi\u00f3 a las declaraciones de Trump<\/h3>\n<p>Tras las palabras del mandatario estadounidense, desde Gran Breta\u00f1a ratificaron su postura respecto de las Islas Malvinas.\u00a0<b>John Healey, secretario de Defensa,<\/b>\u00a0asegur\u00f3 que no recibi\u00f3 \u201cninguna sugerencia\u201d de funcionarios estadounidenses acerca de una modificaci\u00f3n de la posici\u00f3n de Washington.<\/p>\n<p>&nbsp;<\/p>\n<p>\u201cLas islas Malvinas son brit\u00e1nicas y seguir\u00e1n siendo brit\u00e1nicas mientras las islas Malvinas as\u00ed lo deseen\u201d, afirm\u00f3 Healey en declaraciones a The Times.<\/p>\n<p>Se trat\u00f3 de la primera reacci\u00f3n de un funcionario brit\u00e1nico luego de que Trump reconociera p\u00fablicamente que revisa la posici\u00f3n estadounidense sobre la cuesti\u00f3n.<\/p>\n<h3><\/h3>\n<p>Desde el gobierno brit\u00e1nico ya hab\u00edan manifestado, ante las primeras versiones, que su posici\u00f3n respecto de las islas no estaba en discusi\u00f3n.<\/p>\n<p>&nbsp;<\/p>\n<p>\u201cEl tema de las islas Malvinas y su soberan\u00eda brit\u00e1nica, con el derecho de los isle\u00f1os a la autodeterminaci\u00f3n, no est\u00e1 en cuesti\u00f3n, y as\u00ed lo hemos expresado de forma clara y consistente\u201d, hab\u00eda se\u00f1alado un portavoz brit\u00e1nico. Fuente: El Once<\/p>\n<p><a href=\"https:\/\/victoriaaldia.com\/?attachment_id=9273\" rel=\"attachment wp-att-9273\"><img loading=\"lazy\" decoding=\"async\" class=\"aligncenter size-full wp-image-9273\" src=\"http:\/\/victoriaaldia.com\/wp-content\/uploads\/2023\/11\/el-progreso.png\" alt=\"\" width=\"720\" height=\"90\" srcset=\"https:\/\/victoriaaldia.com\/wp-content\/uploads\/2023\/11\/el-progreso.png 720w, https:\/\/victoriaaldia.com\/wp-content\/uploads\/2023\/11\/el-progreso-300x38.png 300w\" sizes=\"auto, (max-width: 720px) 100vw, 720px\" \/><\/a><\/p>\n<\/header>\n","protected":false},"excerpt":{"rendered":"<p>Repercusiones internacionales Donald Trump afirm\u00f3 que revisa la postura estadounidense sobre la disputa de soberan\u00eda de las Islas Malvinas, reclamada&hellip;<\/p>\n","protected":false},"author":3,"featured_media":41913,"comment_status":"closed","ping_status":"closed","sticky":false,"template":"","format":"standard","meta":{"nogoya_volanta":"","nogoya_breaking":false,"nogoya_exclusive":false,"footnotes":""},"categories":[20,3,5],"tags":[],"class_list":["post-41912","post","type-post","status-publish","format-standard","has-post-thumbnail","hentry","category-internacionales","category-noticias","category-politica"],"yoast_head":"<!-- This site is optimized with the Yoast SEO plugin v28.3 - https:\/\/yoast.com\/product\/yoast-seo-wordpress\/ -->\n<title>Trump dijo que revisa la posici\u00f3n de Estados Unidos sobre Malvinas y Gran Breta\u00f1a respondi\u00f3 - Victoria Al D\u00eda<\/title>\n<meta name=\"robots\" content=\"index, follow, max-snippet:-1, max-image-preview:large, max-video-preview:-1\" \/>\n<link rel=\"canonical\" href=\"https:\/\/victoriaaldia.com\/?p=41912\" \/>\n<meta property=\"og:locale\" content=\"es_ES\" \/>\n<meta property=\"og:type\" content=\"article\" \/>\n<meta property=\"og:title\" content=\"Trump dijo que revisa la posici\u00f3n de Estados Unidos sobre Malvinas y Gran Breta\u00f1a respondi\u00f3 - Victoria Al D\u00eda\" \/>\n<meta property=\"og:description\" content=\"Repercusiones internacionales Donald Trump afirm\u00f3 que revisa la postura estadounidense sobre la disputa de soberan\u00eda de las Islas Malvinas, reclamada&hellip;\" \/>\n<meta property=\"og:url\" content=\"https:\/\/victoriaaldia.com\/?p=41912\" \/>\n<meta property=\"og:site_name\" content=\"Victoria Al D\u00eda\" \/>\n<meta property=\"article:published_time\" content=\"2026-09-01T14:41:06+00:00\" \/>\n<meta property=\"og:image\" content=\"http:\/\/victoriaaldia.com\/wp-content\/uploads\/2026\/09\/Captura-de-pantalla-2026-09-01-113841.png\" \/>\n\t<meta property=\"og:image:width\" content=\"764\" \/>\n\t<meta property=\"og:image:height\" content=\"512\" \/>\n\t<meta property=\"og:image:type\" content=\"image\/png\" \/>\n<meta name=\"author\" content=\"Victoria Al D\u00eda\" \/>\n<meta name=\"twitter:card\" content=\"summary_large_image\" \/>\n<meta name=\"twitter:label1\" content=\"Escrito por\" \/>\n\t<meta name=\"twitter:data1\" content=\"\" \/>\n\t<meta name=\"twitter:label2\" content=\"Tiempo de lectura\" \/>\n\t<meta name=\"twitter:data2\" content=\"5 minutos\" \/>\n<script type=\"application\/ld+json\" class=\"yoast-schema-graph\">{\"@context\":\"https:\\\/\\\/schema.org\",\"@graph\":[{\"@type\":\"Article\",\"@id\":\"https:\\\/\\\/victoriaaldia.com\\\/?p=41912#article\",\"isPartOf\":{\"@id\":\"https:\\\/\\\/victoriaaldia.com\\\/?p=41912\"},\"author\":{\"name\":\"Victoria Al D\u00eda\",\"@id\":\"https:\\\/\\\/victoriaaldia.com\\\/#\\\/schema\\\/person\\\/2314e106bcb401e92ff95595d5c292ef\"},\"headline\":\"Trump dijo que revisa la posici\u00f3n de Estados Unidos sobre Malvinas y Gran Breta\u00f1a respondi\u00f3\",\"datePublished\":\"2026-09-01T14:41:06+00:00\",\"mainEntityOfPage\":{\"@id\":\"https:\\\/\\\/victoriaaldia.com\\\/?p=41912\"},\"wordCount\":997,\"publisher\":{\"@id\":\"https:\\\/\\\/victoriaaldia.com\\\/#organization\"},\"image\":{\"@id\":\"https:\\\/\\\/victoriaaldia.com\\\/?p=41912#primaryimage\"},\"thumbnailUrl\":\"https:\\\/\\\/victoriaaldia.com\\\/wp-content\\\/uploads\\\/2026\\\/09\\\/Captura-de-pantalla-2026-09-01-113841.png\",\"articleSection\":[\"Internacionales\",\"Noticias\",\"Pol\u00edtica\"],\"inLanguage\":\"es-AR\"},{\"@type\":\"WebPage\",\"@id\":\"https:\\\/\\\/victoriaaldia.com\\\/?p=41912\",\"url\":\"https:\\\/\\\/victoriaaldia.com\\\/?p=41912\",\"name\":\"Trump dijo que revisa la posici\u00f3n de Estados Unidos sobre Malvinas y Gran Breta\u00f1a respondi\u00f3 - Victoria Al D\u00eda\",\"isPartOf\":{\"@id\":\"https:\\\/\\\/victoriaaldia.com\\\/#website\"},\"primaryImageOfPage\":{\"@id\":\"https:\\\/\\\/victoriaaldia.com\\\/?p=41912#primaryimage\"},\"image\":{\"@id\":\"https:\\\/\\\/victoriaaldia.com\\\/?p=41912#primaryimage\"},\"thumbnailUrl\":\"https:\\\/\\\/victoriaaldia.com\\\/wp-content\\\/uploads\\\/2026\\\/09\\\/Captura-de-pantalla-2026-09-01-113841.png\",\"datePublished\":\"2026-09-01T14:41:06+00:00\",\"breadcrumb\":{\"@id\":\"https:\\\/\\\/victoriaaldia.com\\\/?p=41912#breadcrumb\"},\"inLanguage\":\"es-AR\",\"potentialAction\":[{\"@type\":\"ReadAction\",\"target\":[\"https:\\\/\\\/victoriaaldia.com\\\/?p=41912\"]}]},{\"@type\":\"ImageObject\",\"inLanguage\":\"es-AR\",\"@id\":\"https:\\\/\\\/victoriaaldia.com\\\/?p=41912#primaryimage\",\"url\":\"https:\\\/\\\/victoriaaldia.com\\\/wp-content\\\/uploads\\\/2026\\\/09\\\/Captura-de-pantalla-2026-09-01-113841.png\",\"contentUrl\":\"https:\\\/\\\/victoriaaldia.com\\\/wp-content\\\/uploads\\\/2026\\\/09\\\/Captura-de-pantalla-2026-09-01-113841.png\",\"width\":764,\"height\":512},{\"@type\":\"BreadcrumbList\",\"@id\":\"https:\\\/\\\/victoriaaldia.com\\\/?p=41912#breadcrumb\",\"itemListElement\":[{\"@type\":\"ListItem\",\"position\":1,\"name\":\"Inicio\",\"item\":\"https:\\\/\\\/victoriaaldia.com\\\/\"},{\"@type\":\"ListItem\",\"position\":2,\"name\":\"Trump dijo que revisa la posici\u00f3n de Estados Unidos sobre Malvinas y Gran Breta\u00f1a respondi\u00f3\"}]},{\"@type\":\"WebSite\",\"@id\":\"https:\\\/\\\/victoriaaldia.com\\\/#website\",\"url\":\"https:\\\/\\\/victoriaaldia.com\\\/\",\"name\":\"Victoria Al D\u00eda\",\"description\":\"Diario Digital\",\"publisher\":{\"@id\":\"https:\\\/\\\/victoriaaldia.com\\\/#organization\"},\"potentialAction\":[{\"@type\":\"SearchAction\",\"target\":{\"@type\":\"EntryPoint\",\"urlTemplate\":\"https:\\\/\\\/victoriaaldia.com\\\/?s={search_term_string}\"},\"query-input\":{\"@type\":\"PropertyValueSpecification\",\"valueRequired\":true,\"valueName\":\"search_term_string\"}}],\"inLanguage\":\"es-AR\"},{\"@type\":\"Organization\",\"@id\":\"https:\\\/\\\/victoriaaldia.com\\\/#organization\",\"name\":\"Victoria Al D\u00eda\",\"url\":\"https:\\\/\\\/victoriaaldia.com\\\/\",\"logo\":{\"@type\":\"ImageObject\",\"inLanguage\":\"es-AR\",\"@id\":\"https:\\\/\\\/victoriaaldia.com\\\/#\\\/schema\\\/logo\\\/image\\\/\",\"url\":\"https:\\\/\\\/victoriaaldia.com\\\/wp-content\\\/uploads\\\/2023\\\/11\\\/logo.png\",\"contentUrl\":\"https:\\\/\\\/victoriaaldia.com\\\/wp-content\\\/uploads\\\/2023\\\/11\\\/logo.png\",\"width\":394,\"height\":128,\"caption\":\"Victoria Al D\u00eda\"},\"image\":{\"@id\":\"https:\\\/\\\/victoriaaldia.com\\\/#\\\/schema\\\/logo\\\/image\\\/\"}},{\"@type\":\"Person\",\"@id\":\"https:\\\/\\\/victoriaaldia.com\\\/#\\\/schema\\\/person\\\/2314e106bcb401e92ff95595d5c292ef\",\"name\":\"Victoria Al D\u00eda\",\"url\":\"https:\\\/\\\/victoriaaldia.com\\\/?author=3\"}]}<\/script>\n<!-- \/ Yoast SEO plugin. -->","yoast_head_json":{"title":"Trump dijo que revisa la posici\u00f3n de Estados Unidos sobre Malvinas y Gran Breta\u00f1a respondi\u00f3 - Victoria Al D\u00eda","robots":{"index":"index","follow":"follow","max-snippet":"max-snippet:-1","max-image-preview":"max-image-preview:large","max-video-preview":"max-video-preview:-1"},"canonical":"https:\/\/victoriaaldia.com\/?p=41912","og_locale":"es_ES","og_type":"article","og_title":"Trump dijo que revisa la posici\u00f3n de Estados Unidos sobre Malvinas y Gran Breta\u00f1a respondi\u00f3 - Victoria Al D\u00eda","og_description":"Repercusiones internacionales Donald Trump afirm\u00f3 que revisa la postura estadounidense sobre la disputa de soberan\u00eda de las Islas Malvinas, reclamada&hellip;","og_url":"https:\/\/victoriaaldia.com\/?p=41912","og_site_name":"Victoria Al D\u00eda","article_published_time":"2026-09-01T14:41:06+00:00","og_image":[{"width":764,"height":512,"url":"http:\/\/victoriaaldia.com\/wp-content\/uploads\/2026\/09\/Captura-de-pantalla-2026-09-01-113841.png","type":"image\/png"}],"author":"Victoria Al D\u00eda","twitter_card":"summary_large_image","twitter_misc":{"Escrito por":"","Tiempo de lectura":"5 minutos"},"schema":{"@context":"https:\/\/schema.org","@graph":[{"@type":"Article","@id":"https:\/\/victoriaaldia.com\/?p=41912#article","isPartOf":{"@id":"https:\/\/victoriaaldia.com\/?p=41912"},"author":{"name":"Victoria Al D\u00eda","@id":"https:\/\/victoriaaldia.com\/#\/schema\/person\/2314e106bcb401e92ff95595d5c292ef"},"headline":"Trump dijo que revisa la posici\u00f3n de Estados Unidos sobre Malvinas y Gran Breta\u00f1a respondi\u00f3","datePublished":"2026-09-01T14:41:06+00:00","mainEntityOfPage":{"@id":"https:\/\/victoriaaldia.com\/?p=41912"},"wordCount":997,"publisher":{"@id":"https:\/\/victoriaaldia.com\/#organization"},"image":{"@id":"https:\/\/victoriaaldia.com\/?p=41912#primaryimage"},"thumbnailUrl":"https:\/\/victoriaaldia.com\/wp-content\/uploads\/2026\/09\/Captura-de-pantalla-2026-09-01-113841.png","articleSection":["Internacionales","Noticias","Pol\u00edtica"],"inLanguage":"es-AR"},{"@type":"WebPage","@id":"https:\/\/victoriaaldia.com\/?p=41912","url":"https:\/\/victoriaaldia.com\/?p=41912","name":"Trump dijo que revisa la posici\u00f3n de Estados Unidos sobre Malvinas y Gran Breta\u00f1a respondi\u00f3 - Victoria Al D\u00eda","isPartOf":{"@id":"https:\/\/victoriaaldia.com\/#website"},"primaryImageOfPage":{"@id":"https:\/\/victoriaaldia.com\/?p=41912#primaryimage"},"image":{"@id":"https:\/\/victoriaaldia.com\/?p=41912#primaryimage"},"thumbnailUrl":"https:\/\/victoriaaldia.com\/wp-content\/uploads\/2026\/09\/Captura-de-pantalla-2026-09-01-113841.png","datePublished":"2026-09-01T14:41:06+00:00","breadcrumb":{"@id":"https:\/\/victoriaaldia.com\/?p=41912#breadcrumb"},"inLanguage":"es-AR","potentialAction":[{"@type":"ReadAction","target":["https:\/\/victoriaaldia.com\/?p=41912"]}]},{"@type":"ImageObject","inLanguage":"es-AR","@id":"https:\/\/victoriaaldia.com\/?p=41912#primaryimage","url":"https:\/\/victoriaaldia.com\/wp-content\/uploads\/2026\/09\/Captura-de-pantalla-2026-09-01-113841.png","contentUrl":"https:\/\/victoriaaldia.com\/wp-content\/uploads\/2026\/09\/Captura-de-pantalla-2026-09-01-113841.png","width":764,"height":512},{"@type":"BreadcrumbList","@id":"https:\/\/victoriaaldia.com\/?p=41912#breadcrumb","itemListElement":[{"@type":"ListItem","position":1,"name":"Inicio","item":"https:\/\/victoriaaldia.com\/"},{"@type":"ListItem","position":2,"name":"Trump dijo que revisa la posici\u00f3n de Estados Unidos sobre Malvinas y Gran Breta\u00f1a respondi\u00f3"}]},{"@type":"WebSite","@id":"https:\/\/victoriaaldia.com\/#website","url":"https:\/\/victoriaaldia.com\/","name":"Victoria Al D\u00eda","description":"Diario Digital","publisher":{"@id":"https:\/\/victoriaaldia.com\/#organization"},"potentialAction":[{"@type":"SearchAction","target":{"@type":"EntryPoint","urlTemplate":"https:\/\/victoriaaldia.com\/?s={search_term_string}"},"query-input":{"@type":"PropertyValueSpecification","valueRequired":true,"valueName":"search_term_string"}}],"inLanguage":"es-AR"},{"@type":"Organization","@id":"https:\/\/victoriaaldia.com\/#organization","name":"Victoria Al D\u00eda","url":"https:\/\/victoriaaldia.com\/","logo":{"@type":"ImageObject","inLanguage":"es-AR","@id":"https:\/\/victoriaaldia.com\/#\/schema\/logo\/image\/","url":"https:\/\/victoriaaldia.com\/wp-content\/uploads\/2023\/11\/logo.png","contentUrl":"https:\/\/victoriaaldia.com\/wp-content\/uploads\/2023\/11\/logo.png","width":394,"height":128,"caption":"Victoria Al D\u00eda"},"image":{"@id":"https:\/\/victoriaaldia.com\/#\/schema\/logo\/image\/"}},{"@type":"Person","@id":"https:\/\/victoriaaldia.com\/#\/schema\/person\/2314e106bcb401e92ff95595d5c292ef","name":"Victoria Al D\u00eda","url":"https:\/\/victoriaaldia.com\/?author=3"}]}},"_links":{"self":[{"href":"https:\/\/victoriaaldia.com\/index.php?rest_route=\/wp\/v2\/posts\/41912","targetHints":{"allow":["GET"]}}],"collection":[{"href":"https:\/\/victoriaaldia.com\/index.php?rest_route=\/wp\/v2\/posts"}],"about":[{"href":"https:\/\/victoriaaldia.com\/index.php?rest_route=\/wp\/v2\/types\/post"}],"author":[{"embeddable":true,"href":"https:\/\/victoriaaldia.com\/index.php?rest_route=\/wp\/v2\/users\/3"}],"replies":[{"embeddable":true,"href":"https:\/\/victoriaaldia.com\/index.php?rest_route=%2Fwp%2Fv2%2Fcomments&post=41912"}],"version-history":[{"count":1,"href":"https:\/\/victoriaaldia.com\/index.php?rest_route=\/wp\/v2\/posts\/41912\/revisions"}],"predecessor-version":[{"id":41914,"href":"https:\/\/victoriaaldia.com\/index.php?rest_route=\/wp\/v2\/posts\/41912\/revisions\/41914"}],"wp:featuredmedia":[{"embeddable":true,"href":"https:\/\/victoriaaldia.com\/index.php?rest_route=\/wp\/v2\/media\/41913"}],"wp:attachment":[{"href":"https:\/\/victoriaaldia.com\/index.php?rest_route=%2Fwp%2Fv2%2Fmedia&parent=41912"}],"wp:term":[{"taxonomy":"category","embeddable":true,"href":"https:\/\/victoriaaldia.com\/index.php?rest_route=%2Fwp%2Fv2%2Fcategories&post=41912"},{"taxonomy":"post_tag","embeddable":true,"href":"https:\/\/victoriaaldia.com\/index.php?rest_route=%2Fwp%2Fv2%2Ftags&post=41912"}],"curies":[{"name":"wp","href":"https:\/\/api.w.org\/{rel}","templated":true}]}}