{"id":41915,"date":"2026-09-01T12:26:52","date_gmt":"2026-09-01T15:26:52","guid":{"rendered":"https:\/\/victoriaaldia.com\/?p=41915"},"modified":"2026-09-01T12:26:52","modified_gmt":"2026-09-01T15:26:52","slug":"la-seleccion-argentina-entra-en-una-nueva-etapa-sin-messi-cuando-podria-volver-a-la-cancha","status":"publish","type":"post","link":"https:\/\/victoriaaldia.com\/?p=41915","title":{"rendered":"La Selecci\u00f3n Argentina entra en una nueva etapa sin Messi: cu\u00e1ndo podr\u00eda volver a la cancha"},"content":{"rendered":"<h2>F\u00fatbol<\/h2>\n<header class=\"cl-24 header-interior interior-top-1\">Tras el retiro del capit\u00e1n, la dirigencia deber\u00e1 reorganizar la agenda prevista para la pr\u00f3xima ventana internacional. La gira por China habr\u00eda quedado descartada y se analiza la posibilidad de disputar encuentros en el pa\u00eds, aunque todav\u00eda no existen rivales ni sedes confirmados.<\/header>\n<header><\/header>\n<header>La\u00a0<b>Selecci\u00f3n Argentina<\/b>\u00a0comenzar\u00e1 en los pr\u00f3ximos meses una nueva etapa despu\u00e9s del retiro de Lionel Messi. Por el momento no existen partidos confirmados oficialmente, aunque la pr\u00f3xima ventana internacional prevista entre el 21 de septiembre y el 6 de octubre aparece como el per\u00edodo en el que el equipo de Lionel Scaloni podr\u00eda volver a presentarse.<\/p>\n<p>&nbsp;<\/p>\n<p>La Albiceleste viene de disputar la final del Mundial 2026 ante Espa\u00f1a, encuentro que termin\u00f3 con derrota por 1-0 en tiempo suplementario. Ese partido termin\u00f3 convirti\u00e9ndose adem\u00e1s en la \u00faltima presentaci\u00f3n oficial de Messi con la camiseta nacional.<\/p>\n<p>Antes del anuncio del capit\u00e1n, la Asociaci\u00f3n del F\u00fatbol Argentino analizaba realizar una gira por China durante septiembre. Sin embargo, esa posibilidad habr\u00eda perdido fuerza y, seg\u00fan las versiones conocidas en las \u00faltimas horas, ya no formar\u00eda parte de los planes inmediatos.<\/p>\n<p>&nbsp;<\/p>\n<h2><b>Qu\u00e9 partidos podr\u00eda jugar la Selecci\u00f3n Argentina<\/b><\/h2>\n<p>&nbsp;<\/p>\n<p>La ventana internacional permitir\u00e1 disputar hasta cuatro amistosos, aunque hasta este martes no se oficializaron rivales, fechas ni estadios para la\u00a0<b>Selecci\u00f3n Argentina<\/b>. La dirigencia eval\u00faa ahora diferentes alternativas para reorganizar la planificaci\u00f3n.<\/p>\n<p>&nbsp;<\/p>\n<p>Una de las posibilidades ser\u00eda disputar al menos un encuentro en territorio argentino. Esa opci\u00f3n tambi\u00e9n estar\u00eda relacionada con la intenci\u00f3n de encontrar un marco para reconocer la trayectoria de Messi despu\u00e9s de su despedida del seleccionado.<\/p>\n<p>&nbsp;<\/p>\n<figure class=\"embed\"><img loading=\"lazy\" decoding=\"async\" src=\"https:\/\/elonce-media.elonce.com\/fotos\/2026\/07\/14\/e_1784075212_88273.webp\" alt=\"\" width=\"600\" height=\"400\" \/><\/figure>\n<p>&nbsp;<\/p>\n<p>Sin embargo, cualquier planificaci\u00f3n como local deber\u00e1 contemplar la sanci\u00f3n impuesta por FIFA tras incidentes registrados durante el Mundial. De acuerdo con la informaci\u00f3n disponible, el pr\u00f3ximo encuentro en casa tendr\u00eda una restricci\u00f3n del 50% del aforo, mientras que la situaci\u00f3n del segundo partido todav\u00eda deber\u00eda resolverse.<\/p>\n<p>&nbsp;<\/p>\n<h2><b>\u00bfPuede haber una despedida para Messi?<\/b><\/h2>\n<p>&nbsp;<\/p>\n<p>Dentro de la AFA tambi\u00e9n se analizar\u00eda la posibilidad de organizar un homenaje para Lionel Messi frente al p\u00fablico argentino. Por ahora se trata solamente de una alternativa y depender\u00e1, entre otros factores, de la voluntad del propio futbolista.<\/p>\n<p>&nbsp;<\/p>\n<p>No est\u00e1 confirmado que ese eventual reconocimiento se produzca dentro de un partido oficial o amistoso de la\u00a0<b>Selecci\u00f3n Argentina<\/b>. Tampoco se defini\u00f3 una sede ni una fecha para concretarlo.<\/p>\n<p>La decisi\u00f3n del rosarino modific\u00f3 una planificaci\u00f3n que se hab\u00eda elaborado antes de conocerse su retiro. Scaloni tambi\u00e9n deber\u00e1 comenzar a trabajar en la primera convocatoria sin quien fue capit\u00e1n y referente del equipo durante las \u00faltimas d\u00e9cadas.<\/p>\n<p>&nbsp;<\/p>\n<p>Por el momento, la pr\u00f3xima ventana entre fines de septiembre y comienzos de octubre aparece como la fecha probable para el regreso de la\u00a0<b>Selecci\u00f3n Argentina<\/b>. La AFA deber\u00e1 confirmar en las pr\u00f3ximas semanas si habr\u00e1 amistosos, d\u00f3nde se jugar\u00e1n y si alguno de ellos incluir\u00e1 una despedida para Messi. Fuente: El Once<\/p>\n<p><a href=\"https:\/\/victoriaaldia.com\/?attachment_id=9289\" rel=\"attachment wp-att-9289\"><img loading=\"lazy\" decoding=\"async\" class=\"aligncenter size-full wp-image-9289\" src=\"http:\/\/victoriaaldia.com\/wp-content\/uploads\/2023\/11\/estancia-mendoza.png\" alt=\"\" width=\"720\" height=\"90\" srcset=\"https:\/\/victoriaaldia.com\/wp-content\/uploads\/2023\/11\/estancia-mendoza.png 720w, https:\/\/victoriaaldia.com\/wp-content\/uploads\/2023\/11\/estancia-mendoza-300x38.png 300w\" sizes=\"auto, (max-width: 720px) 100vw, 720px\" \/><\/a><\/p>\n<\/header>\n","protected":false},"excerpt":{"rendered":"<p>F\u00fatbol Tras el retiro del capit\u00e1n, la dirigencia deber\u00e1 reorganizar la agenda prevista para la pr\u00f3xima ventana internacional. La gira&hellip;<\/p>\n","protected":false},"author":3,"featured_media":41916,"comment_status":"closed","ping_status":"closed","sticky":false,"template":"","format":"standard","meta":{"nogoya_volanta":"","nogoya_breaking":false,"nogoya_exclusive":false,"footnotes":""},"categories":[6,4,3],"tags":[],"class_list":["post-41915","post","type-post","status-publish","format-standard","has-post-thumbnail","hentry","category-deportes","category-nacionales","category-noticias"],"yoast_head":"<!-- This site is optimized with the Yoast SEO plugin v28.3 - https:\/\/yoast.com\/product\/yoast-seo-wordpress\/ -->\n<title>La Selecci\u00f3n Argentina entra en una nueva etapa sin Messi: cu\u00e1ndo podr\u00eda volver a la cancha - Victoria Al D\u00eda<\/title>\n<meta name=\"robots\" content=\"index, follow, max-snippet:-1, max-image-preview:large, max-video-preview:-1\" \/>\n<link rel=\"canonical\" href=\"https:\/\/victoriaaldia.com\/?p=41915\" \/>\n<meta property=\"og:locale\" content=\"es_ES\" \/>\n<meta property=\"og:type\" content=\"article\" \/>\n<meta property=\"og:title\" content=\"La Selecci\u00f3n Argentina entra en una nueva etapa sin Messi: cu\u00e1ndo podr\u00eda volver a la cancha - Victoria Al D\u00eda\" \/>\n<meta property=\"og:description\" content=\"F\u00fatbol Tras el retiro del capit\u00e1n, la dirigencia deber\u00e1 reorganizar la agenda prevista para la pr\u00f3xima ventana internacional. La gira&hellip;\" \/>\n<meta property=\"og:url\" content=\"https:\/\/victoriaaldia.com\/?p=41915\" \/>\n<meta property=\"og:site_name\" content=\"Victoria Al D\u00eda\" \/>\n<meta property=\"article:published_time\" content=\"2026-09-01T15:26:52+00:00\" \/>\n<meta property=\"og:image\" content=\"http:\/\/victoriaaldia.com\/wp-content\/uploads\/2026\/09\/Captura-de-pantalla-2026-09-01-122457.png\" \/>\n\t<meta property=\"og:image:width\" content=\"768\" \/>\n\t<meta property=\"og:image:height\" content=\"509\" \/>\n\t<meta property=\"og:image:type\" content=\"image\/png\" \/>\n<meta name=\"author\" content=\"Victoria Al D\u00eda\" \/>\n<meta name=\"twitter:card\" content=\"summary_large_image\" \/>\n<meta name=\"twitter:label1\" content=\"Escrito por\" \/>\n\t<meta name=\"twitter:data1\" content=\"\" \/>\n\t<meta name=\"twitter:label2\" content=\"Tiempo de lectura\" \/>\n\t<meta name=\"twitter:data2\" content=\"3 minutos\" \/>\n<script type=\"application\/ld+json\" class=\"yoast-schema-graph\">{\"@context\":\"https:\\\/\\\/schema.org\",\"@graph\":[{\"@type\":\"Article\",\"@id\":\"https:\\\/\\\/victoriaaldia.com\\\/?p=41915#article\",\"isPartOf\":{\"@id\":\"https:\\\/\\\/victoriaaldia.com\\\/?p=41915\"},\"author\":{\"name\":\"Victoria Al D\u00eda\",\"@id\":\"https:\\\/\\\/victoriaaldia.com\\\/#\\\/schema\\\/person\\\/2314e106bcb401e92ff95595d5c292ef\"},\"headline\":\"La Selecci\u00f3n Argentina entra en una nueva etapa sin Messi: cu\u00e1ndo podr\u00eda volver a la cancha\",\"datePublished\":\"2026-09-01T15:26:52+00:00\",\"mainEntityOfPage\":{\"@id\":\"https:\\\/\\\/victoriaaldia.com\\\/?p=41915\"},\"wordCount\":553,\"publisher\":{\"@id\":\"https:\\\/\\\/victoriaaldia.com\\\/#organization\"},\"image\":{\"@id\":\"https:\\\/\\\/victoriaaldia.com\\\/?p=41915#primaryimage\"},\"thumbnailUrl\":\"https:\\\/\\\/victoriaaldia.com\\\/wp-content\\\/uploads\\\/2026\\\/09\\\/Captura-de-pantalla-2026-09-01-122457.png\",\"articleSection\":[\"Deportes\",\"Nacionales\",\"Noticias\"],\"inLanguage\":\"es-AR\"},{\"@type\":\"WebPage\",\"@id\":\"https:\\\/\\\/victoriaaldia.com\\\/?p=41915\",\"url\":\"https:\\\/\\\/victoriaaldia.com\\\/?p=41915\",\"name\":\"La Selecci\u00f3n Argentina entra en una nueva etapa sin Messi: cu\u00e1ndo podr\u00eda volver a la cancha - Victoria Al D\u00eda\",\"isPartOf\":{\"@id\":\"https:\\\/\\\/victoriaaldia.com\\\/#website\"},\"primaryImageOfPage\":{\"@id\":\"https:\\\/\\\/victoriaaldia.com\\\/?p=41915#primaryimage\"},\"image\":{\"@id\":\"https:\\\/\\\/victoriaaldia.com\\\/?p=41915#primaryimage\"},\"thumbnailUrl\":\"https:\\\/\\\/victoriaaldia.com\\\/wp-content\\\/uploads\\\/2026\\\/09\\\/Captura-de-pantalla-2026-09-01-122457.png\",\"datePublished\":\"2026-09-01T15:26:52+00:00\",\"breadcrumb\":{\"@id\":\"https:\\\/\\\/victoriaaldia.com\\\/?p=41915#breadcrumb\"},\"inLanguage\":\"es-AR\",\"potentialAction\":[{\"@type\":\"ReadAction\",\"target\":[\"https:\\\/\\\/victoriaaldia.com\\\/?p=41915\"]}]},{\"@type\":\"ImageObject\",\"inLanguage\":\"es-AR\",\"@id\":\"https:\\\/\\\/victoriaaldia.com\\\/?p=41915#primaryimage\",\"url\":\"https:\\\/\\\/victoriaaldia.com\\\/wp-content\\\/uploads\\\/2026\\\/09\\\/Captura-de-pantalla-2026-09-01-122457.png\",\"contentUrl\":\"https:\\\/\\\/victoriaaldia.com\\\/wp-content\\\/uploads\\\/2026\\\/09\\\/Captura-de-pantalla-2026-09-01-122457.png\",\"width\":768,\"height\":509},{\"@type\":\"BreadcrumbList\",\"@id\":\"https:\\\/\\\/victoriaaldia.com\\\/?p=41915#breadcrumb\",\"itemListElement\":[{\"@type\":\"ListItem\",\"position\":1,\"name\":\"Inicio\",\"item\":\"https:\\\/\\\/victoriaaldia.com\\\/\"},{\"@type\":\"ListItem\",\"position\":2,\"name\":\"La Selecci\u00f3n Argentina entra en una nueva etapa sin Messi: cu\u00e1ndo podr\u00eda volver a la cancha\"}]},{\"@type\":\"WebSite\",\"@id\":\"https:\\\/\\\/victoriaaldia.com\\\/#website\",\"url\":\"https:\\\/\\\/victoriaaldia.com\\\/\",\"name\":\"Victoria Al D\u00eda\",\"description\":\"Diario Digital\",\"publisher\":{\"@id\":\"https:\\\/\\\/victoriaaldia.com\\\/#organization\"},\"potentialAction\":[{\"@type\":\"SearchAction\",\"target\":{\"@type\":\"EntryPoint\",\"urlTemplate\":\"https:\\\/\\\/victoriaaldia.com\\\/?s={search_term_string}\"},\"query-input\":{\"@type\":\"PropertyValueSpecification\",\"valueRequired\":true,\"valueName\":\"search_term_string\"}}],\"inLanguage\":\"es-AR\"},{\"@type\":\"Organization\",\"@id\":\"https:\\\/\\\/victoriaaldia.com\\\/#organization\",\"name\":\"Victoria Al D\u00eda\",\"url\":\"https:\\\/\\\/victoriaaldia.com\\\/\",\"logo\":{\"@type\":\"ImageObject\",\"inLanguage\":\"es-AR\",\"@id\":\"https:\\\/\\\/victoriaaldia.com\\\/#\\\/schema\\\/logo\\\/image\\\/\",\"url\":\"https:\\\/\\\/victoriaaldia.com\\\/wp-content\\\/uploads\\\/2023\\\/11\\\/logo.png\",\"contentUrl\":\"https:\\\/\\\/victoriaaldia.com\\\/wp-content\\\/uploads\\\/2023\\\/11\\\/logo.png\",\"width\":394,\"height\":128,\"caption\":\"Victoria Al D\u00eda\"},\"image\":{\"@id\":\"https:\\\/\\\/victoriaaldia.com\\\/#\\\/schema\\\/logo\\\/image\\\/\"}},{\"@type\":\"Person\",\"@id\":\"https:\\\/\\\/victoriaaldia.com\\\/#\\\/schema\\\/person\\\/2314e106bcb401e92ff95595d5c292ef\",\"name\":\"Victoria Al D\u00eda\",\"url\":\"https:\\\/\\\/victoriaaldia.com\\\/?author=3\"}]}<\/script>\n<!-- \/ Yoast SEO plugin. -->","yoast_head_json":{"title":"La Selecci\u00f3n Argentina entra en una nueva etapa sin Messi: cu\u00e1ndo podr\u00eda volver a la cancha - Victoria Al D\u00eda","robots":{"index":"index","follow":"follow","max-snippet":"max-snippet:-1","max-image-preview":"max-image-preview:large","max-video-preview":"max-video-preview:-1"},"canonical":"https:\/\/victoriaaldia.com\/?p=41915","og_locale":"es_ES","og_type":"article","og_title":"La Selecci\u00f3n Argentina entra en una nueva etapa sin Messi: cu\u00e1ndo podr\u00eda volver a la cancha - Victoria Al D\u00eda","og_description":"F\u00fatbol Tras el retiro del capit\u00e1n, la dirigencia deber\u00e1 reorganizar la agenda prevista para la pr\u00f3xima ventana internacional. La gira&hellip;","og_url":"https:\/\/victoriaaldia.com\/?p=41915","og_site_name":"Victoria Al D\u00eda","article_published_time":"2026-09-01T15:26:52+00:00","og_image":[{"width":768,"height":509,"url":"http:\/\/victoriaaldia.com\/wp-content\/uploads\/2026\/09\/Captura-de-pantalla-2026-09-01-122457.png","type":"image\/png"}],"author":"Victoria Al D\u00eda","twitter_card":"summary_large_image","twitter_misc":{"Escrito por":"","Tiempo de lectura":"3 minutos"},"schema":{"@context":"https:\/\/schema.org","@graph":[{"@type":"Article","@id":"https:\/\/victoriaaldia.com\/?p=41915#article","isPartOf":{"@id":"https:\/\/victoriaaldia.com\/?p=41915"},"author":{"name":"Victoria Al D\u00eda","@id":"https:\/\/victoriaaldia.com\/#\/schema\/person\/2314e106bcb401e92ff95595d5c292ef"},"headline":"La Selecci\u00f3n Argentina entra en una nueva etapa sin Messi: cu\u00e1ndo podr\u00eda volver a la cancha","datePublished":"2026-09-01T15:26:52+00:00","mainEntityOfPage":{"@id":"https:\/\/victoriaaldia.com\/?p=41915"},"wordCount":553,"publisher":{"@id":"https:\/\/victoriaaldia.com\/#organization"},"image":{"@id":"https:\/\/victoriaaldia.com\/?p=41915#primaryimage"},"thumbnailUrl":"https:\/\/victoriaaldia.com\/wp-content\/uploads\/2026\/09\/Captura-de-pantalla-2026-09-01-122457.png","articleSection":["Deportes","Nacionales","Noticias"],"inLanguage":"es-AR"},{"@type":"WebPage","@id":"https:\/\/victoriaaldia.com\/?p=41915","url":"https:\/\/victoriaaldia.com\/?p=41915","name":"La Selecci\u00f3n Argentina entra en una nueva etapa sin Messi: cu\u00e1ndo podr\u00eda volver a la cancha - Victoria Al D\u00eda","isPartOf":{"@id":"https:\/\/victoriaaldia.com\/#website"},"primaryImageOfPage":{"@id":"https:\/\/victoriaaldia.com\/?p=41915#primaryimage"},"image":{"@id":"https:\/\/victoriaaldia.com\/?p=41915#primaryimage"},"thumbnailUrl":"https:\/\/victoriaaldia.com\/wp-content\/uploads\/2026\/09\/Captura-de-pantalla-2026-09-01-122457.png","datePublished":"2026-09-01T15:26:52+00:00","breadcrumb":{"@id":"https:\/\/victoriaaldia.com\/?p=41915#breadcrumb"},"inLanguage":"es-AR","potentialAction":[{"@type":"ReadAction","target":["https:\/\/victoriaaldia.com\/?p=41915"]}]},{"@type":"ImageObject","inLanguage":"es-AR","@id":"https:\/\/victoriaaldia.com\/?p=41915#primaryimage","url":"https:\/\/victoriaaldia.com\/wp-content\/uploads\/2026\/09\/Captura-de-pantalla-2026-09-01-122457.png","contentUrl":"https:\/\/victoriaaldia.com\/wp-content\/uploads\/2026\/09\/Captura-de-pantalla-2026-09-01-122457.png","width":768,"height":509},{"@type":"BreadcrumbList","@id":"https:\/\/victoriaaldia.com\/?p=41915#breadcrumb","itemListElement":[{"@type":"ListItem","position":1,"name":"Inicio","item":"https:\/\/victoriaaldia.com\/"},{"@type":"ListItem","position":2,"name":"La Selecci\u00f3n Argentina entra en una nueva etapa sin Messi: cu\u00e1ndo podr\u00eda volver a la cancha"}]},{"@type":"WebSite","@id":"https:\/\/victoriaaldia.com\/#website","url":"https:\/\/victoriaaldia.com\/","name":"Victoria Al D\u00eda","description":"Diario Digital","publisher":{"@id":"https:\/\/victoriaaldia.com\/#organization"},"potentialAction":[{"@type":"SearchAction","target":{"@type":"EntryPoint","urlTemplate":"https:\/\/victoriaaldia.com\/?s={search_term_string}"},"query-input":{"@type":"PropertyValueSpecification","valueRequired":true,"valueName":"search_term_string"}}],"inLanguage":"es-AR"},{"@type":"Organization","@id":"https:\/\/victoriaaldia.com\/#organization","name":"Victoria Al D\u00eda","url":"https:\/\/victoriaaldia.com\/","logo":{"@type":"ImageObject","inLanguage":"es-AR","@id":"https:\/\/victoriaaldia.com\/#\/schema\/logo\/image\/","url":"https:\/\/victoriaaldia.com\/wp-content\/uploads\/2023\/11\/logo.png","contentUrl":"https:\/\/victoriaaldia.com\/wp-content\/uploads\/2023\/11\/logo.png","width":394,"height":128,"caption":"Victoria Al D\u00eda"},"image":{"@id":"https:\/\/victoriaaldia.com\/#\/schema\/logo\/image\/"}},{"@type":"Person","@id":"https:\/\/victoriaaldia.com\/#\/schema\/person\/2314e106bcb401e92ff95595d5c292ef","name":"Victoria Al D\u00eda","url":"https:\/\/victoriaaldia.com\/?author=3"}]}},"_links":{"self":[{"href":"https:\/\/victoriaaldia.com\/index.php?rest_route=\/wp\/v2\/posts\/41915","targetHints":{"allow":["GET"]}}],"collection":[{"href":"https:\/\/victoriaaldia.com\/index.php?rest_route=\/wp\/v2\/posts"}],"about":[{"href":"https:\/\/victoriaaldia.com\/index.php?rest_route=\/wp\/v2\/types\/post"}],"author":[{"embeddable":true,"href":"https:\/\/victoriaaldia.com\/index.php?rest_route=\/wp\/v2\/users\/3"}],"replies":[{"embeddable":true,"href":"https:\/\/victoriaaldia.com\/index.php?rest_route=%2Fwp%2Fv2%2Fcomments&post=41915"}],"version-history":[{"count":1,"href":"https:\/\/victoriaaldia.com\/index.php?rest_route=\/wp\/v2\/posts\/41915\/revisions"}],"predecessor-version":[{"id":41917,"href":"https:\/\/victoriaaldia.com\/index.php?rest_route=\/wp\/v2\/posts\/41915\/revisions\/41917"}],"wp:featuredmedia":[{"embeddable":true,"href":"https:\/\/victoriaaldia.com\/index.php?rest_route=\/wp\/v2\/media\/41916"}],"wp:attachment":[{"href":"https:\/\/victoriaaldia.com\/index.php?rest_route=%2Fwp%2Fv2%2Fmedia&parent=41915"}],"wp:term":[{"taxonomy":"category","embeddable":true,"href":"https:\/\/victoriaaldia.com\/index.php?rest_route=%2Fwp%2Fv2%2Fcategories&post=41915"},{"taxonomy":"post_tag","embeddable":true,"href":"https:\/\/victoriaaldia.com\/index.php?rest_route=%2Fwp%2Fv2%2Ftags&post=41915"}],"curies":[{"name":"wp","href":"https:\/\/api.w.org\/{rel}","templated":true}]}}