{"id":41924,"date":"2026-09-01T22:33:35","date_gmt":"2026-09-02T01:33:35","guid":{"rendered":"https:\/\/victoriaaldia.com\/?p=41924"},"modified":"2026-09-01T22:34:40","modified_gmt":"2026-09-02T01:34:40","slug":"el-emotivo-video-de-la-seleccion-argentina-para-despedir-a-messi-me-cambiaste-para-siempre","status":"publish","type":"post","link":"https:\/\/victoriaaldia.com\/?p=41924","title":{"rendered":"El emotivo video de la Selecci\u00f3n Argentina para despedir a Messi: \u201cMe cambiaste para siempre\u201d"},"content":{"rendered":"<header class=\"cl-24 header-interior interior-top-1\">El homenaje de la AFA a Messi tuvo al escudo de la Selecci\u00f3n como narrador de un video que repas\u00f3 su trayectoria. \u201cVos me pusiste la tercera estrella\u201d, destac\u00f3 el mensaje difundido tras la despedida del capit\u00e1n.<\/header>\n<header><\/header>\n<header>El\u00a0<b>homenaje de la AFA a Messi<\/b>\u00a0tuvo una propuesta particular: un video en el que el escudo de la\u00a0<b>Selecci\u00f3n Argentina<\/b>\u00a0tom\u00f3 la palabra para agradecerle al capit\u00e1n por su trayectoria. La publicaci\u00f3n fue difundida en las redes sociales de la entidad tras el anuncio de su retiro del seleccionado, realizado el lunes 31 de agosto.<\/header>\n<header><\/header>\n<header>La producci\u00f3n dur\u00f3 un minuto y medio y utiliz\u00f3 una narraci\u00f3n en primera persona para repasar el v\u00ednculo entre el futbolista y la camiseta argentina.\u00a0<b>\u201cMe cambiaste para siempre, vos me pusiste la tercera estrella\u201d<\/b>, expres\u00f3 una de las frases centrales, en referencia al t\u00edtulo mundial de Qatar 2022.<\/header>\n<header><\/header>\n<header>La despedida lleg\u00f3 despu\u00e9s de\u00a0<b>21 a\u00f1os de Messi en la Selecci\u00f3n<\/b>. El mensaje institucional se sum\u00f3 a los reconocimientos que recibi\u00f3 el jugador tras comunicar el cierre de su etapa con el equipo nacional.<\/header>\n<header><\/header>\n<header><a href=\"https:\/\/twitter.com\/i\/status\/2094843712652100080\">https:\/\/twitter.com\/i\/status\/2094843712652100080<\/a><\/p>\n<\/header>\n<header>\n<h3>El escudo como protagonista del mensaje<\/h3>\n<p>&nbsp;<\/p>\n<p><b>\u201cTe quiero decir lo mucho que te vamos a extra\u00f1ar\u201d<\/b>, comenz\u00f3 el relato. A partir de all\u00ed, el narrador personific\u00f3 al escudo que acompa\u00f1\u00f3 al futbolista durante su recorrido internacional y lo describi\u00f3 como\u00a0<b>\u201cel que siempre defendi\u00f3\u201d<\/b>\u00a0los colores argentinos, llev\u00e1ndolos\u00a0<b>\u201ccon orgullo en el pecho\u201d<\/b>.<\/p>\n<p>El video record\u00f3 que fueron\u00a0<b>\u201cm\u00e1s de 20 a\u00f1os\u201d<\/b>\u00a0escuchando los latidos del capit\u00e1n. Tambi\u00e9n recorri\u00f3 sus primeros pasos con las camisetas n\u00famero 15, 18 y 19, antes de que adoptara el dorsal 10 con el que qued\u00f3 identificado.<\/p>\n<p>La narraci\u00f3n combin\u00f3 los logros deportivos con las dificultades que atraves\u00f3 durante su carrera.\u00a0<b>\u201cNo hay foto en la que no estemos juntos, aunque en alg\u00fan momento pensaste que no era para vos\u201d<\/b>, se\u00f1al\u00f3 el mensaje, que evoc\u00f3 las ca\u00eddas y las recuperaciones compartidas.<\/p>\n<p>&nbsp;<\/p>\n<h3>Los t\u00edtulos y el agradecimiento final<\/h3>\n<p>&nbsp;<\/p>\n<p>Entre los momentos destacados, la producci\u00f3n record\u00f3 la conquista de la\u00a0<b>Copa Am\u00e9rica 2021<\/b>, con el triunfo sobre Brasil en el Maracan\u00e1, y el penal que Messi convirti\u00f3 en la definici\u00f3n de la final de\u00a0<b>Qatar 2022<\/b>. La tercera estrella del escudo ocup\u00f3 un lugar central en el reconocimiento.<\/p>\n<p>El homenaje tambi\u00e9n incluy\u00f3 una referencia a las finales que no terminaron con un t\u00edtulo.\u00a0<b>\u201cLos dos sabemos que merec\u00edamos alguna m\u00e1s\u201d<\/b>, expres\u00f3 el narrador, antes de destacar la identificaci\u00f3n que gener\u00f3 el capit\u00e1n entre los hinchas de distintos pa\u00edses.<\/p>\n<p>El cierre puso el foco en los chicos que eligieron la camiseta argentina y encontraron en Messi un referente:\u00a0<b>\u201cCada vez hay m\u00e1s chicos que se ponen la camiseta y dicen que cuando sean grandes quieren ser como vos. Gracias por unir a todo un pa\u00eds detr\u00e1s de este escudo\u201d.\u00a0<\/b>Fuente: El Once<\/p>\n<p><a href=\"https:\/\/victoriaaldia.com\/?attachment_id=9273\" rel=\"attachment wp-att-9273\"><img loading=\"lazy\" decoding=\"async\" class=\"aligncenter size-full wp-image-9273\" src=\"http:\/\/victoriaaldia.com\/wp-content\/uploads\/2023\/11\/el-progreso.png\" alt=\"\" width=\"720\" height=\"90\" srcset=\"https:\/\/victoriaaldia.com\/wp-content\/uploads\/2023\/11\/el-progreso.png 720w, https:\/\/victoriaaldia.com\/wp-content\/uploads\/2023\/11\/el-progreso-300x38.png 300w\" sizes=\"auto, (max-width: 720px) 100vw, 720px\" \/><\/a><\/p>\n<\/header>\n","protected":false},"excerpt":{"rendered":"<p>El homenaje de la AFA a Messi tuvo al escudo de la Selecci\u00f3n como narrador de un video que repas\u00f3&hellip;<\/p>\n","protected":false},"author":3,"featured_media":41925,"comment_status":"closed","ping_status":"closed","sticky":false,"template":"","format":"standard","meta":{"nogoya_volanta":"","nogoya_breaking":false,"nogoya_exclusive":false,"footnotes":""},"categories":[6,4,3],"tags":[],"class_list":["post-41924","post","type-post","status-publish","format-standard","has-post-thumbnail","hentry","category-deportes","category-nacionales","category-noticias"],"yoast_head":"<!-- This site is optimized with the Yoast SEO plugin v28.4 - https:\/\/yoast.com\/product\/yoast-seo-wordpress\/ -->\n<title>El emotivo video de la Selecci\u00f3n Argentina para despedir a Messi: \u201cMe cambiaste para siempre\u201d - Victoria Al D\u00eda<\/title>\n<meta name=\"robots\" content=\"index, follow, max-snippet:-1, max-image-preview:large, max-video-preview:-1\" \/>\n<link rel=\"canonical\" href=\"https:\/\/victoriaaldia.com\/?p=41924\" \/>\n<meta property=\"og:locale\" content=\"es_ES\" \/>\n<meta property=\"og:type\" content=\"article\" \/>\n<meta property=\"og:title\" content=\"El emotivo video de la Selecci\u00f3n Argentina para despedir a Messi: \u201cMe cambiaste para siempre\u201d - Victoria Al D\u00eda\" \/>\n<meta property=\"og:description\" content=\"El homenaje de la AFA a Messi tuvo al escudo de la Selecci\u00f3n como narrador de un video que repas\u00f3&hellip;\" \/>\n<meta property=\"og:url\" content=\"https:\/\/victoriaaldia.com\/?p=41924\" \/>\n<meta property=\"og:site_name\" content=\"Victoria Al D\u00eda\" \/>\n<meta property=\"article:published_time\" content=\"2026-09-02T01:33:35+00:00\" \/>\n<meta property=\"article:modified_time\" content=\"2026-09-02T01:34:40+00:00\" \/>\n<meta property=\"og:image\" content=\"http:\/\/victoriaaldia.com\/wp-content\/uploads\/2026\/09\/Captura-de-pantalla-2026-09-01-222925.png\" \/>\n\t<meta property=\"og:image:width\" content=\"766\" \/>\n\t<meta property=\"og:image:height\" content=\"509\" \/>\n\t<meta property=\"og:image:type\" content=\"image\/png\" \/>\n<meta name=\"author\" content=\"Victoria Al D\u00eda\" \/>\n<meta name=\"twitter:card\" content=\"summary_large_image\" \/>\n<meta name=\"twitter:label1\" content=\"Escrito por\" \/>\n\t<meta name=\"twitter:data1\" content=\"\" \/>\n\t<meta name=\"twitter:label2\" content=\"Tiempo de lectura\" \/>\n\t<meta name=\"twitter:data2\" content=\"3 minutos\" \/>\n<script type=\"application\/ld+json\" class=\"yoast-schema-graph\">{\"@context\":\"https:\\\/\\\/schema.org\",\"@graph\":[{\"@type\":\"Article\",\"@id\":\"https:\\\/\\\/victoriaaldia.com\\\/?p=41924#article\",\"isPartOf\":{\"@id\":\"https:\\\/\\\/victoriaaldia.com\\\/?p=41924\"},\"author\":{\"name\":\"Victoria Al D\u00eda\",\"@id\":\"https:\\\/\\\/victoriaaldia.com\\\/#\\\/schema\\\/person\\\/2314e106bcb401e92ff95595d5c292ef\"},\"headline\":\"El emotivo video de la Selecci\u00f3n Argentina para despedir a Messi: \u201cMe cambiaste para siempre\u201d\",\"datePublished\":\"2026-09-02T01:33:35+00:00\",\"dateModified\":\"2026-09-02T01:34:40+00:00\",\"mainEntityOfPage\":{\"@id\":\"https:\\\/\\\/victoriaaldia.com\\\/?p=41924\"},\"wordCount\":515,\"publisher\":{\"@id\":\"https:\\\/\\\/victoriaaldia.com\\\/#organization\"},\"image\":{\"@id\":\"https:\\\/\\\/victoriaaldia.com\\\/?p=41924#primaryimage\"},\"thumbnailUrl\":\"https:\\\/\\\/victoriaaldia.com\\\/wp-content\\\/uploads\\\/2026\\\/09\\\/Captura-de-pantalla-2026-09-01-222925.png\",\"articleSection\":[\"Deportes\",\"Nacionales\",\"Noticias\"],\"inLanguage\":\"es-AR\"},{\"@type\":\"WebPage\",\"@id\":\"https:\\\/\\\/victoriaaldia.com\\\/?p=41924\",\"url\":\"https:\\\/\\\/victoriaaldia.com\\\/?p=41924\",\"name\":\"El emotivo video de la Selecci\u00f3n Argentina para despedir a Messi: \u201cMe cambiaste para siempre\u201d - Victoria Al D\u00eda\",\"isPartOf\":{\"@id\":\"https:\\\/\\\/victoriaaldia.com\\\/#website\"},\"primaryImageOfPage\":{\"@id\":\"https:\\\/\\\/victoriaaldia.com\\\/?p=41924#primaryimage\"},\"image\":{\"@id\":\"https:\\\/\\\/victoriaaldia.com\\\/?p=41924#primaryimage\"},\"thumbnailUrl\":\"https:\\\/\\\/victoriaaldia.com\\\/wp-content\\\/uploads\\\/2026\\\/09\\\/Captura-de-pantalla-2026-09-01-222925.png\",\"datePublished\":\"2026-09-02T01:33:35+00:00\",\"dateModified\":\"2026-09-02T01:34:40+00:00\",\"breadcrumb\":{\"@id\":\"https:\\\/\\\/victoriaaldia.com\\\/?p=41924#breadcrumb\"},\"inLanguage\":\"es-AR\",\"potentialAction\":[{\"@type\":\"ReadAction\",\"target\":[\"https:\\\/\\\/victoriaaldia.com\\\/?p=41924\"]}]},{\"@type\":\"ImageObject\",\"inLanguage\":\"es-AR\",\"@id\":\"https:\\\/\\\/victoriaaldia.com\\\/?p=41924#primaryimage\",\"url\":\"https:\\\/\\\/victoriaaldia.com\\\/wp-content\\\/uploads\\\/2026\\\/09\\\/Captura-de-pantalla-2026-09-01-222925.png\",\"contentUrl\":\"https:\\\/\\\/victoriaaldia.com\\\/wp-content\\\/uploads\\\/2026\\\/09\\\/Captura-de-pantalla-2026-09-01-222925.png\",\"width\":766,\"height\":509},{\"@type\":\"BreadcrumbList\",\"@id\":\"https:\\\/\\\/victoriaaldia.com\\\/?p=41924#breadcrumb\",\"itemListElement\":[{\"@type\":\"ListItem\",\"position\":1,\"name\":\"Inicio\",\"item\":\"https:\\\/\\\/victoriaaldia.com\\\/\"},{\"@type\":\"ListItem\",\"position\":2,\"name\":\"El emotivo video de la Selecci\u00f3n Argentina para despedir a Messi: \u201cMe cambiaste para siempre\u201d\"}]},{\"@type\":\"WebSite\",\"@id\":\"https:\\\/\\\/victoriaaldia.com\\\/#website\",\"url\":\"https:\\\/\\\/victoriaaldia.com\\\/\",\"name\":\"Victoria Al D\u00eda\",\"description\":\"Diario Digital\",\"publisher\":{\"@id\":\"https:\\\/\\\/victoriaaldia.com\\\/#organization\"},\"potentialAction\":[{\"@type\":\"SearchAction\",\"target\":{\"@type\":\"EntryPoint\",\"urlTemplate\":\"https:\\\/\\\/victoriaaldia.com\\\/?s={search_term_string}\"},\"query-input\":{\"@type\":\"PropertyValueSpecification\",\"valueRequired\":true,\"valueName\":\"search_term_string\"}}],\"inLanguage\":\"es-AR\"},{\"@type\":\"Organization\",\"@id\":\"https:\\\/\\\/victoriaaldia.com\\\/#organization\",\"name\":\"Victoria Al D\u00eda\",\"url\":\"https:\\\/\\\/victoriaaldia.com\\\/\",\"logo\":{\"@type\":\"ImageObject\",\"inLanguage\":\"es-AR\",\"@id\":\"https:\\\/\\\/victoriaaldia.com\\\/#\\\/schema\\\/logo\\\/image\\\/\",\"url\":\"https:\\\/\\\/victoriaaldia.com\\\/wp-content\\\/uploads\\\/2023\\\/11\\\/logo.png\",\"contentUrl\":\"https:\\\/\\\/victoriaaldia.com\\\/wp-content\\\/uploads\\\/2023\\\/11\\\/logo.png\",\"width\":394,\"height\":128,\"caption\":\"Victoria Al D\u00eda\"},\"image\":{\"@id\":\"https:\\\/\\\/victoriaaldia.com\\\/#\\\/schema\\\/logo\\\/image\\\/\"}},{\"@type\":\"Person\",\"@id\":\"https:\\\/\\\/victoriaaldia.com\\\/#\\\/schema\\\/person\\\/2314e106bcb401e92ff95595d5c292ef\",\"name\":\"Victoria Al D\u00eda\",\"url\":\"https:\\\/\\\/victoriaaldia.com\\\/?author=3\"}]}<\/script>\n<!-- \/ Yoast SEO plugin. -->","yoast_head_json":{"title":"El emotivo video de la Selecci\u00f3n Argentina para despedir a Messi: \u201cMe cambiaste para siempre\u201d - Victoria Al D\u00eda","robots":{"index":"index","follow":"follow","max-snippet":"max-snippet:-1","max-image-preview":"max-image-preview:large","max-video-preview":"max-video-preview:-1"},"canonical":"https:\/\/victoriaaldia.com\/?p=41924","og_locale":"es_ES","og_type":"article","og_title":"El emotivo video de la Selecci\u00f3n Argentina para despedir a Messi: \u201cMe cambiaste para siempre\u201d - Victoria Al D\u00eda","og_description":"El homenaje de la AFA a Messi tuvo al escudo de la Selecci\u00f3n como narrador de un video que repas\u00f3&hellip;","og_url":"https:\/\/victoriaaldia.com\/?p=41924","og_site_name":"Victoria Al D\u00eda","article_published_time":"2026-09-02T01:33:35+00:00","article_modified_time":"2026-09-02T01:34:40+00:00","og_image":[{"width":766,"height":509,"url":"http:\/\/victoriaaldia.com\/wp-content\/uploads\/2026\/09\/Captura-de-pantalla-2026-09-01-222925.png","type":"image\/png"}],"author":"Victoria Al D\u00eda","twitter_card":"summary_large_image","twitter_misc":{"Escrito por":"","Tiempo de lectura":"3 minutos"},"schema":{"@context":"https:\/\/schema.org","@graph":[{"@type":"Article","@id":"https:\/\/victoriaaldia.com\/?p=41924#article","isPartOf":{"@id":"https:\/\/victoriaaldia.com\/?p=41924"},"author":{"name":"Victoria Al D\u00eda","@id":"https:\/\/victoriaaldia.com\/#\/schema\/person\/2314e106bcb401e92ff95595d5c292ef"},"headline":"El emotivo video de la Selecci\u00f3n Argentina para despedir a Messi: \u201cMe cambiaste para siempre\u201d","datePublished":"2026-09-02T01:33:35+00:00","dateModified":"2026-09-02T01:34:40+00:00","mainEntityOfPage":{"@id":"https:\/\/victoriaaldia.com\/?p=41924"},"wordCount":515,"publisher":{"@id":"https:\/\/victoriaaldia.com\/#organization"},"image":{"@id":"https:\/\/victoriaaldia.com\/?p=41924#primaryimage"},"thumbnailUrl":"https:\/\/victoriaaldia.com\/wp-content\/uploads\/2026\/09\/Captura-de-pantalla-2026-09-01-222925.png","articleSection":["Deportes","Nacionales","Noticias"],"inLanguage":"es-AR"},{"@type":"WebPage","@id":"https:\/\/victoriaaldia.com\/?p=41924","url":"https:\/\/victoriaaldia.com\/?p=41924","name":"El emotivo video de la Selecci\u00f3n Argentina para despedir a Messi: \u201cMe cambiaste para siempre\u201d - Victoria Al D\u00eda","isPartOf":{"@id":"https:\/\/victoriaaldia.com\/#website"},"primaryImageOfPage":{"@id":"https:\/\/victoriaaldia.com\/?p=41924#primaryimage"},"image":{"@id":"https:\/\/victoriaaldia.com\/?p=41924#primaryimage"},"thumbnailUrl":"https:\/\/victoriaaldia.com\/wp-content\/uploads\/2026\/09\/Captura-de-pantalla-2026-09-01-222925.png","datePublished":"2026-09-02T01:33:35+00:00","dateModified":"2026-09-02T01:34:40+00:00","breadcrumb":{"@id":"https:\/\/victoriaaldia.com\/?p=41924#breadcrumb"},"inLanguage":"es-AR","potentialAction":[{"@type":"ReadAction","target":["https:\/\/victoriaaldia.com\/?p=41924"]}]},{"@type":"ImageObject","inLanguage":"es-AR","@id":"https:\/\/victoriaaldia.com\/?p=41924#primaryimage","url":"https:\/\/victoriaaldia.com\/wp-content\/uploads\/2026\/09\/Captura-de-pantalla-2026-09-01-222925.png","contentUrl":"https:\/\/victoriaaldia.com\/wp-content\/uploads\/2026\/09\/Captura-de-pantalla-2026-09-01-222925.png","width":766,"height":509},{"@type":"BreadcrumbList","@id":"https:\/\/victoriaaldia.com\/?p=41924#breadcrumb","itemListElement":[{"@type":"ListItem","position":1,"name":"Inicio","item":"https:\/\/victoriaaldia.com\/"},{"@type":"ListItem","position":2,"name":"El emotivo video de la Selecci\u00f3n Argentina para despedir a Messi: \u201cMe cambiaste para siempre\u201d"}]},{"@type":"WebSite","@id":"https:\/\/victoriaaldia.com\/#website","url":"https:\/\/victoriaaldia.com\/","name":"Victoria Al D\u00eda","description":"Diario Digital","publisher":{"@id":"https:\/\/victoriaaldia.com\/#organization"},"potentialAction":[{"@type":"SearchAction","target":{"@type":"EntryPoint","urlTemplate":"https:\/\/victoriaaldia.com\/?s={search_term_string}"},"query-input":{"@type":"PropertyValueSpecification","valueRequired":true,"valueName":"search_term_string"}}],"inLanguage":"es-AR"},{"@type":"Organization","@id":"https:\/\/victoriaaldia.com\/#organization","name":"Victoria Al D\u00eda","url":"https:\/\/victoriaaldia.com\/","logo":{"@type":"ImageObject","inLanguage":"es-AR","@id":"https:\/\/victoriaaldia.com\/#\/schema\/logo\/image\/","url":"https:\/\/victoriaaldia.com\/wp-content\/uploads\/2023\/11\/logo.png","contentUrl":"https:\/\/victoriaaldia.com\/wp-content\/uploads\/2023\/11\/logo.png","width":394,"height":128,"caption":"Victoria Al D\u00eda"},"image":{"@id":"https:\/\/victoriaaldia.com\/#\/schema\/logo\/image\/"}},{"@type":"Person","@id":"https:\/\/victoriaaldia.com\/#\/schema\/person\/2314e106bcb401e92ff95595d5c292ef","name":"Victoria Al D\u00eda","url":"https:\/\/victoriaaldia.com\/?author=3"}]}},"_links":{"self":[{"href":"https:\/\/victoriaaldia.com\/index.php?rest_route=\/wp\/v2\/posts\/41924","targetHints":{"allow":["GET"]}}],"collection":[{"href":"https:\/\/victoriaaldia.com\/index.php?rest_route=\/wp\/v2\/posts"}],"about":[{"href":"https:\/\/victoriaaldia.com\/index.php?rest_route=\/wp\/v2\/types\/post"}],"author":[{"embeddable":true,"href":"https:\/\/victoriaaldia.com\/index.php?rest_route=\/wp\/v2\/users\/3"}],"replies":[{"embeddable":true,"href":"https:\/\/victoriaaldia.com\/index.php?rest_route=%2Fwp%2Fv2%2Fcomments&post=41924"}],"version-history":[{"count":1,"href":"https:\/\/victoriaaldia.com\/index.php?rest_route=\/wp\/v2\/posts\/41924\/revisions"}],"predecessor-version":[{"id":41926,"href":"https:\/\/victoriaaldia.com\/index.php?rest_route=\/wp\/v2\/posts\/41924\/revisions\/41926"}],"wp:featuredmedia":[{"embeddable":true,"href":"https:\/\/victoriaaldia.com\/index.php?rest_route=\/wp\/v2\/media\/41925"}],"wp:attachment":[{"href":"https:\/\/victoriaaldia.com\/index.php?rest_route=%2Fwp%2Fv2%2Fmedia&parent=41924"}],"wp:term":[{"taxonomy":"category","embeddable":true,"href":"https:\/\/victoriaaldia.com\/index.php?rest_route=%2Fwp%2Fv2%2Fcategories&post=41924"},{"taxonomy":"post_tag","embeddable":true,"href":"https:\/\/victoriaaldia.com\/index.php?rest_route=%2Fwp%2Fv2%2Ftags&post=41924"}],"curies":[{"name":"wp","href":"https:\/\/api.w.org\/{rel}","templated":true}]}}