{"id":41927,"date":"2026-09-01T22:43:31","date_gmt":"2026-09-02T01:43:31","guid":{"rendered":"https:\/\/victoriaaldia.com\/?p=41927"},"modified":"2026-09-01T22:43:31","modified_gmt":"2026-09-02T01:43:31","slug":"milei-hablara-en-cadena-nacional-por-malvinas-tras-las-declaraciones-de-trump","status":"publish","type":"post","link":"https:\/\/victoriaaldia.com\/?p=41927","title":{"rendered":"Milei hablar\u00e1 en cadena nacional por Malvinas tras las declaraciones de Trump"},"content":{"rendered":"<h2 class=\"cont-volanta\"><span class=\"volanta\">Reclamo por la soberan\u00eda de las islas<\/span><\/h2>\n<p>Javier Milei anunci\u00f3 que el jueves hablar\u00e1 en cadena nacional sobre la cuesti\u00f3n Malvinas. La decisi\u00f3n se conoci\u00f3 tras las declaraciones de Donald Trump sobre la postura estadounidense y una exposici\u00f3n del canciller Pablo Quirno ante el Gabinete.<\/p>\n<p><b>Javier Milei hablar\u00e1 en cadena nacional por Malvinas<\/b>\u00a0el pr\u00f3ximo jueves por la noche, seg\u00fan anunci\u00f3 el propio Presidente durante una reuni\u00f3n de Gabinete realizada en la Casa Rosada. La presentaci\u00f3n estar\u00e1 centrada en las gestiones diplom\u00e1ticas vinculadas con el\u00a0<b>reclamo argentino de soberan\u00eda sobre las islas<\/b>.<\/p>\n<p>&nbsp;<\/p>\n<p>El anuncio se produjo luego de que el presidente de Estados Unidos, Donald Trump, se mostrara dispuesto a revisar la posici\u00f3n de su pa\u00eds respecto del estatus de las Malvinas, en medio del hist\u00f3rico reclamo argentino frente al Reino Unido.<\/p>\n<p>&nbsp;<\/p>\n<p>Antes de ingresar al encuentro con sus ministros, Milei ya hab\u00eda anticipado la relevancia que tendr\u00eda el tema en la agenda del Gobierno.<b>\u00a0\u201cAyer pas\u00f3 algo muy fuerte respecto a la causa m\u00e1s importante y sagrada que tenemos los argentinos\u201d,<\/b>\u00a0expres\u00f3 el mandatario durante un contacto telef\u00f3nico que inicialmente estuvo relacionado con el retiro de Lionel Messi de la Selecci\u00f3n argentina.<\/p>\n<h2>Quirno expuso ante el Gabinete sobre Malvinas<\/h2>\n<p>&nbsp;<\/p>\n<p>La reuni\u00f3n de Gabinete fue encabezada por Milei en el Sal\u00f3n Eva Per\u00f3n de la Casa Rosada. Seg\u00fan public\u00f3\u00a0<i>Infobae,<\/i>\u00a0Durante el encuentro se analizaron los resultados del programa econ\u00f3mico, las pol\u00edticas desarrolladas por los ministerios y las\u00a0<b>acciones diplom\u00e1ticas relacionadas con Malvinas<\/b>.<\/p>\n<p>&nbsp;<\/p>\n<p>La Secretar\u00eda de Comunicaci\u00f3n y Medios de la Presidencia inform\u00f3 posteriormente que el ministro de Relaciones Exteriores, Pablo Quirno, realiz\u00f3 una presentaci\u00f3n sobre los avances de la Canciller\u00eda en materia de soberan\u00eda de las islas.<\/p>\n<p>&nbsp;<\/p>\n<p>En ese contexto, Milei comunic\u00f3 a sus funcionarios que el jueves brindar\u00e1 una cadena nacional en la que dar\u00e1 mayores precisiones sobre la cuesti\u00f3n. Por el momento no trascendieron detalles acerca del contenido espec\u00edfico del mensaje ni de los avances diplom\u00e1ticos expuestos durante la reuni\u00f3n.<\/p>\n<figure class=\"embed\"><img loading=\"lazy\" decoding=\"async\" src=\"https:\/\/elonce-media.elonce.com\/fotos\/2026\/09\/01\/e_1788277723_30157.webp\" alt=\"Donald Trump y Javier Milei (archivo AP)\" width=\"600\" height=\"400\" \/><figcaption>Donald Trump y Javier Milei (archivo AP)<\/figcaption><\/figure>\n<h2>Qu\u00e9 dijo Donald Trump sobre las Malvinas<\/h2>\n<p>&nbsp;<\/p>\n<p>Las novedades se conocieron despu\u00e9s de declaraciones realizadas por Trump respecto de la posici\u00f3n estadounidense sobre el conflicto de soberan\u00eda entre Argentina y el Reino Unido.<\/p>\n<p>&nbsp;<\/p>\n<p><b>\u201cSiempre reviso todas mis posturas y esa es una de muchas\u201d,<\/b>\u00a0manifest\u00f3 el mandatario estadounidense al ser consultado sobre la posibilidad de reconsiderar la posici\u00f3n de Washington respecto de las islas.<\/p>\n<p>&nbsp;<\/p>\n<p>Las palabras tuvieron repercusi\u00f3n dentro del Gobierno argentino y fueron abordadas por el canciller Quirno, quien remarc\u00f3 que el pa\u00eds debe sostener el reclamo mediante la diplomacia y fortalecer sus propias herramientas para avanzar en esa direcci\u00f3n.<\/p>\n<h2>\u201cLas Malvinas est\u00e1n en el centro del coraz\u00f3n de cada argentino\u201d<\/h2>\n<p>&nbsp;<\/p>\n<p>Quirno sostuvo que el reclamo argentino debe mantenerse como una pol\u00edtica central.\u00a0<b>\u201cLas Malvinas est\u00e1n en el centro del coraz\u00f3n de cada argentino. Es una obligaci\u00f3n y una responsabilidad para nosotros mantener vivo el reclamo sobre la soberan\u00eda\u201d<\/b>, afirm\u00f3.<\/p>\n<p>&nbsp;<\/p>\n<p>El canciller tambi\u00e9n plante\u00f3 la necesidad de desarrollar\u00a0<b>\u201cacciones de la diplomacia m\u00e1s concreta y mejores instrumentos\u201d<\/b>\u00a0para responder frente a lo que calific\u00f3 como\u00a0<b>\u201csituaciones unilaterales del Reino Unido con respecto a la explotaci\u00f3n de nuestros recursos\u201d.<\/b><\/p>\n<p>&nbsp;<\/p>\n<p>De esa manera, el funcionario puso el foco tanto en el respaldo internacional que Argentina pueda obtener como en las medidas que el propio pa\u00eds debe adoptar para fortalecer su posici\u00f3n en la disputa diplom\u00e1tica.<\/p>\n<figure class=\"embed\"><img loading=\"lazy\" decoding=\"async\" src=\"https:\/\/elonce-media.elonce.com\/fotos\/2026\/08\/13\/e_1786646430_28398.webp\" alt=\"Milei hablar&amp;aacute; en cadena nacional por Malvinas (archivo)\" width=\"600\" height=\"400\" \/><figcaption>Milei hablar\u00e1 en cadena nacional por Malvinas (archivo)<\/figcaption><\/figure>\n<p>El ministro de Relaciones Exteriores insisti\u00f3 en que la v\u00eda diplom\u00e1tica constituye el camino elegido por el Gobierno para sostener el reclamo de soberan\u00eda y avanzar en los diferentes \u00e1mbitos internacionales.<\/p>\n<p>&nbsp;<\/p>\n<p><b>\u201cTenemos claro que la soluci\u00f3n es diplom\u00e1tica y que tenemos que avanzar en ese frente lo m\u00e1s posible, tanto en los diferentes foros con el apoyo de los diferentes pa\u00edses\u201d,<\/b>\u00a0expres\u00f3.<\/p>\n<p>&nbsp;<\/p>\n<p>No obstante, Quirno advirti\u00f3 que Argentina no debe hacer depender su estrategia exclusivamente de la postura que adopten otros gobiernos. \u201cDe la misma manera que cuando hicimos el plan de gobierno no pod\u00edamos depender de nadie, en este caso es lo mismo, tenemos que hacer los deberes para aumentar nuestras chances de\u00a0<b>que el reclamo leg\u00edtimo que tiene Argentina sobre la soberan\u00eda sea escuchado<\/b>\u201d, se\u00f1al\u00f3.<\/p>\n<p>&nbsp;<\/p>\n<h2><\/h2>\n<h2>Expectativa por el mensaje del jueves<\/h2>\n<p>&nbsp;<\/p>\n<p>La cadena nacional anunciada por Milei se producir\u00e1 as\u00ed en un contexto de renovada atenci\u00f3n sobre la cuesti\u00f3n Malvinas, luego de las declaraciones del mandatario estadounidense y de las gestiones que, seg\u00fan el Gobierno, lleva adelante la Canciller\u00eda.<\/p>\n<p>&nbsp;<\/p>\n<p>Hasta el momento, el Ejecutivo no precis\u00f3 cu\u00e1les son los avances concretos que Quirno present\u00f3 ante los ministros ni qu\u00e9 anuncios realizar\u00e1 el Presidente durante su mensaje.<\/p>\n<p>&nbsp;<\/p>\n<p>La expectativa estar\u00e1 puesta en conocer qu\u00e9 alcance atribuye el Gobierno argentino a las declaraciones de Trump, cu\u00e1les ser\u00e1n los pr\u00f3ximos pasos diplom\u00e1ticos y qu\u00e9 estrategia expondr\u00e1 Milei para continuar con el reclamo de soberan\u00eda sobre las Islas Malvinas. Fuente: El Once<\/p>\n<p><a href=\"https:\/\/victoriaaldia.com\/?attachment_id=9276\" rel=\"attachment wp-att-9276\"><img loading=\"lazy\" decoding=\"async\" class=\"aligncenter size-full wp-image-9276\" src=\"http:\/\/victoriaaldia.com\/wp-content\/uploads\/2023\/11\/coopar.png\" alt=\"\" width=\"720\" height=\"90\" srcset=\"https:\/\/victoriaaldia.com\/wp-content\/uploads\/2023\/11\/coopar.png 720w, https:\/\/victoriaaldia.com\/wp-content\/uploads\/2023\/11\/coopar-300x38.png 300w\" sizes=\"auto, (max-width: 720px) 100vw, 720px\" \/><\/a><\/p>\n","protected":false},"excerpt":{"rendered":"<p>Reclamo por la soberan\u00eda de las islas Javier Milei anunci\u00f3 que el jueves hablar\u00e1 en cadena nacional sobre la cuesti\u00f3n&hellip;<\/p>\n","protected":false},"author":3,"featured_media":41928,"comment_status":"closed","ping_status":"closed","sticky":false,"template":"","format":"standard","meta":{"nogoya_volanta":"","nogoya_breaking":false,"nogoya_exclusive":false,"footnotes":""},"categories":[4,3,5],"tags":[],"class_list":["post-41927","post","type-post","status-publish","format-standard","has-post-thumbnail","hentry","category-nacionales","category-noticias","category-politica"],"yoast_head":"<!-- This site is optimized with the Yoast SEO plugin v28.4 - https:\/\/yoast.com\/product\/yoast-seo-wordpress\/ -->\n<title>Milei hablar\u00e1 en cadena nacional por Malvinas tras las declaraciones de Trump - Victoria Al D\u00eda<\/title>\n<meta name=\"robots\" content=\"index, follow, max-snippet:-1, max-image-preview:large, max-video-preview:-1\" \/>\n<link rel=\"canonical\" href=\"https:\/\/victoriaaldia.com\/?p=41927\" \/>\n<meta property=\"og:locale\" content=\"es_ES\" \/>\n<meta property=\"og:type\" content=\"article\" \/>\n<meta property=\"og:title\" content=\"Milei hablar\u00e1 en cadena nacional por Malvinas tras las declaraciones de Trump - Victoria Al D\u00eda\" \/>\n<meta property=\"og:description\" content=\"Reclamo por la soberan\u00eda de las islas Javier Milei anunci\u00f3 que el jueves hablar\u00e1 en cadena nacional sobre la cuesti\u00f3n&hellip;\" \/>\n<meta property=\"og:url\" content=\"https:\/\/victoriaaldia.com\/?p=41927\" \/>\n<meta property=\"og:site_name\" content=\"Victoria Al D\u00eda\" \/>\n<meta property=\"article:published_time\" content=\"2026-09-02T01:43:31+00:00\" \/>\n<meta property=\"og:image\" content=\"http:\/\/victoriaaldia.com\/wp-content\/uploads\/2026\/09\/Captura-de-pantalla-2026-09-01-224059.png\" \/>\n\t<meta property=\"og:image:width\" content=\"763\" \/>\n\t<meta property=\"og:image:height\" content=\"513\" \/>\n\t<meta property=\"og:image:type\" content=\"image\/png\" \/>\n<meta name=\"author\" content=\"Victoria Al D\u00eda\" \/>\n<meta name=\"twitter:card\" content=\"summary_large_image\" \/>\n<meta name=\"twitter:label1\" content=\"Escrito por\" \/>\n\t<meta name=\"twitter:data1\" content=\"\" \/>\n\t<meta name=\"twitter:label2\" content=\"Tiempo de lectura\" \/>\n\t<meta name=\"twitter:data2\" content=\"5 minutos\" \/>\n<script type=\"application\/ld+json\" class=\"yoast-schema-graph\">{\"@context\":\"https:\\\/\\\/schema.org\",\"@graph\":[{\"@type\":\"Article\",\"@id\":\"https:\\\/\\\/victoriaaldia.com\\\/?p=41927#article\",\"isPartOf\":{\"@id\":\"https:\\\/\\\/victoriaaldia.com\\\/?p=41927\"},\"author\":{\"name\":\"Victoria Al D\u00eda\",\"@id\":\"https:\\\/\\\/victoriaaldia.com\\\/#\\\/schema\\\/person\\\/2314e106bcb401e92ff95595d5c292ef\"},\"headline\":\"Milei hablar\u00e1 en cadena nacional por Malvinas tras las declaraciones de Trump\",\"datePublished\":\"2026-09-02T01:43:31+00:00\",\"mainEntityOfPage\":{\"@id\":\"https:\\\/\\\/victoriaaldia.com\\\/?p=41927\"},\"wordCount\":906,\"publisher\":{\"@id\":\"https:\\\/\\\/victoriaaldia.com\\\/#organization\"},\"image\":{\"@id\":\"https:\\\/\\\/victoriaaldia.com\\\/?p=41927#primaryimage\"},\"thumbnailUrl\":\"https:\\\/\\\/victoriaaldia.com\\\/wp-content\\\/uploads\\\/2026\\\/09\\\/Captura-de-pantalla-2026-09-01-224059.png\",\"articleSection\":[\"Nacionales\",\"Noticias\",\"Pol\u00edtica\"],\"inLanguage\":\"es-AR\"},{\"@type\":\"WebPage\",\"@id\":\"https:\\\/\\\/victoriaaldia.com\\\/?p=41927\",\"url\":\"https:\\\/\\\/victoriaaldia.com\\\/?p=41927\",\"name\":\"Milei hablar\u00e1 en cadena nacional por Malvinas tras las declaraciones de Trump - Victoria Al D\u00eda\",\"isPartOf\":{\"@id\":\"https:\\\/\\\/victoriaaldia.com\\\/#website\"},\"primaryImageOfPage\":{\"@id\":\"https:\\\/\\\/victoriaaldia.com\\\/?p=41927#primaryimage\"},\"image\":{\"@id\":\"https:\\\/\\\/victoriaaldia.com\\\/?p=41927#primaryimage\"},\"thumbnailUrl\":\"https:\\\/\\\/victoriaaldia.com\\\/wp-content\\\/uploads\\\/2026\\\/09\\\/Captura-de-pantalla-2026-09-01-224059.png\",\"datePublished\":\"2026-09-02T01:43:31+00:00\",\"breadcrumb\":{\"@id\":\"https:\\\/\\\/victoriaaldia.com\\\/?p=41927#breadcrumb\"},\"inLanguage\":\"es-AR\",\"potentialAction\":[{\"@type\":\"ReadAction\",\"target\":[\"https:\\\/\\\/victoriaaldia.com\\\/?p=41927\"]}]},{\"@type\":\"ImageObject\",\"inLanguage\":\"es-AR\",\"@id\":\"https:\\\/\\\/victoriaaldia.com\\\/?p=41927#primaryimage\",\"url\":\"https:\\\/\\\/victoriaaldia.com\\\/wp-content\\\/uploads\\\/2026\\\/09\\\/Captura-de-pantalla-2026-09-01-224059.png\",\"contentUrl\":\"https:\\\/\\\/victoriaaldia.com\\\/wp-content\\\/uploads\\\/2026\\\/09\\\/Captura-de-pantalla-2026-09-01-224059.png\",\"width\":763,\"height\":513},{\"@type\":\"BreadcrumbList\",\"@id\":\"https:\\\/\\\/victoriaaldia.com\\\/?p=41927#breadcrumb\",\"itemListElement\":[{\"@type\":\"ListItem\",\"position\":1,\"name\":\"Inicio\",\"item\":\"https:\\\/\\\/victoriaaldia.com\\\/\"},{\"@type\":\"ListItem\",\"position\":2,\"name\":\"Milei hablar\u00e1 en cadena nacional por Malvinas tras las declaraciones de Trump\"}]},{\"@type\":\"WebSite\",\"@id\":\"https:\\\/\\\/victoriaaldia.com\\\/#website\",\"url\":\"https:\\\/\\\/victoriaaldia.com\\\/\",\"name\":\"Victoria Al D\u00eda\",\"description\":\"Diario Digital\",\"publisher\":{\"@id\":\"https:\\\/\\\/victoriaaldia.com\\\/#organization\"},\"potentialAction\":[{\"@type\":\"SearchAction\",\"target\":{\"@type\":\"EntryPoint\",\"urlTemplate\":\"https:\\\/\\\/victoriaaldia.com\\\/?s={search_term_string}\"},\"query-input\":{\"@type\":\"PropertyValueSpecification\",\"valueRequired\":true,\"valueName\":\"search_term_string\"}}],\"inLanguage\":\"es-AR\"},{\"@type\":\"Organization\",\"@id\":\"https:\\\/\\\/victoriaaldia.com\\\/#organization\",\"name\":\"Victoria Al D\u00eda\",\"url\":\"https:\\\/\\\/victoriaaldia.com\\\/\",\"logo\":{\"@type\":\"ImageObject\",\"inLanguage\":\"es-AR\",\"@id\":\"https:\\\/\\\/victoriaaldia.com\\\/#\\\/schema\\\/logo\\\/image\\\/\",\"url\":\"https:\\\/\\\/victoriaaldia.com\\\/wp-content\\\/uploads\\\/2023\\\/11\\\/logo.png\",\"contentUrl\":\"https:\\\/\\\/victoriaaldia.com\\\/wp-content\\\/uploads\\\/2023\\\/11\\\/logo.png\",\"width\":394,\"height\":128,\"caption\":\"Victoria Al D\u00eda\"},\"image\":{\"@id\":\"https:\\\/\\\/victoriaaldia.com\\\/#\\\/schema\\\/logo\\\/image\\\/\"}},{\"@type\":\"Person\",\"@id\":\"https:\\\/\\\/victoriaaldia.com\\\/#\\\/schema\\\/person\\\/2314e106bcb401e92ff95595d5c292ef\",\"name\":\"Victoria Al D\u00eda\",\"url\":\"https:\\\/\\\/victoriaaldia.com\\\/?author=3\"}]}<\/script>\n<!-- \/ Yoast SEO plugin. -->","yoast_head_json":{"title":"Milei hablar\u00e1 en cadena nacional por Malvinas tras las declaraciones de Trump - Victoria Al D\u00eda","robots":{"index":"index","follow":"follow","max-snippet":"max-snippet:-1","max-image-preview":"max-image-preview:large","max-video-preview":"max-video-preview:-1"},"canonical":"https:\/\/victoriaaldia.com\/?p=41927","og_locale":"es_ES","og_type":"article","og_title":"Milei hablar\u00e1 en cadena nacional por Malvinas tras las declaraciones de Trump - Victoria Al D\u00eda","og_description":"Reclamo por la soberan\u00eda de las islas Javier Milei anunci\u00f3 que el jueves hablar\u00e1 en cadena nacional sobre la cuesti\u00f3n&hellip;","og_url":"https:\/\/victoriaaldia.com\/?p=41927","og_site_name":"Victoria Al D\u00eda","article_published_time":"2026-09-02T01:43:31+00:00","og_image":[{"width":763,"height":513,"url":"http:\/\/victoriaaldia.com\/wp-content\/uploads\/2026\/09\/Captura-de-pantalla-2026-09-01-224059.png","type":"image\/png"}],"author":"Victoria Al D\u00eda","twitter_card":"summary_large_image","twitter_misc":{"Escrito por":"","Tiempo de lectura":"5 minutos"},"schema":{"@context":"https:\/\/schema.org","@graph":[{"@type":"Article","@id":"https:\/\/victoriaaldia.com\/?p=41927#article","isPartOf":{"@id":"https:\/\/victoriaaldia.com\/?p=41927"},"author":{"name":"Victoria Al D\u00eda","@id":"https:\/\/victoriaaldia.com\/#\/schema\/person\/2314e106bcb401e92ff95595d5c292ef"},"headline":"Milei hablar\u00e1 en cadena nacional por Malvinas tras las declaraciones de Trump","datePublished":"2026-09-02T01:43:31+00:00","mainEntityOfPage":{"@id":"https:\/\/victoriaaldia.com\/?p=41927"},"wordCount":906,"publisher":{"@id":"https:\/\/victoriaaldia.com\/#organization"},"image":{"@id":"https:\/\/victoriaaldia.com\/?p=41927#primaryimage"},"thumbnailUrl":"https:\/\/victoriaaldia.com\/wp-content\/uploads\/2026\/09\/Captura-de-pantalla-2026-09-01-224059.png","articleSection":["Nacionales","Noticias","Pol\u00edtica"],"inLanguage":"es-AR"},{"@type":"WebPage","@id":"https:\/\/victoriaaldia.com\/?p=41927","url":"https:\/\/victoriaaldia.com\/?p=41927","name":"Milei hablar\u00e1 en cadena nacional por Malvinas tras las declaraciones de Trump - Victoria Al D\u00eda","isPartOf":{"@id":"https:\/\/victoriaaldia.com\/#website"},"primaryImageOfPage":{"@id":"https:\/\/victoriaaldia.com\/?p=41927#primaryimage"},"image":{"@id":"https:\/\/victoriaaldia.com\/?p=41927#primaryimage"},"thumbnailUrl":"https:\/\/victoriaaldia.com\/wp-content\/uploads\/2026\/09\/Captura-de-pantalla-2026-09-01-224059.png","datePublished":"2026-09-02T01:43:31+00:00","breadcrumb":{"@id":"https:\/\/victoriaaldia.com\/?p=41927#breadcrumb"},"inLanguage":"es-AR","potentialAction":[{"@type":"ReadAction","target":["https:\/\/victoriaaldia.com\/?p=41927"]}]},{"@type":"ImageObject","inLanguage":"es-AR","@id":"https:\/\/victoriaaldia.com\/?p=41927#primaryimage","url":"https:\/\/victoriaaldia.com\/wp-content\/uploads\/2026\/09\/Captura-de-pantalla-2026-09-01-224059.png","contentUrl":"https:\/\/victoriaaldia.com\/wp-content\/uploads\/2026\/09\/Captura-de-pantalla-2026-09-01-224059.png","width":763,"height":513},{"@type":"BreadcrumbList","@id":"https:\/\/victoriaaldia.com\/?p=41927#breadcrumb","itemListElement":[{"@type":"ListItem","position":1,"name":"Inicio","item":"https:\/\/victoriaaldia.com\/"},{"@type":"ListItem","position":2,"name":"Milei hablar\u00e1 en cadena nacional por Malvinas tras las declaraciones de Trump"}]},{"@type":"WebSite","@id":"https:\/\/victoriaaldia.com\/#website","url":"https:\/\/victoriaaldia.com\/","name":"Victoria Al D\u00eda","description":"Diario Digital","publisher":{"@id":"https:\/\/victoriaaldia.com\/#organization"},"potentialAction":[{"@type":"SearchAction","target":{"@type":"EntryPoint","urlTemplate":"https:\/\/victoriaaldia.com\/?s={search_term_string}"},"query-input":{"@type":"PropertyValueSpecification","valueRequired":true,"valueName":"search_term_string"}}],"inLanguage":"es-AR"},{"@type":"Organization","@id":"https:\/\/victoriaaldia.com\/#organization","name":"Victoria Al D\u00eda","url":"https:\/\/victoriaaldia.com\/","logo":{"@type":"ImageObject","inLanguage":"es-AR","@id":"https:\/\/victoriaaldia.com\/#\/schema\/logo\/image\/","url":"https:\/\/victoriaaldia.com\/wp-content\/uploads\/2023\/11\/logo.png","contentUrl":"https:\/\/victoriaaldia.com\/wp-content\/uploads\/2023\/11\/logo.png","width":394,"height":128,"caption":"Victoria Al D\u00eda"},"image":{"@id":"https:\/\/victoriaaldia.com\/#\/schema\/logo\/image\/"}},{"@type":"Person","@id":"https:\/\/victoriaaldia.com\/#\/schema\/person\/2314e106bcb401e92ff95595d5c292ef","name":"Victoria Al D\u00eda","url":"https:\/\/victoriaaldia.com\/?author=3"}]}},"_links":{"self":[{"href":"https:\/\/victoriaaldia.com\/index.php?rest_route=\/wp\/v2\/posts\/41927","targetHints":{"allow":["GET"]}}],"collection":[{"href":"https:\/\/victoriaaldia.com\/index.php?rest_route=\/wp\/v2\/posts"}],"about":[{"href":"https:\/\/victoriaaldia.com\/index.php?rest_route=\/wp\/v2\/types\/post"}],"author":[{"embeddable":true,"href":"https:\/\/victoriaaldia.com\/index.php?rest_route=\/wp\/v2\/users\/3"}],"replies":[{"embeddable":true,"href":"https:\/\/victoriaaldia.com\/index.php?rest_route=%2Fwp%2Fv2%2Fcomments&post=41927"}],"version-history":[{"count":1,"href":"https:\/\/victoriaaldia.com\/index.php?rest_route=\/wp\/v2\/posts\/41927\/revisions"}],"predecessor-version":[{"id":41929,"href":"https:\/\/victoriaaldia.com\/index.php?rest_route=\/wp\/v2\/posts\/41927\/revisions\/41929"}],"wp:featuredmedia":[{"embeddable":true,"href":"https:\/\/victoriaaldia.com\/index.php?rest_route=\/wp\/v2\/media\/41928"}],"wp:attachment":[{"href":"https:\/\/victoriaaldia.com\/index.php?rest_route=%2Fwp%2Fv2%2Fmedia&parent=41927"}],"wp:term":[{"taxonomy":"category","embeddable":true,"href":"https:\/\/victoriaaldia.com\/index.php?rest_route=%2Fwp%2Fv2%2Fcategories&post=41927"},{"taxonomy":"post_tag","embeddable":true,"href":"https:\/\/victoriaaldia.com\/index.php?rest_route=%2Fwp%2Fv2%2Ftags&post=41927"}],"curies":[{"name":"wp","href":"https:\/\/api.w.org\/{rel}","templated":true}]}}