{"id":41934,"date":"2026-09-02T08:31:23","date_gmt":"2026-09-02T11:31:23","guid":{"rendered":"https:\/\/victoriaaldia.com\/?p=41934"},"modified":"2026-09-02T08:31:23","modified_gmt":"2026-09-02T11:31:23","slug":"se-espera-una-temperatura-de-24-para-este-miercoles","status":"publish","type":"post","link":"https:\/\/victoriaaldia.com\/?p=41934","title":{"rendered":"Se espera una temperatura de 24\u00b0 para este mi\u00e9rcoles"},"content":{"rendered":"\r\n<h2 class=\"wp-block-heading\">Meteorolog\u00eda<\/h2>\r\n\r\n\r\nEl pron\u00f3stico anticipa jornadas sin lluvias y un marcado descenso t\u00e9rmico hacia el fin de semana. El lunes la m\u00ednima llegar\u00eda a 2\u00b0C.\r\n\r\nSeg\u00fan los datos publicados por el\u00a0<b>Servicio Meteorol\u00f3gico Nacional (SMN)<\/b>, durante este mi\u00e9rcoles no se prev\u00e9n precipitaciones en la capital entrerriana. Para la ma\u00f1ana se observan condiciones de visibilidad reducida por la presencia de neblina, mientras que hacia la tarde el cielo se presentar\u00e1 con poca nubosidad. La temperatura alcanzar\u00e1 los\u00a0<b>24\u00b0C durante la tarde<\/b>\u00a0y descender\u00e1 hasta aproximadamente 19 grados por la noche.\r\n\r\n&nbsp;\r\n\r\nEl jueves 3 continuar\u00e1 sin probabilidades de precipitaciones y tendr\u00e1 una\u00a0<b>m\u00e1xima de 21 grados y una m\u00ednima de 13\u00b0C<\/b>. Las condiciones se mantendr\u00e1n entre parcialmente nubladas y con momentos de mayor presencia del sol.\r\n\r\n&nbsp;\r\n\r\nDurante el viernes, el\u00a0<b>descenso t\u00e9rmico<\/b>\u00a0comenzar\u00e1 a hacerse m\u00e1s evidente . Para esa jornada, el organismo nacional anticipa una\u00a0<b>m\u00ednima de 9\u00b0C y una m\u00e1xima de 18\u00b0C<\/b>, nuevamente sin lluvias previstas.\r\n\r\nEl s\u00e1bado 5 continuar\u00e1 la disminuci\u00f3n de las temperaturas: la m\u00ednima ser\u00eda de apenas\u00a0<b>7 grados<\/b>, mientras que la m\u00e1xima alcanzar\u00eda los\u00a0<b>16\u00b0C<\/b>. Tampoco aparecen precipitaciones en el pron\u00f3stico para esa jornada.\r\n\r\n&nbsp;\r\n<h3>El domingo la m\u00e1xima ser\u00eda de apenas 12 grados<\/h3>\r\nEl cambio m\u00e1s marcado llegar\u00e1 el\u00a0<b>domingo 6 de septiembre<\/b>, cuando la temperatura m\u00e1xima prevista para Paran\u00e1 ser\u00e1 de solamente\u00a0<b>12 grados<\/b>, mientras que la m\u00ednima descender\u00e1 hasta los\u00a0<b>3\u00b0C<\/b>.\r\n\r\n&nbsp;\r\n\r\nLas posibilidades de lluvia permanecen pr\u00e1cticamente descartadas; en tanto que las bajas temperaturas se mantendr\u00e1n durante el comienzo de la pr\u00f3xima semana. Para el\u00a0<b>lunes 7<\/b>, el pron\u00f3stico anticipa una m\u00ednima de apenas\u00a0<b>2 grados y una m\u00e1xima de 14\u00b0C<\/b>, con cielo parcialmente nublado y sin precipitaciones.\r\n\r\n&nbsp;\r\n<h3>C\u00f3mo seguir\u00e1 el tiempo la pr\u00f3xima semana<\/h3>\r\nPara el martes 8 se espera una recuperaci\u00f3n moderada de los registros t\u00e9rmicos. La m\u00ednima ascender\u00eda hasta los\u00a0<b>7 grados<\/b>, mientras que la m\u00e1xima alcanzar\u00eda nuevamente los\u00a0<b>16\u00b0C<\/b>.\r\n\r\n&nbsp;\r\n\r\nDe esta manera, el pron\u00f3stico extendido muestra una semana caracterizada por la\u00a0<b>ausencia de lluvias significativas y un progresivo descenso de las temperaturas<\/b>, que se sentir\u00e1 principalmente desde el viernes y alcanzar\u00e1 sus registros m\u00e1s bajos entre el domingo y el lunes. Fuente: El Once\r\n\r\n<a href=\"https:\/\/victoriaaldia.com\/?attachment_id=9273\" rel=\"attachment wp-att-9273\"><img loading=\"lazy\" decoding=\"async\" class=\"aligncenter size-full wp-image-9273\" src=\"http:\/\/victoriaaldia.com\/wp-content\/uploads\/2023\/11\/el-progreso.png\" alt=\"\" width=\"720\" height=\"90\" srcset=\"https:\/\/victoriaaldia.com\/wp-content\/uploads\/2023\/11\/el-progreso.png 720w, https:\/\/victoriaaldia.com\/wp-content\/uploads\/2023\/11\/el-progreso-300x38.png 300w\" sizes=\"auto, (max-width: 720px) 100vw, 720px\" \/><\/a>","protected":false},"excerpt":{"rendered":"<p>Meteorolog\u00eda El pron\u00f3stico anticipa jornadas sin lluvias y un marcado descenso t\u00e9rmico hacia el fin de semana. El lunes la&hellip;<\/p>\n","protected":false},"author":3,"featured_media":41935,"comment_status":"closed","ping_status":"closed","sticky":false,"template":"","format":"standard","meta":{"nogoya_volanta":"","nogoya_breaking":false,"nogoya_exclusive":false,"footnotes":""},"categories":[3,21,17],"tags":[],"class_list":["post-41934","post","type-post","status-publish","format-standard","has-post-thumbnail","hentry","category-noticias","category-provinciales","category-sociedad"],"yoast_head":"<!-- This site is optimized with the Yoast SEO plugin v28.4 - https:\/\/yoast.com\/product\/yoast-seo-wordpress\/ -->\n<title>Se espera una temperatura de 24\u00b0 para este mi\u00e9rcoles - Victoria Al D\u00eda<\/title>\n<meta name=\"robots\" content=\"index, follow, max-snippet:-1, max-image-preview:large, max-video-preview:-1\" \/>\n<link rel=\"canonical\" href=\"https:\/\/victoriaaldia.com\/?p=41934\" \/>\n<meta property=\"og:locale\" content=\"es_ES\" \/>\n<meta property=\"og:type\" content=\"article\" \/>\n<meta property=\"og:title\" content=\"Se espera una temperatura de 24\u00b0 para este mi\u00e9rcoles - Victoria Al D\u00eda\" \/>\n<meta property=\"og:description\" content=\"Meteorolog\u00eda El pron\u00f3stico anticipa jornadas sin lluvias y un marcado descenso t\u00e9rmico hacia el fin de semana. El lunes la&hellip;\" \/>\n<meta property=\"og:url\" content=\"https:\/\/victoriaaldia.com\/?p=41934\" \/>\n<meta property=\"og:site_name\" content=\"Victoria Al D\u00eda\" \/>\n<meta property=\"article:published_time\" content=\"2026-09-02T11:31:23+00:00\" \/>\n<meta property=\"og:image\" content=\"http:\/\/victoriaaldia.com\/wp-content\/uploads\/2026\/09\/Captura-de-pantalla-2026-09-02-082340-1.jpeg\" \/>\n\t<meta property=\"og:image:width\" content=\"765\" \/>\n\t<meta property=\"og:image:height\" content=\"509\" \/>\n\t<meta property=\"og:image:type\" content=\"image\/jpeg\" \/>\n<meta name=\"author\" content=\"Victoria Al D\u00eda\" \/>\n<meta name=\"twitter:card\" content=\"summary_large_image\" \/>\n<meta name=\"twitter:label1\" content=\"Escrito por\" \/>\n\t<meta name=\"twitter:data1\" content=\"\" \/>\n\t<meta name=\"twitter:label2\" content=\"Tiempo de lectura\" \/>\n\t<meta name=\"twitter:data2\" content=\"3 minutos\" \/>\n<script type=\"application\/ld+json\" class=\"yoast-schema-graph\">{\"@context\":\"https:\\\/\\\/schema.org\",\"@graph\":[{\"@type\":\"Article\",\"@id\":\"https:\\\/\\\/victoriaaldia.com\\\/?p=41934#article\",\"isPartOf\":{\"@id\":\"https:\\\/\\\/victoriaaldia.com\\\/?p=41934\"},\"author\":{\"name\":\"Victoria Al D\u00eda\",\"@id\":\"https:\\\/\\\/victoriaaldia.com\\\/#\\\/schema\\\/person\\\/2314e106bcb401e92ff95595d5c292ef\"},\"headline\":\"Se espera una temperatura de 24\u00b0 para este mi\u00e9rcoles\",\"datePublished\":\"2026-09-02T11:31:23+00:00\",\"mainEntityOfPage\":{\"@id\":\"https:\\\/\\\/victoriaaldia.com\\\/?p=41934\"},\"wordCount\":400,\"publisher\":{\"@id\":\"https:\\\/\\\/victoriaaldia.com\\\/#organization\"},\"image\":{\"@id\":\"https:\\\/\\\/victoriaaldia.com\\\/?p=41934#primaryimage\"},\"thumbnailUrl\":\"https:\\\/\\\/victoriaaldia.com\\\/wp-content\\\/uploads\\\/2026\\\/09\\\/Captura-de-pantalla-2026-09-02-082340-1.jpeg\",\"articleSection\":[\"Noticias\",\"Provinciales\",\"Sociedad\"],\"inLanguage\":\"es-AR\"},{\"@type\":\"WebPage\",\"@id\":\"https:\\\/\\\/victoriaaldia.com\\\/?p=41934\",\"url\":\"https:\\\/\\\/victoriaaldia.com\\\/?p=41934\",\"name\":\"Se espera una temperatura de 24\u00b0 para este mi\u00e9rcoles - Victoria Al D\u00eda\",\"isPartOf\":{\"@id\":\"https:\\\/\\\/victoriaaldia.com\\\/#website\"},\"primaryImageOfPage\":{\"@id\":\"https:\\\/\\\/victoriaaldia.com\\\/?p=41934#primaryimage\"},\"image\":{\"@id\":\"https:\\\/\\\/victoriaaldia.com\\\/?p=41934#primaryimage\"},\"thumbnailUrl\":\"https:\\\/\\\/victoriaaldia.com\\\/wp-content\\\/uploads\\\/2026\\\/09\\\/Captura-de-pantalla-2026-09-02-082340-1.jpeg\",\"datePublished\":\"2026-09-02T11:31:23+00:00\",\"breadcrumb\":{\"@id\":\"https:\\\/\\\/victoriaaldia.com\\\/?p=41934#breadcrumb\"},\"inLanguage\":\"es-AR\",\"potentialAction\":[{\"@type\":\"ReadAction\",\"target\":[\"https:\\\/\\\/victoriaaldia.com\\\/?p=41934\"]}]},{\"@type\":\"ImageObject\",\"inLanguage\":\"es-AR\",\"@id\":\"https:\\\/\\\/victoriaaldia.com\\\/?p=41934#primaryimage\",\"url\":\"https:\\\/\\\/victoriaaldia.com\\\/wp-content\\\/uploads\\\/2026\\\/09\\\/Captura-de-pantalla-2026-09-02-082340-1.jpeg\",\"contentUrl\":\"https:\\\/\\\/victoriaaldia.com\\\/wp-content\\\/uploads\\\/2026\\\/09\\\/Captura-de-pantalla-2026-09-02-082340-1.jpeg\",\"width\":765,\"height\":509},{\"@type\":\"BreadcrumbList\",\"@id\":\"https:\\\/\\\/victoriaaldia.com\\\/?p=41934#breadcrumb\",\"itemListElement\":[{\"@type\":\"ListItem\",\"position\":1,\"name\":\"Inicio\",\"item\":\"https:\\\/\\\/victoriaaldia.com\\\/\"},{\"@type\":\"ListItem\",\"position\":2,\"name\":\"Se espera una temperatura de 24\u00b0 para este mi\u00e9rcoles\"}]},{\"@type\":\"WebSite\",\"@id\":\"https:\\\/\\\/victoriaaldia.com\\\/#website\",\"url\":\"https:\\\/\\\/victoriaaldia.com\\\/\",\"name\":\"Victoria Al D\u00eda\",\"description\":\"Diario Digital\",\"publisher\":{\"@id\":\"https:\\\/\\\/victoriaaldia.com\\\/#organization\"},\"potentialAction\":[{\"@type\":\"SearchAction\",\"target\":{\"@type\":\"EntryPoint\",\"urlTemplate\":\"https:\\\/\\\/victoriaaldia.com\\\/?s={search_term_string}\"},\"query-input\":{\"@type\":\"PropertyValueSpecification\",\"valueRequired\":true,\"valueName\":\"search_term_string\"}}],\"inLanguage\":\"es-AR\"},{\"@type\":\"Organization\",\"@id\":\"https:\\\/\\\/victoriaaldia.com\\\/#organization\",\"name\":\"Victoria Al D\u00eda\",\"url\":\"https:\\\/\\\/victoriaaldia.com\\\/\",\"logo\":{\"@type\":\"ImageObject\",\"inLanguage\":\"es-AR\",\"@id\":\"https:\\\/\\\/victoriaaldia.com\\\/#\\\/schema\\\/logo\\\/image\\\/\",\"url\":\"https:\\\/\\\/victoriaaldia.com\\\/wp-content\\\/uploads\\\/2023\\\/11\\\/logo.png\",\"contentUrl\":\"https:\\\/\\\/victoriaaldia.com\\\/wp-content\\\/uploads\\\/2023\\\/11\\\/logo.png\",\"width\":394,\"height\":128,\"caption\":\"Victoria Al D\u00eda\"},\"image\":{\"@id\":\"https:\\\/\\\/victoriaaldia.com\\\/#\\\/schema\\\/logo\\\/image\\\/\"}},{\"@type\":\"Person\",\"@id\":\"https:\\\/\\\/victoriaaldia.com\\\/#\\\/schema\\\/person\\\/2314e106bcb401e92ff95595d5c292ef\",\"name\":\"Victoria Al D\u00eda\",\"url\":\"https:\\\/\\\/victoriaaldia.com\\\/?author=3\"}]}<\/script>\n<!-- \/ Yoast SEO plugin. -->","yoast_head_json":{"title":"Se espera una temperatura de 24\u00b0 para este mi\u00e9rcoles - Victoria Al D\u00eda","robots":{"index":"index","follow":"follow","max-snippet":"max-snippet:-1","max-image-preview":"max-image-preview:large","max-video-preview":"max-video-preview:-1"},"canonical":"https:\/\/victoriaaldia.com\/?p=41934","og_locale":"es_ES","og_type":"article","og_title":"Se espera una temperatura de 24\u00b0 para este mi\u00e9rcoles - Victoria Al D\u00eda","og_description":"Meteorolog\u00eda El pron\u00f3stico anticipa jornadas sin lluvias y un marcado descenso t\u00e9rmico hacia el fin de semana. El lunes la&hellip;","og_url":"https:\/\/victoriaaldia.com\/?p=41934","og_site_name":"Victoria Al D\u00eda","article_published_time":"2026-09-02T11:31:23+00:00","og_image":[{"width":765,"height":509,"url":"http:\/\/victoriaaldia.com\/wp-content\/uploads\/2026\/09\/Captura-de-pantalla-2026-09-02-082340-1.jpeg","type":"image\/jpeg"}],"author":"Victoria Al D\u00eda","twitter_card":"summary_large_image","twitter_misc":{"Escrito por":"","Tiempo de lectura":"3 minutos"},"schema":{"@context":"https:\/\/schema.org","@graph":[{"@type":"Article","@id":"https:\/\/victoriaaldia.com\/?p=41934#article","isPartOf":{"@id":"https:\/\/victoriaaldia.com\/?p=41934"},"author":{"name":"Victoria Al D\u00eda","@id":"https:\/\/victoriaaldia.com\/#\/schema\/person\/2314e106bcb401e92ff95595d5c292ef"},"headline":"Se espera una temperatura de 24\u00b0 para este mi\u00e9rcoles","datePublished":"2026-09-02T11:31:23+00:00","mainEntityOfPage":{"@id":"https:\/\/victoriaaldia.com\/?p=41934"},"wordCount":400,"publisher":{"@id":"https:\/\/victoriaaldia.com\/#organization"},"image":{"@id":"https:\/\/victoriaaldia.com\/?p=41934#primaryimage"},"thumbnailUrl":"https:\/\/victoriaaldia.com\/wp-content\/uploads\/2026\/09\/Captura-de-pantalla-2026-09-02-082340-1.jpeg","articleSection":["Noticias","Provinciales","Sociedad"],"inLanguage":"es-AR"},{"@type":"WebPage","@id":"https:\/\/victoriaaldia.com\/?p=41934","url":"https:\/\/victoriaaldia.com\/?p=41934","name":"Se espera una temperatura de 24\u00b0 para este mi\u00e9rcoles - Victoria Al D\u00eda","isPartOf":{"@id":"https:\/\/victoriaaldia.com\/#website"},"primaryImageOfPage":{"@id":"https:\/\/victoriaaldia.com\/?p=41934#primaryimage"},"image":{"@id":"https:\/\/victoriaaldia.com\/?p=41934#primaryimage"},"thumbnailUrl":"https:\/\/victoriaaldia.com\/wp-content\/uploads\/2026\/09\/Captura-de-pantalla-2026-09-02-082340-1.jpeg","datePublished":"2026-09-02T11:31:23+00:00","breadcrumb":{"@id":"https:\/\/victoriaaldia.com\/?p=41934#breadcrumb"},"inLanguage":"es-AR","potentialAction":[{"@type":"ReadAction","target":["https:\/\/victoriaaldia.com\/?p=41934"]}]},{"@type":"ImageObject","inLanguage":"es-AR","@id":"https:\/\/victoriaaldia.com\/?p=41934#primaryimage","url":"https:\/\/victoriaaldia.com\/wp-content\/uploads\/2026\/09\/Captura-de-pantalla-2026-09-02-082340-1.jpeg","contentUrl":"https:\/\/victoriaaldia.com\/wp-content\/uploads\/2026\/09\/Captura-de-pantalla-2026-09-02-082340-1.jpeg","width":765,"height":509},{"@type":"BreadcrumbList","@id":"https:\/\/victoriaaldia.com\/?p=41934#breadcrumb","itemListElement":[{"@type":"ListItem","position":1,"name":"Inicio","item":"https:\/\/victoriaaldia.com\/"},{"@type":"ListItem","position":2,"name":"Se espera una temperatura de 24\u00b0 para este mi\u00e9rcoles"}]},{"@type":"WebSite","@id":"https:\/\/victoriaaldia.com\/#website","url":"https:\/\/victoriaaldia.com\/","name":"Victoria Al D\u00eda","description":"Diario Digital","publisher":{"@id":"https:\/\/victoriaaldia.com\/#organization"},"potentialAction":[{"@type":"SearchAction","target":{"@type":"EntryPoint","urlTemplate":"https:\/\/victoriaaldia.com\/?s={search_term_string}"},"query-input":{"@type":"PropertyValueSpecification","valueRequired":true,"valueName":"search_term_string"}}],"inLanguage":"es-AR"},{"@type":"Organization","@id":"https:\/\/victoriaaldia.com\/#organization","name":"Victoria Al D\u00eda","url":"https:\/\/victoriaaldia.com\/","logo":{"@type":"ImageObject","inLanguage":"es-AR","@id":"https:\/\/victoriaaldia.com\/#\/schema\/logo\/image\/","url":"https:\/\/victoriaaldia.com\/wp-content\/uploads\/2023\/11\/logo.png","contentUrl":"https:\/\/victoriaaldia.com\/wp-content\/uploads\/2023\/11\/logo.png","width":394,"height":128,"caption":"Victoria Al D\u00eda"},"image":{"@id":"https:\/\/victoriaaldia.com\/#\/schema\/logo\/image\/"}},{"@type":"Person","@id":"https:\/\/victoriaaldia.com\/#\/schema\/person\/2314e106bcb401e92ff95595d5c292ef","name":"Victoria Al D\u00eda","url":"https:\/\/victoriaaldia.com\/?author=3"}]}},"_links":{"self":[{"href":"https:\/\/victoriaaldia.com\/index.php?rest_route=\/wp\/v2\/posts\/41934","targetHints":{"allow":["GET"]}}],"collection":[{"href":"https:\/\/victoriaaldia.com\/index.php?rest_route=\/wp\/v2\/posts"}],"about":[{"href":"https:\/\/victoriaaldia.com\/index.php?rest_route=\/wp\/v2\/types\/post"}],"author":[{"embeddable":true,"href":"https:\/\/victoriaaldia.com\/index.php?rest_route=\/wp\/v2\/users\/3"}],"replies":[{"embeddable":true,"href":"https:\/\/victoriaaldia.com\/index.php?rest_route=%2Fwp%2Fv2%2Fcomments&post=41934"}],"version-history":[{"count":1,"href":"https:\/\/victoriaaldia.com\/index.php?rest_route=\/wp\/v2\/posts\/41934\/revisions"}],"predecessor-version":[{"id":41936,"href":"https:\/\/victoriaaldia.com\/index.php?rest_route=\/wp\/v2\/posts\/41934\/revisions\/41936"}],"wp:featuredmedia":[{"embeddable":true,"href":"https:\/\/victoriaaldia.com\/index.php?rest_route=\/wp\/v2\/media\/41935"}],"wp:attachment":[{"href":"https:\/\/victoriaaldia.com\/index.php?rest_route=%2Fwp%2Fv2%2Fmedia&parent=41934"}],"wp:term":[{"taxonomy":"category","embeddable":true,"href":"https:\/\/victoriaaldia.com\/index.php?rest_route=%2Fwp%2Fv2%2Fcategories&post=41934"},{"taxonomy":"post_tag","embeddable":true,"href":"https:\/\/victoriaaldia.com\/index.php?rest_route=%2Fwp%2Fv2%2Ftags&post=41934"}],"curies":[{"name":"wp","href":"https:\/\/api.w.org\/{rel}","templated":true}]}}