{"id":41937,"date":"2026-09-02T08:38:58","date_gmt":"2026-09-02T11:38:58","guid":{"rendered":"https:\/\/victoriaaldia.com\/?p=41937"},"modified":"2026-09-02T08:38:58","modified_gmt":"2026-09-02T11:38:58","slug":"el-gobierno-fijo-el-nuevo-salario-minimo-tendra-aumentos-mensuales-hasta-alcanzar-los-437-000","status":"publish","type":"post","link":"https:\/\/victoriaaldia.com\/?p=41937","title":{"rendered":"El Gobierno fij\u00f3 el nuevo salario m\u00ednimo: tendr\u00e1 aumentos mensuales hasta alcanzar los $437.000"},"content":{"rendered":"<header class=\"cl-24 header-interior interior-top-1\">El salario m\u00ednimo qued\u00f3 en $383.800 desde septiembre y tendr\u00e1 aumentos mensuales hasta alcanzar los $437.000 en abril de 2027, seg\u00fan dispuso el gobierno nacional.<\/header>\n<header><\/header>\n<header>El Gobierno nacional estableci\u00f3\u00a0<b>el nuevo salario m\u00ednimo, vital y m\u00f3vil en $383.800 desde el 1\u00ba de septiembre de 2026<\/b>\u00a0para los trabajadores mensualizados que cumplan la jornada legal completa. Adem\u00e1s, fij\u00f3 una escala de incrementos mensuales que llevar\u00e1 el monto hasta los $437.000 en abril de 2027.<\/p>\n<p>&nbsp;<\/p>\n<p>La medida fue oficializada mediante la\u00a0<b>Resoluci\u00f3n 4\/2026 del Consejo Nacional del Empleo, la Productividad y el Salario M\u00ednimo, Vital y M\u00f3vil<\/b>, dependiente de la Secretar\u00eda de Trabajo, Empleo y Seguridad Social. La norma tambi\u00e9n determin\u00f3 los valores por hora para los trabajadores jornalizados.<\/p>\n<p>&nbsp;<\/p>\n<p>Seg\u00fan estableci\u00f3 la resoluci\u00f3n, el salario m\u00ednimo ser\u00e1 de\u00a0<b>$391.200 en octubre y $1.956 por hora<\/b>; mientras que en noviembre alcanzar\u00e1 los\u00a0<b>$398.800 mensuales y $1.994 por hora<\/b>.<\/p>\n<h3>C\u00f3mo aumentar\u00e1 el salario m\u00ednimo hasta abril<\/h3>\n<p>Para diciembre de 2026, el Salario M\u00ednimo, Vital y M\u00f3vil qued\u00f3 establecido en\u00a0<b>$406.400 para los trabajadores mensualizados y $2.032 por hora para los jornalizados<\/b>.<\/p>\n<p>&nbsp;<\/p>\n<p>La escala continuar\u00e1 en 2027. Desde el 1\u00ba de enero ser\u00e1 de\u00a0<b>$414.200 mensuales y $2.071 por hora<\/b>; en febrero ascender\u00e1 a\u00a0<b>$422.000 y $2.110<\/b>, respectivamente; y en marzo llegar\u00e1 a\u00a0<b>$429.600 mensuales y $2.148 por hora<\/b>.<\/p>\n<p>&nbsp;<\/p>\n<p>Finalmente, desde el\u00a0<b>1\u00ba de abril de 2027<\/b>, el salario m\u00ednimo quedar\u00e1 fijado en\u00a0<b>$437.000 para quienes cumplan una jornada legal completa y $2.185 por hora para los trabajadores jornalizados<\/b>.<\/p>\n<h3><\/h3>\n<h3>A qu\u00e9 trabajadores alcanza la medida<\/h3>\n<p>La resoluci\u00f3n estableci\u00f3 que los montos alcanzan a los trabajadores comprendidos en el\u00a0<b>R\u00e9gimen de Contrato de Trabajo de la Ley 20.744<\/b>, el R\u00e9gimen de Trabajo Agrario, la Administraci\u00f3n P\u00fablica Nacional y todas las entidades y organismos del Estado Nacional que act\u00faen como empleadores.<\/p>\n<p>&nbsp;<\/p>\n<p>En los casos contemplados por los art\u00edculos 92 ter y 198 de la Ley de Contrato de Trabajo, vinculados con modalidades que no cumplen la jornada legal completa, el salario m\u00ednimo deber\u00e1 percibirse en la proporci\u00f3n correspondiente.<\/p>\n<p>&nbsp;<\/p>\n<p>La decisi\u00f3n fue adoptada luego de la reuni\u00f3n virtual realizada el\u00a0<b>28 de agosto de 2026<\/b>\u00a0por el Consejo Nacional del Empleo y la Comisi\u00f3n del Salario M\u00ednimo, Vital y M\u00f3vil y Prestaciones por Desempleo. Seg\u00fan consign\u00f3 la resoluci\u00f3n, tras \u201cun extenso intercambio de opiniones\u201d,\u00a0<b>no se alcanz\u00f3 un acuerdo<\/b>\u00a0y debi\u00f3 emitirse un laudo para establecer los nuevos valores.<\/p>\n<h3>Qu\u00e9 pasar\u00e1 con la prestaci\u00f3n por desempleo<\/h3>\n<p>La Resoluci\u00f3n 4\/2026 tambi\u00e9n mantuvo la f\u00f3rmula utilizada para determinar la\u00a0<b>Prestaci\u00f3n por Desempleo<\/b>\u00a0contemplada por la Ley 24.013.<\/p>\n<p>&nbsp;<\/p>\n<p>El beneficio ser\u00e1 equivalente al\u00a0<b>75% del importe neto de la mejor remuneraci\u00f3n mensual, normal y habitual<\/b>\u00a0percibida por el trabajador durante los seis meses anteriores a la finalizaci\u00f3n del contrato laboral que origin\u00f3 la situaci\u00f3n de desempleo.<\/p>\n<p>&nbsp;<\/p>\n<p>La norma determin\u00f3 adem\u00e1s que la prestaci\u00f3n mensual\u00a0<b>no podr\u00e1 ser inferior al 50% del Salario M\u00ednimo, Vital y M\u00f3vil vigente ni superar el 100% de ese valor<\/b>. De esta manera, los l\u00edmites se modificar\u00e1n en funci\u00f3n de cada uno de los montos establecidos en la nueva escala. Fuente: El Once<\/p>\n<p><a href=\"https:\/\/victoriaaldia.com\/?attachment_id=9276\" rel=\"attachment wp-att-9276\"><img loading=\"lazy\" decoding=\"async\" class=\"aligncenter size-full wp-image-9276\" src=\"http:\/\/victoriaaldia.com\/wp-content\/uploads\/2023\/11\/coopar.png\" alt=\"\" width=\"720\" height=\"90\" srcset=\"https:\/\/victoriaaldia.com\/wp-content\/uploads\/2023\/11\/coopar.png 720w, https:\/\/victoriaaldia.com\/wp-content\/uploads\/2023\/11\/coopar-300x38.png 300w\" sizes=\"auto, (max-width: 720px) 100vw, 720px\" \/><\/a><\/p>\n<\/header>\n","protected":false},"excerpt":{"rendered":"<p>El salario m\u00ednimo qued\u00f3 en $383.800 desde septiembre y tendr\u00e1 aumentos mensuales hasta alcanzar los $437.000 en abril de 2027,&hellip;<\/p>\n","protected":false},"author":3,"featured_media":41938,"comment_status":"closed","ping_status":"closed","sticky":false,"template":"","format":"standard","meta":{"nogoya_volanta":"","nogoya_breaking":false,"nogoya_exclusive":false,"footnotes":""},"categories":[19,4,3],"tags":[],"class_list":["post-41937","post","type-post","status-publish","format-standard","has-post-thumbnail","hentry","category-economia","category-nacionales","category-noticias"],"yoast_head":"<!-- This site is optimized with the Yoast SEO plugin v28.4 - https:\/\/yoast.com\/product\/yoast-seo-wordpress\/ -->\n<title>El Gobierno fij\u00f3 el nuevo salario m\u00ednimo: tendr\u00e1 aumentos mensuales hasta alcanzar los $437.000 - Victoria Al D\u00eda<\/title>\n<meta name=\"robots\" content=\"index, follow, max-snippet:-1, max-image-preview:large, max-video-preview:-1\" \/>\n<link rel=\"canonical\" href=\"https:\/\/victoriaaldia.com\/?p=41937\" \/>\n<meta property=\"og:locale\" content=\"es_ES\" \/>\n<meta property=\"og:type\" content=\"article\" \/>\n<meta property=\"og:title\" content=\"El Gobierno fij\u00f3 el nuevo salario m\u00ednimo: tendr\u00e1 aumentos mensuales hasta alcanzar los $437.000 - Victoria Al D\u00eda\" \/>\n<meta property=\"og:description\" content=\"El salario m\u00ednimo qued\u00f3 en $383.800 desde septiembre y tendr\u00e1 aumentos mensuales hasta alcanzar los $437.000 en abril de 2027,&hellip;\" \/>\n<meta property=\"og:url\" content=\"https:\/\/victoriaaldia.com\/?p=41937\" \/>\n<meta property=\"og:site_name\" content=\"Victoria Al D\u00eda\" \/>\n<meta property=\"article:published_time\" content=\"2026-09-02T11:38:58+00:00\" \/>\n<meta property=\"og:image\" content=\"http:\/\/victoriaaldia.com\/wp-content\/uploads\/2026\/09\/Captura-de-pantalla-2026-09-02-083720.png\" \/>\n\t<meta property=\"og:image:width\" content=\"767\" \/>\n\t<meta property=\"og:image:height\" content=\"511\" \/>\n\t<meta property=\"og:image:type\" content=\"image\/png\" \/>\n<meta name=\"author\" content=\"Victoria Al D\u00eda\" \/>\n<meta name=\"twitter:card\" content=\"summary_large_image\" \/>\n<meta name=\"twitter:label1\" content=\"Escrito por\" \/>\n\t<meta name=\"twitter:data1\" content=\"\" \/>\n\t<meta name=\"twitter:label2\" content=\"Tiempo de lectura\" \/>\n\t<meta name=\"twitter:data2\" content=\"3 minutos\" \/>\n<script type=\"application\/ld+json\" class=\"yoast-schema-graph\">{\"@context\":\"https:\\\/\\\/schema.org\",\"@graph\":[{\"@type\":\"Article\",\"@id\":\"https:\\\/\\\/victoriaaldia.com\\\/?p=41937#article\",\"isPartOf\":{\"@id\":\"https:\\\/\\\/victoriaaldia.com\\\/?p=41937\"},\"author\":{\"name\":\"Victoria Al D\u00eda\",\"@id\":\"https:\\\/\\\/victoriaaldia.com\\\/#\\\/schema\\\/person\\\/2314e106bcb401e92ff95595d5c292ef\"},\"headline\":\"El Gobierno fij\u00f3 el nuevo salario m\u00ednimo: tendr\u00e1 aumentos mensuales hasta alcanzar los $437.000\",\"datePublished\":\"2026-09-02T11:38:58+00:00\",\"mainEntityOfPage\":{\"@id\":\"https:\\\/\\\/victoriaaldia.com\\\/?p=41937\"},\"wordCount\":539,\"publisher\":{\"@id\":\"https:\\\/\\\/victoriaaldia.com\\\/#organization\"},\"image\":{\"@id\":\"https:\\\/\\\/victoriaaldia.com\\\/?p=41937#primaryimage\"},\"thumbnailUrl\":\"https:\\\/\\\/victoriaaldia.com\\\/wp-content\\\/uploads\\\/2026\\\/09\\\/Captura-de-pantalla-2026-09-02-083720.png\",\"articleSection\":[\"Econom\u00eda\",\"Nacionales\",\"Noticias\"],\"inLanguage\":\"es-AR\"},{\"@type\":\"WebPage\",\"@id\":\"https:\\\/\\\/victoriaaldia.com\\\/?p=41937\",\"url\":\"https:\\\/\\\/victoriaaldia.com\\\/?p=41937\",\"name\":\"El Gobierno fij\u00f3 el nuevo salario m\u00ednimo: tendr\u00e1 aumentos mensuales hasta alcanzar los $437.000 - Victoria Al D\u00eda\",\"isPartOf\":{\"@id\":\"https:\\\/\\\/victoriaaldia.com\\\/#website\"},\"primaryImageOfPage\":{\"@id\":\"https:\\\/\\\/victoriaaldia.com\\\/?p=41937#primaryimage\"},\"image\":{\"@id\":\"https:\\\/\\\/victoriaaldia.com\\\/?p=41937#primaryimage\"},\"thumbnailUrl\":\"https:\\\/\\\/victoriaaldia.com\\\/wp-content\\\/uploads\\\/2026\\\/09\\\/Captura-de-pantalla-2026-09-02-083720.png\",\"datePublished\":\"2026-09-02T11:38:58+00:00\",\"breadcrumb\":{\"@id\":\"https:\\\/\\\/victoriaaldia.com\\\/?p=41937#breadcrumb\"},\"inLanguage\":\"es-AR\",\"potentialAction\":[{\"@type\":\"ReadAction\",\"target\":[\"https:\\\/\\\/victoriaaldia.com\\\/?p=41937\"]}]},{\"@type\":\"ImageObject\",\"inLanguage\":\"es-AR\",\"@id\":\"https:\\\/\\\/victoriaaldia.com\\\/?p=41937#primaryimage\",\"url\":\"https:\\\/\\\/victoriaaldia.com\\\/wp-content\\\/uploads\\\/2026\\\/09\\\/Captura-de-pantalla-2026-09-02-083720.png\",\"contentUrl\":\"https:\\\/\\\/victoriaaldia.com\\\/wp-content\\\/uploads\\\/2026\\\/09\\\/Captura-de-pantalla-2026-09-02-083720.png\",\"width\":767,\"height\":511},{\"@type\":\"BreadcrumbList\",\"@id\":\"https:\\\/\\\/victoriaaldia.com\\\/?p=41937#breadcrumb\",\"itemListElement\":[{\"@type\":\"ListItem\",\"position\":1,\"name\":\"Inicio\",\"item\":\"https:\\\/\\\/victoriaaldia.com\\\/\"},{\"@type\":\"ListItem\",\"position\":2,\"name\":\"El Gobierno fij\u00f3 el nuevo salario m\u00ednimo: tendr\u00e1 aumentos mensuales hasta alcanzar los $437.000\"}]},{\"@type\":\"WebSite\",\"@id\":\"https:\\\/\\\/victoriaaldia.com\\\/#website\",\"url\":\"https:\\\/\\\/victoriaaldia.com\\\/\",\"name\":\"Victoria Al D\u00eda\",\"description\":\"Diario Digital\",\"publisher\":{\"@id\":\"https:\\\/\\\/victoriaaldia.com\\\/#organization\"},\"potentialAction\":[{\"@type\":\"SearchAction\",\"target\":{\"@type\":\"EntryPoint\",\"urlTemplate\":\"https:\\\/\\\/victoriaaldia.com\\\/?s={search_term_string}\"},\"query-input\":{\"@type\":\"PropertyValueSpecification\",\"valueRequired\":true,\"valueName\":\"search_term_string\"}}],\"inLanguage\":\"es-AR\"},{\"@type\":\"Organization\",\"@id\":\"https:\\\/\\\/victoriaaldia.com\\\/#organization\",\"name\":\"Victoria Al D\u00eda\",\"url\":\"https:\\\/\\\/victoriaaldia.com\\\/\",\"logo\":{\"@type\":\"ImageObject\",\"inLanguage\":\"es-AR\",\"@id\":\"https:\\\/\\\/victoriaaldia.com\\\/#\\\/schema\\\/logo\\\/image\\\/\",\"url\":\"https:\\\/\\\/victoriaaldia.com\\\/wp-content\\\/uploads\\\/2023\\\/11\\\/logo.png\",\"contentUrl\":\"https:\\\/\\\/victoriaaldia.com\\\/wp-content\\\/uploads\\\/2023\\\/11\\\/logo.png\",\"width\":394,\"height\":128,\"caption\":\"Victoria Al D\u00eda\"},\"image\":{\"@id\":\"https:\\\/\\\/victoriaaldia.com\\\/#\\\/schema\\\/logo\\\/image\\\/\"}},{\"@type\":\"Person\",\"@id\":\"https:\\\/\\\/victoriaaldia.com\\\/#\\\/schema\\\/person\\\/2314e106bcb401e92ff95595d5c292ef\",\"name\":\"Victoria Al D\u00eda\",\"url\":\"https:\\\/\\\/victoriaaldia.com\\\/?author=3\"}]}<\/script>\n<!-- \/ Yoast SEO plugin. -->","yoast_head_json":{"title":"El Gobierno fij\u00f3 el nuevo salario m\u00ednimo: tendr\u00e1 aumentos mensuales hasta alcanzar los $437.000 - Victoria Al D\u00eda","robots":{"index":"index","follow":"follow","max-snippet":"max-snippet:-1","max-image-preview":"max-image-preview:large","max-video-preview":"max-video-preview:-1"},"canonical":"https:\/\/victoriaaldia.com\/?p=41937","og_locale":"es_ES","og_type":"article","og_title":"El Gobierno fij\u00f3 el nuevo salario m\u00ednimo: tendr\u00e1 aumentos mensuales hasta alcanzar los $437.000 - Victoria Al D\u00eda","og_description":"El salario m\u00ednimo qued\u00f3 en $383.800 desde septiembre y tendr\u00e1 aumentos mensuales hasta alcanzar los $437.000 en abril de 2027,&hellip;","og_url":"https:\/\/victoriaaldia.com\/?p=41937","og_site_name":"Victoria Al D\u00eda","article_published_time":"2026-09-02T11:38:58+00:00","og_image":[{"width":767,"height":511,"url":"http:\/\/victoriaaldia.com\/wp-content\/uploads\/2026\/09\/Captura-de-pantalla-2026-09-02-083720.png","type":"image\/png"}],"author":"Victoria Al D\u00eda","twitter_card":"summary_large_image","twitter_misc":{"Escrito por":"","Tiempo de lectura":"3 minutos"},"schema":{"@context":"https:\/\/schema.org","@graph":[{"@type":"Article","@id":"https:\/\/victoriaaldia.com\/?p=41937#article","isPartOf":{"@id":"https:\/\/victoriaaldia.com\/?p=41937"},"author":{"name":"Victoria Al D\u00eda","@id":"https:\/\/victoriaaldia.com\/#\/schema\/person\/2314e106bcb401e92ff95595d5c292ef"},"headline":"El Gobierno fij\u00f3 el nuevo salario m\u00ednimo: tendr\u00e1 aumentos mensuales hasta alcanzar los $437.000","datePublished":"2026-09-02T11:38:58+00:00","mainEntityOfPage":{"@id":"https:\/\/victoriaaldia.com\/?p=41937"},"wordCount":539,"publisher":{"@id":"https:\/\/victoriaaldia.com\/#organization"},"image":{"@id":"https:\/\/victoriaaldia.com\/?p=41937#primaryimage"},"thumbnailUrl":"https:\/\/victoriaaldia.com\/wp-content\/uploads\/2026\/09\/Captura-de-pantalla-2026-09-02-083720.png","articleSection":["Econom\u00eda","Nacionales","Noticias"],"inLanguage":"es-AR"},{"@type":"WebPage","@id":"https:\/\/victoriaaldia.com\/?p=41937","url":"https:\/\/victoriaaldia.com\/?p=41937","name":"El Gobierno fij\u00f3 el nuevo salario m\u00ednimo: tendr\u00e1 aumentos mensuales hasta alcanzar los $437.000 - Victoria Al D\u00eda","isPartOf":{"@id":"https:\/\/victoriaaldia.com\/#website"},"primaryImageOfPage":{"@id":"https:\/\/victoriaaldia.com\/?p=41937#primaryimage"},"image":{"@id":"https:\/\/victoriaaldia.com\/?p=41937#primaryimage"},"thumbnailUrl":"https:\/\/victoriaaldia.com\/wp-content\/uploads\/2026\/09\/Captura-de-pantalla-2026-09-02-083720.png","datePublished":"2026-09-02T11:38:58+00:00","breadcrumb":{"@id":"https:\/\/victoriaaldia.com\/?p=41937#breadcrumb"},"inLanguage":"es-AR","potentialAction":[{"@type":"ReadAction","target":["https:\/\/victoriaaldia.com\/?p=41937"]}]},{"@type":"ImageObject","inLanguage":"es-AR","@id":"https:\/\/victoriaaldia.com\/?p=41937#primaryimage","url":"https:\/\/victoriaaldia.com\/wp-content\/uploads\/2026\/09\/Captura-de-pantalla-2026-09-02-083720.png","contentUrl":"https:\/\/victoriaaldia.com\/wp-content\/uploads\/2026\/09\/Captura-de-pantalla-2026-09-02-083720.png","width":767,"height":511},{"@type":"BreadcrumbList","@id":"https:\/\/victoriaaldia.com\/?p=41937#breadcrumb","itemListElement":[{"@type":"ListItem","position":1,"name":"Inicio","item":"https:\/\/victoriaaldia.com\/"},{"@type":"ListItem","position":2,"name":"El Gobierno fij\u00f3 el nuevo salario m\u00ednimo: tendr\u00e1 aumentos mensuales hasta alcanzar los $437.000"}]},{"@type":"WebSite","@id":"https:\/\/victoriaaldia.com\/#website","url":"https:\/\/victoriaaldia.com\/","name":"Victoria Al D\u00eda","description":"Diario Digital","publisher":{"@id":"https:\/\/victoriaaldia.com\/#organization"},"potentialAction":[{"@type":"SearchAction","target":{"@type":"EntryPoint","urlTemplate":"https:\/\/victoriaaldia.com\/?s={search_term_string}"},"query-input":{"@type":"PropertyValueSpecification","valueRequired":true,"valueName":"search_term_string"}}],"inLanguage":"es-AR"},{"@type":"Organization","@id":"https:\/\/victoriaaldia.com\/#organization","name":"Victoria Al D\u00eda","url":"https:\/\/victoriaaldia.com\/","logo":{"@type":"ImageObject","inLanguage":"es-AR","@id":"https:\/\/victoriaaldia.com\/#\/schema\/logo\/image\/","url":"https:\/\/victoriaaldia.com\/wp-content\/uploads\/2023\/11\/logo.png","contentUrl":"https:\/\/victoriaaldia.com\/wp-content\/uploads\/2023\/11\/logo.png","width":394,"height":128,"caption":"Victoria Al D\u00eda"},"image":{"@id":"https:\/\/victoriaaldia.com\/#\/schema\/logo\/image\/"}},{"@type":"Person","@id":"https:\/\/victoriaaldia.com\/#\/schema\/person\/2314e106bcb401e92ff95595d5c292ef","name":"Victoria Al D\u00eda","url":"https:\/\/victoriaaldia.com\/?author=3"}]}},"_links":{"self":[{"href":"https:\/\/victoriaaldia.com\/index.php?rest_route=\/wp\/v2\/posts\/41937","targetHints":{"allow":["GET"]}}],"collection":[{"href":"https:\/\/victoriaaldia.com\/index.php?rest_route=\/wp\/v2\/posts"}],"about":[{"href":"https:\/\/victoriaaldia.com\/index.php?rest_route=\/wp\/v2\/types\/post"}],"author":[{"embeddable":true,"href":"https:\/\/victoriaaldia.com\/index.php?rest_route=\/wp\/v2\/users\/3"}],"replies":[{"embeddable":true,"href":"https:\/\/victoriaaldia.com\/index.php?rest_route=%2Fwp%2Fv2%2Fcomments&post=41937"}],"version-history":[{"count":1,"href":"https:\/\/victoriaaldia.com\/index.php?rest_route=\/wp\/v2\/posts\/41937\/revisions"}],"predecessor-version":[{"id":41939,"href":"https:\/\/victoriaaldia.com\/index.php?rest_route=\/wp\/v2\/posts\/41937\/revisions\/41939"}],"wp:featuredmedia":[{"embeddable":true,"href":"https:\/\/victoriaaldia.com\/index.php?rest_route=\/wp\/v2\/media\/41938"}],"wp:attachment":[{"href":"https:\/\/victoriaaldia.com\/index.php?rest_route=%2Fwp%2Fv2%2Fmedia&parent=41937"}],"wp:term":[{"taxonomy":"category","embeddable":true,"href":"https:\/\/victoriaaldia.com\/index.php?rest_route=%2Fwp%2Fv2%2Fcategories&post=41937"},{"taxonomy":"post_tag","embeddable":true,"href":"https:\/\/victoriaaldia.com\/index.php?rest_route=%2Fwp%2Fv2%2Ftags&post=41937"}],"curies":[{"name":"wp","href":"https:\/\/api.w.org\/{rel}","templated":true}]}}