{"id":41952,"date":"2026-09-02T19:47:50","date_gmt":"2026-09-02T22:47:50","guid":{"rendered":"https:\/\/victoriaaldia.com\/?p=41952"},"modified":"2026-09-02T19:47:50","modified_gmt":"2026-09-02T22:47:50","slug":"mas-del-50-de-los-hogares-es-de-clase-baja-como-quedo-la-piramide-de-ingresos","status":"publish","type":"post","link":"https:\/\/victoriaaldia.com\/?p=41952","title":{"rendered":"M\u00e1s del 50% de los hogares es de clase baja: c\u00f3mo qued\u00f3 la pir\u00e1mide de ingresos"},"content":{"rendered":"<p>Por su parte, la clase media baja concentr\u00f3 al 26%, con un ingreso inicial de $2,5 millones mensuales por hogar. Ambos segmentos medios sumaron el 43% de la distribuci\u00f3n presentada por la consultora.<\/p>\n<p>La clasificaci\u00f3n dividi\u00f3 la estructura social en cinco grupos: clase alta, clase media alta, clase media baja, clase baja no pobre y clase baja en pobreza. Los valores informados correspondieron a ingresos por hogar.<\/p>\n<p>&nbsp;<\/p>\n<p>&nbsp;<\/p>\n<p>&nbsp;<\/p>\n<p>Qu\u00e9 ingresos identificaron a los sectores medios y altos<\/p>\n<p>&nbsp;<\/p>\n<p>&nbsp;<\/p>\n<p>En el extremo superior, la clase alta represent\u00f3 el 5% de la estructura relevada. Para integrar ese segmento, el informe estableci\u00f3 un ingreso familiar a partir de los $9 millones mensuales.<\/p>\n<p>La clase media alta reuni\u00f3 al 17%. Para ese grupo, los ingresos consignados se ubicaron entre los $4,5 millones y los $6,5 millones por mes.<\/p>\n<p>Los ingresos en la base de la pir\u00e1mide social<\/p>\n<p><a href=\"https:\/\/victoriaaldia.com\/?attachment_id=41953\" rel=\"attachment wp-att-41953\"><img loading=\"lazy\" decoding=\"async\" class=\"aligncenter size-full wp-image-41953\" src=\"http:\/\/victoriaaldia.com\/wp-content\/uploads\/2026\/09\/Screenshot_20260902_183114_Chrome.jpg\" alt=\"\" width=\"720\" height=\"616\" srcset=\"https:\/\/victoriaaldia.com\/wp-content\/uploads\/2026\/09\/Screenshot_20260902_183114_Chrome.jpg 720w, https:\/\/victoriaaldia.com\/wp-content\/uploads\/2026\/09\/Screenshot_20260902_183114_Chrome-300x257.jpg 300w\" sizes=\"auto, (max-width: 720px) 100vw, 720px\" \/><\/a><\/p>\n<p>Dentro de la clase baja, el relevamiento diferenci\u00f3 a los hogares pobres de aquellos que quedaron fuera de la pobreza. Para el segmento bajo no pobre, consign\u00f3 un piso de ingresos de $1,5 millones mensuales por familia. Fuente: El Once<\/p>\n<p><a href=\"https:\/\/victoriaaldia.com\/?attachment_id=9273\" rel=\"attachment wp-att-9273\"><img loading=\"lazy\" decoding=\"async\" class=\"aligncenter size-full wp-image-9273\" src=\"http:\/\/victoriaaldia.com\/wp-content\/uploads\/2023\/11\/el-progreso.png\" alt=\"\" width=\"720\" height=\"90\" srcset=\"https:\/\/victoriaaldia.com\/wp-content\/uploads\/2023\/11\/el-progreso.png 720w, https:\/\/victoriaaldia.com\/wp-content\/uploads\/2023\/11\/el-progreso-300x38.png 300w\" sizes=\"auto, (max-width: 720px) 100vw, 720px\" \/><\/a><\/p>\n<p>&nbsp;<\/p>\n<p>&nbsp;<\/p>\n","protected":false},"excerpt":{"rendered":"<p>Por su parte, la clase media baja concentr\u00f3 al 26%, con un ingreso inicial de $2,5 millones mensuales por hogar.&hellip;<\/p>\n","protected":false},"author":3,"featured_media":41956,"comment_status":"closed","ping_status":"closed","sticky":false,"template":"","format":"standard","meta":{"nogoya_volanta":"","nogoya_breaking":false,"nogoya_exclusive":false,"footnotes":""},"categories":[19,4,3],"tags":[],"class_list":["post-41952","post","type-post","status-publish","format-standard","has-post-thumbnail","hentry","category-economia","category-nacionales","category-noticias"],"yoast_head":"<!-- This site is optimized with the Yoast SEO plugin v28.4 - https:\/\/yoast.com\/product\/yoast-seo-wordpress\/ -->\n<title>M\u00e1s del 50% de los hogares es de clase baja: c\u00f3mo qued\u00f3 la pir\u00e1mide de ingresos - Victoria Al D\u00eda<\/title>\n<meta name=\"robots\" content=\"index, follow, max-snippet:-1, max-image-preview:large, max-video-preview:-1\" \/>\n<link rel=\"canonical\" href=\"https:\/\/victoriaaldia.com\/?p=41952\" \/>\n<meta property=\"og:locale\" content=\"es_ES\" \/>\n<meta property=\"og:type\" content=\"article\" \/>\n<meta property=\"og:title\" content=\"M\u00e1s del 50% de los hogares es de clase baja: c\u00f3mo qued\u00f3 la pir\u00e1mide de ingresos - Victoria Al D\u00eda\" \/>\n<meta property=\"og:description\" content=\"Por su parte, la clase media baja concentr\u00f3 al 26%, con un ingreso inicial de $2,5 millones mensuales por hogar.&hellip;\" \/>\n<meta property=\"og:url\" content=\"https:\/\/victoriaaldia.com\/?p=41952\" \/>\n<meta property=\"og:site_name\" content=\"Victoria Al D\u00eda\" \/>\n<meta property=\"article:published_time\" content=\"2026-09-02T22:47:50+00:00\" \/>\n<meta property=\"og:image\" content=\"http:\/\/victoriaaldia.com\/wp-content\/uploads\/2026\/09\/Screenshot_20260902_183034_Chrome.jpg\" \/>\n\t<meta property=\"og:image:width\" content=\"720\" \/>\n\t<meta property=\"og:image:height\" content=\"474\" \/>\n\t<meta property=\"og:image:type\" content=\"image\/jpeg\" \/>\n<meta name=\"author\" content=\"Victoria Al D\u00eda\" \/>\n<meta name=\"twitter:card\" content=\"summary_large_image\" \/>\n<meta name=\"twitter:label1\" content=\"Escrito por\" \/>\n\t<meta name=\"twitter:data1\" content=\"\" \/>\n\t<meta name=\"twitter:label2\" content=\"Tiempo de lectura\" \/>\n\t<meta name=\"twitter:data2\" content=\"2 minutos\" \/>\n<script type=\"application\/ld+json\" class=\"yoast-schema-graph\">{\"@context\":\"https:\\\/\\\/schema.org\",\"@graph\":[{\"@type\":\"Article\",\"@id\":\"https:\\\/\\\/victoriaaldia.com\\\/?p=41952#article\",\"isPartOf\":{\"@id\":\"https:\\\/\\\/victoriaaldia.com\\\/?p=41952\"},\"author\":{\"name\":\"Victoria Al D\u00eda\",\"@id\":\"https:\\\/\\\/victoriaaldia.com\\\/#\\\/schema\\\/person\\\/2314e106bcb401e92ff95595d5c292ef\"},\"headline\":\"M\u00e1s del 50% de los hogares es de clase baja: c\u00f3mo qued\u00f3 la pir\u00e1mide de ingresos\",\"datePublished\":\"2026-09-02T22:47:50+00:00\",\"mainEntityOfPage\":{\"@id\":\"https:\\\/\\\/victoriaaldia.com\\\/?p=41952\"},\"wordCount\":200,\"publisher\":{\"@id\":\"https:\\\/\\\/victoriaaldia.com\\\/#organization\"},\"image\":{\"@id\":\"https:\\\/\\\/victoriaaldia.com\\\/?p=41952#primaryimage\"},\"thumbnailUrl\":\"https:\\\/\\\/victoriaaldia.com\\\/wp-content\\\/uploads\\\/2026\\\/09\\\/Screenshot_20260902_183034_Chrome.jpg\",\"articleSection\":[\"Econom\u00eda\",\"Nacionales\",\"Noticias\"],\"inLanguage\":\"es-AR\"},{\"@type\":\"WebPage\",\"@id\":\"https:\\\/\\\/victoriaaldia.com\\\/?p=41952\",\"url\":\"https:\\\/\\\/victoriaaldia.com\\\/?p=41952\",\"name\":\"M\u00e1s del 50% de los hogares es de clase baja: c\u00f3mo qued\u00f3 la pir\u00e1mide de ingresos - Victoria Al D\u00eda\",\"isPartOf\":{\"@id\":\"https:\\\/\\\/victoriaaldia.com\\\/#website\"},\"primaryImageOfPage\":{\"@id\":\"https:\\\/\\\/victoriaaldia.com\\\/?p=41952#primaryimage\"},\"image\":{\"@id\":\"https:\\\/\\\/victoriaaldia.com\\\/?p=41952#primaryimage\"},\"thumbnailUrl\":\"https:\\\/\\\/victoriaaldia.com\\\/wp-content\\\/uploads\\\/2026\\\/09\\\/Screenshot_20260902_183034_Chrome.jpg\",\"datePublished\":\"2026-09-02T22:47:50+00:00\",\"breadcrumb\":{\"@id\":\"https:\\\/\\\/victoriaaldia.com\\\/?p=41952#breadcrumb\"},\"inLanguage\":\"es-AR\",\"potentialAction\":[{\"@type\":\"ReadAction\",\"target\":[\"https:\\\/\\\/victoriaaldia.com\\\/?p=41952\"]}]},{\"@type\":\"ImageObject\",\"inLanguage\":\"es-AR\",\"@id\":\"https:\\\/\\\/victoriaaldia.com\\\/?p=41952#primaryimage\",\"url\":\"https:\\\/\\\/victoriaaldia.com\\\/wp-content\\\/uploads\\\/2026\\\/09\\\/Screenshot_20260902_183034_Chrome.jpg\",\"contentUrl\":\"https:\\\/\\\/victoriaaldia.com\\\/wp-content\\\/uploads\\\/2026\\\/09\\\/Screenshot_20260902_183034_Chrome.jpg\",\"width\":720,\"height\":474},{\"@type\":\"BreadcrumbList\",\"@id\":\"https:\\\/\\\/victoriaaldia.com\\\/?p=41952#breadcrumb\",\"itemListElement\":[{\"@type\":\"ListItem\",\"position\":1,\"name\":\"Inicio\",\"item\":\"https:\\\/\\\/victoriaaldia.com\\\/\"},{\"@type\":\"ListItem\",\"position\":2,\"name\":\"M\u00e1s del 50% de los hogares es de clase baja: c\u00f3mo qued\u00f3 la pir\u00e1mide de ingresos\"}]},{\"@type\":\"WebSite\",\"@id\":\"https:\\\/\\\/victoriaaldia.com\\\/#website\",\"url\":\"https:\\\/\\\/victoriaaldia.com\\\/\",\"name\":\"Victoria Al D\u00eda\",\"description\":\"Diario Digital\",\"publisher\":{\"@id\":\"https:\\\/\\\/victoriaaldia.com\\\/#organization\"},\"potentialAction\":[{\"@type\":\"SearchAction\",\"target\":{\"@type\":\"EntryPoint\",\"urlTemplate\":\"https:\\\/\\\/victoriaaldia.com\\\/?s={search_term_string}\"},\"query-input\":{\"@type\":\"PropertyValueSpecification\",\"valueRequired\":true,\"valueName\":\"search_term_string\"}}],\"inLanguage\":\"es-AR\"},{\"@type\":\"Organization\",\"@id\":\"https:\\\/\\\/victoriaaldia.com\\\/#organization\",\"name\":\"Victoria Al D\u00eda\",\"url\":\"https:\\\/\\\/victoriaaldia.com\\\/\",\"logo\":{\"@type\":\"ImageObject\",\"inLanguage\":\"es-AR\",\"@id\":\"https:\\\/\\\/victoriaaldia.com\\\/#\\\/schema\\\/logo\\\/image\\\/\",\"url\":\"https:\\\/\\\/victoriaaldia.com\\\/wp-content\\\/uploads\\\/2023\\\/11\\\/logo.png\",\"contentUrl\":\"https:\\\/\\\/victoriaaldia.com\\\/wp-content\\\/uploads\\\/2023\\\/11\\\/logo.png\",\"width\":394,\"height\":128,\"caption\":\"Victoria Al D\u00eda\"},\"image\":{\"@id\":\"https:\\\/\\\/victoriaaldia.com\\\/#\\\/schema\\\/logo\\\/image\\\/\"}},{\"@type\":\"Person\",\"@id\":\"https:\\\/\\\/victoriaaldia.com\\\/#\\\/schema\\\/person\\\/2314e106bcb401e92ff95595d5c292ef\",\"name\":\"Victoria Al D\u00eda\",\"url\":\"https:\\\/\\\/victoriaaldia.com\\\/?author=3\"}]}<\/script>\n<!-- \/ Yoast SEO plugin. -->","yoast_head_json":{"title":"M\u00e1s del 50% de los hogares es de clase baja: c\u00f3mo qued\u00f3 la pir\u00e1mide de ingresos - Victoria Al D\u00eda","robots":{"index":"index","follow":"follow","max-snippet":"max-snippet:-1","max-image-preview":"max-image-preview:large","max-video-preview":"max-video-preview:-1"},"canonical":"https:\/\/victoriaaldia.com\/?p=41952","og_locale":"es_ES","og_type":"article","og_title":"M\u00e1s del 50% de los hogares es de clase baja: c\u00f3mo qued\u00f3 la pir\u00e1mide de ingresos - Victoria Al D\u00eda","og_description":"Por su parte, la clase media baja concentr\u00f3 al 26%, con un ingreso inicial de $2,5 millones mensuales por hogar.&hellip;","og_url":"https:\/\/victoriaaldia.com\/?p=41952","og_site_name":"Victoria Al D\u00eda","article_published_time":"2026-09-02T22:47:50+00:00","og_image":[{"width":720,"height":474,"url":"http:\/\/victoriaaldia.com\/wp-content\/uploads\/2026\/09\/Screenshot_20260902_183034_Chrome.jpg","type":"image\/jpeg"}],"author":"Victoria Al D\u00eda","twitter_card":"summary_large_image","twitter_misc":{"Escrito por":"","Tiempo de lectura":"2 minutos"},"schema":{"@context":"https:\/\/schema.org","@graph":[{"@type":"Article","@id":"https:\/\/victoriaaldia.com\/?p=41952#article","isPartOf":{"@id":"https:\/\/victoriaaldia.com\/?p=41952"},"author":{"name":"Victoria Al D\u00eda","@id":"https:\/\/victoriaaldia.com\/#\/schema\/person\/2314e106bcb401e92ff95595d5c292ef"},"headline":"M\u00e1s del 50% de los hogares es de clase baja: c\u00f3mo qued\u00f3 la pir\u00e1mide de ingresos","datePublished":"2026-09-02T22:47:50+00:00","mainEntityOfPage":{"@id":"https:\/\/victoriaaldia.com\/?p=41952"},"wordCount":200,"publisher":{"@id":"https:\/\/victoriaaldia.com\/#organization"},"image":{"@id":"https:\/\/victoriaaldia.com\/?p=41952#primaryimage"},"thumbnailUrl":"https:\/\/victoriaaldia.com\/wp-content\/uploads\/2026\/09\/Screenshot_20260902_183034_Chrome.jpg","articleSection":["Econom\u00eda","Nacionales","Noticias"],"inLanguage":"es-AR"},{"@type":"WebPage","@id":"https:\/\/victoriaaldia.com\/?p=41952","url":"https:\/\/victoriaaldia.com\/?p=41952","name":"M\u00e1s del 50% de los hogares es de clase baja: c\u00f3mo qued\u00f3 la pir\u00e1mide de ingresos - Victoria Al D\u00eda","isPartOf":{"@id":"https:\/\/victoriaaldia.com\/#website"},"primaryImageOfPage":{"@id":"https:\/\/victoriaaldia.com\/?p=41952#primaryimage"},"image":{"@id":"https:\/\/victoriaaldia.com\/?p=41952#primaryimage"},"thumbnailUrl":"https:\/\/victoriaaldia.com\/wp-content\/uploads\/2026\/09\/Screenshot_20260902_183034_Chrome.jpg","datePublished":"2026-09-02T22:47:50+00:00","breadcrumb":{"@id":"https:\/\/victoriaaldia.com\/?p=41952#breadcrumb"},"inLanguage":"es-AR","potentialAction":[{"@type":"ReadAction","target":["https:\/\/victoriaaldia.com\/?p=41952"]}]},{"@type":"ImageObject","inLanguage":"es-AR","@id":"https:\/\/victoriaaldia.com\/?p=41952#primaryimage","url":"https:\/\/victoriaaldia.com\/wp-content\/uploads\/2026\/09\/Screenshot_20260902_183034_Chrome.jpg","contentUrl":"https:\/\/victoriaaldia.com\/wp-content\/uploads\/2026\/09\/Screenshot_20260902_183034_Chrome.jpg","width":720,"height":474},{"@type":"BreadcrumbList","@id":"https:\/\/victoriaaldia.com\/?p=41952#breadcrumb","itemListElement":[{"@type":"ListItem","position":1,"name":"Inicio","item":"https:\/\/victoriaaldia.com\/"},{"@type":"ListItem","position":2,"name":"M\u00e1s del 50% de los hogares es de clase baja: c\u00f3mo qued\u00f3 la pir\u00e1mide de ingresos"}]},{"@type":"WebSite","@id":"https:\/\/victoriaaldia.com\/#website","url":"https:\/\/victoriaaldia.com\/","name":"Victoria Al D\u00eda","description":"Diario Digital","publisher":{"@id":"https:\/\/victoriaaldia.com\/#organization"},"potentialAction":[{"@type":"SearchAction","target":{"@type":"EntryPoint","urlTemplate":"https:\/\/victoriaaldia.com\/?s={search_term_string}"},"query-input":{"@type":"PropertyValueSpecification","valueRequired":true,"valueName":"search_term_string"}}],"inLanguage":"es-AR"},{"@type":"Organization","@id":"https:\/\/victoriaaldia.com\/#organization","name":"Victoria Al D\u00eda","url":"https:\/\/victoriaaldia.com\/","logo":{"@type":"ImageObject","inLanguage":"es-AR","@id":"https:\/\/victoriaaldia.com\/#\/schema\/logo\/image\/","url":"https:\/\/victoriaaldia.com\/wp-content\/uploads\/2023\/11\/logo.png","contentUrl":"https:\/\/victoriaaldia.com\/wp-content\/uploads\/2023\/11\/logo.png","width":394,"height":128,"caption":"Victoria Al D\u00eda"},"image":{"@id":"https:\/\/victoriaaldia.com\/#\/schema\/logo\/image\/"}},{"@type":"Person","@id":"https:\/\/victoriaaldia.com\/#\/schema\/person\/2314e106bcb401e92ff95595d5c292ef","name":"Victoria Al D\u00eda","url":"https:\/\/victoriaaldia.com\/?author=3"}]}},"_links":{"self":[{"href":"https:\/\/victoriaaldia.com\/index.php?rest_route=\/wp\/v2\/posts\/41952","targetHints":{"allow":["GET"]}}],"collection":[{"href":"https:\/\/victoriaaldia.com\/index.php?rest_route=\/wp\/v2\/posts"}],"about":[{"href":"https:\/\/victoriaaldia.com\/index.php?rest_route=\/wp\/v2\/types\/post"}],"author":[{"embeddable":true,"href":"https:\/\/victoriaaldia.com\/index.php?rest_route=\/wp\/v2\/users\/3"}],"replies":[{"embeddable":true,"href":"https:\/\/victoriaaldia.com\/index.php?rest_route=%2Fwp%2Fv2%2Fcomments&post=41952"}],"version-history":[{"count":1,"href":"https:\/\/victoriaaldia.com\/index.php?rest_route=\/wp\/v2\/posts\/41952\/revisions"}],"predecessor-version":[{"id":41957,"href":"https:\/\/victoriaaldia.com\/index.php?rest_route=\/wp\/v2\/posts\/41952\/revisions\/41957"}],"wp:featuredmedia":[{"embeddable":true,"href":"https:\/\/victoriaaldia.com\/index.php?rest_route=\/wp\/v2\/media\/41956"}],"wp:attachment":[{"href":"https:\/\/victoriaaldia.com\/index.php?rest_route=%2Fwp%2Fv2%2Fmedia&parent=41952"}],"wp:term":[{"taxonomy":"category","embeddable":true,"href":"https:\/\/victoriaaldia.com\/index.php?rest_route=%2Fwp%2Fv2%2Fcategories&post=41952"},{"taxonomy":"post_tag","embeddable":true,"href":"https:\/\/victoriaaldia.com\/index.php?rest_route=%2Fwp%2Fv2%2Ftags&post=41952"}],"curies":[{"name":"wp","href":"https:\/\/api.w.org\/{rel}","templated":true}]}}