{"id":41962,"date":"2026-09-03T08:18:04","date_gmt":"2026-09-03T11:18:04","guid":{"rendered":"https:\/\/victoriaaldia.com\/?p=41962"},"modified":"2026-09-03T08:18:04","modified_gmt":"2026-09-03T11:18:04","slug":"el-nino-seguira-hasta-febrero-advierten-por-lluvias-sequias-y-calor-extremo","status":"publish","type":"post","link":"https:\/\/victoriaaldia.com\/?p=41962","title":{"rendered":"El Ni\u00f1o seguir\u00e1 hasta febrero: advierten por lluvias, sequ\u00edas y calor extremo"},"content":{"rendered":"<h2>Alerta clim\u00e1tica global<\/h2>\n<header class=\"cl-24 header-interior interior-top-1\">El organismo internacional estim\u00f3 una probabilidad cercana al 100% de que el fen\u00f3meno contin\u00fae durante los pr\u00f3ximos meses. Adem\u00e1s, anticip\u00f3 que alcanzar\u00e1 una intensidad \u201cmuy fuerte\u201d antes de fin de a\u00f1o y podr\u00eda alterar lluvias y temperaturas en distintas regiones.<\/header>\n<header><\/header>\n<header>La Organizaci\u00f3n Meteorol\u00f3gica Mundial (OMM) advirti\u00f3 este jueves que\u00a0<b>El Ni\u00f1o<\/b>\u00a0seguir\u00e1 intensific\u00e1ndose durante los pr\u00f3ximos meses y podr\u00eda alcanzar una categor\u00eda \u201cmuy fuerte\u201d antes de finalizar 2026. Adem\u00e1s, estim\u00f3 que existe una probabilidad cercana al 100% de que el fen\u00f3meno persista hasta febrero de 2027.<\/p>\n<p>&nbsp;<\/p>\n<p>El organismo explic\u00f3 que las aguas del Pac\u00edfico ecuatorial central y oriental presentan temperaturas excepcionalmente elevadas y que las se\u00f1ales oce\u00e1nicas y atmosf\u00e9ricas muestran un fuerte acuerdo sobre la continuidad del episodio.<\/p>\n<p>Desde mediados de agosto, el fen\u00f3meno qued\u00f3 plenamente establecido. Las proyecciones indican que continuar\u00e1 fortaleci\u00e9ndose durante la primavera y alcanzar\u00eda su mayor intensidad entre noviembre y diciembre.<\/p>\n<p>&nbsp;<\/p>\n<h2><b>Por qu\u00e9 la OMM habla de un El Ni\u00f1o \u201cmuy fuerte\u201d<\/b><\/h2>\n<p>&nbsp;<\/p>\n<p>Uno de los principales indicadores utilizados para seguir la evoluci\u00f3n de\u00a0<b>El Ni\u00f1o<\/b>, conocido como Ni\u00f1o 3.4, registr\u00f3 anomal\u00edas de entre 2,2 \u00b0C y 2,6 \u00b0C por encima del promedio entre fines de julio y mediados de agosto.<\/p>\n<p>&nbsp;<\/p>\n<p>El calentamiento es todav\u00eda m\u00e1s marcado debajo de la superficie del oc\u00e9ano. En algunas zonas del Pac\u00edfico tropical se detectaron durante julio y comienzos de agosto temperaturas subsuperficiales superiores en m\u00e1s de 8 \u00b0C a los valores habituales.<\/p>\n<p>&nbsp;<\/p>\n<figure class=\"embed\"><img loading=\"lazy\" decoding=\"async\" src=\"https:\/\/elonce-media.elonce.com\/fotos\/2026\/08\/21\/e_1787306236_37280.webp\" alt=\"\" width=\"600\" height=\"400\" \/><\/figure>\n<p>&nbsp;<\/p>\n<p>La secretaria general de la OMM, Celeste Saulo, advirti\u00f3 que un evento de esta magnitud puede provocar alteraciones importantes sobre comunidades y econom\u00edas. \u201cYa estamos viendo perturbaciones y devastaci\u00f3n causadas por sequ\u00edas e inundaciones y esperamos que estos impactos aumenten\u201d, se\u00f1al\u00f3.<\/p>\n<p>&nbsp;<\/p>\n<h2><b>Qu\u00e9 efectos puede provocar<\/b><\/h2>\n<p>&nbsp;<\/p>\n<p>Un episodio muy fuerte de\u00a0<b>El Ni\u00f1o<\/b>\u00a0aumenta la probabilidad de cambios importantes en los patrones de lluvia y temperatura. Entre sus posibles consecuencias aparecen inundaciones, sequ\u00edas prolongadas y episodios de calor extremo.<\/p>\n<p>&nbsp;<\/p>\n<p>Sin embargo, la OMM aclar\u00f3 que una mayor intensidad del fen\u00f3meno no significa que todos los pa\u00edses sufrir\u00e1n consecuencias igualmente graves. Los impactos dependen de la regi\u00f3n, la \u00e9poca del a\u00f1o y de otros factores clim\u00e1ticos, como las condiciones de los oc\u00e9anos \u00cdndico y Atl\u00e1ntico.<\/p>\n<p>&nbsp;<\/p>\n<figure class=\"embed\"><img loading=\"lazy\" decoding=\"async\" src=\"https:\/\/elonce-media.elonce.com\/fotos\/2026\/08\/15\/e_1786793680_19239.webp\" alt=\"\" width=\"600\" height=\"400\" \/><\/figure>\n<p>&nbsp;<\/p>\n<p>Para el per\u00edodo comprendido entre septiembre y noviembre, los modelos muestran una mayor probabilidad de temperaturas superiores a lo normal en casi todas las regiones continentales del planeta.<\/p>\n<p>&nbsp;<\/p>\n<h2><b>Los efectos podr\u00edan continuar durante 2027<\/b><\/h2>\n<p>&nbsp;<\/p>\n<p>Aunque\u00a0<b>El Ni\u00f1o<\/b>\u00a0suele alcanzar su punto m\u00e1ximo hacia finales del a\u00f1o, sus consecuencias clim\u00e1ticas pueden mantenerse durante los meses posteriores. Por ese motivo, la OMM anticip\u00f3 que sus efectos podr\u00edan continuar durante buena parte de 2027.<\/p>\n<p>El organismo pidi\u00f3 reforzar los sistemas de alerta temprana y la preparaci\u00f3n en sectores especialmente sensibles, como agricultura, salud, energ\u00eda y provisi\u00f3n de agua.<\/p>\n<p>&nbsp;<\/p>\n<p>La OMM remarc\u00f3 que el fen\u00f3meno es de origen natural y no est\u00e1 provocado por el cambio clim\u00e1tico. No obstante, ocurre sobre un planeta cada vez m\u00e1s c\u00e1lido, por lo que puede contribuir a elevar a\u00fan m\u00e1s las temperaturas y potenciar determinados episodios meteorol\u00f3gicos extremos. Fuente: El Once<\/p>\n<p><a href=\"https:\/\/victoriaaldia.com\/?attachment_id=9273\" rel=\"attachment wp-att-9273\"><img loading=\"lazy\" decoding=\"async\" class=\"aligncenter size-full wp-image-9273\" src=\"http:\/\/victoriaaldia.com\/wp-content\/uploads\/2023\/11\/el-progreso.png\" alt=\"\" width=\"720\" height=\"90\" srcset=\"https:\/\/victoriaaldia.com\/wp-content\/uploads\/2023\/11\/el-progreso.png 720w, https:\/\/victoriaaldia.com\/wp-content\/uploads\/2023\/11\/el-progreso-300x38.png 300w\" sizes=\"auto, (max-width: 720px) 100vw, 720px\" \/><\/a><\/p>\n<\/header>\n","protected":false},"excerpt":{"rendered":"<p>Alerta clim\u00e1tica global El organismo internacional estim\u00f3 una probabilidad cercana al 100% de que el fen\u00f3meno contin\u00fae durante los pr\u00f3ximos&hellip;<\/p>\n","protected":false},"author":3,"featured_media":41963,"comment_status":"closed","ping_status":"closed","sticky":false,"template":"","format":"standard","meta":{"nogoya_volanta":"","nogoya_breaking":false,"nogoya_exclusive":false,"footnotes":""},"categories":[20,3,17],"tags":[],"class_list":["post-41962","post","type-post","status-publish","format-standard","has-post-thumbnail","hentry","category-internacionales","category-noticias","category-sociedad"],"yoast_head":"<!-- This site is optimized with the Yoast SEO plugin v28.4 - https:\/\/yoast.com\/product\/yoast-seo-wordpress\/ -->\n<title>El Ni\u00f1o seguir\u00e1 hasta febrero: advierten por lluvias, sequ\u00edas y calor extremo - Victoria Al D\u00eda<\/title>\n<meta name=\"robots\" content=\"index, follow, max-snippet:-1, max-image-preview:large, max-video-preview:-1\" \/>\n<link rel=\"canonical\" href=\"https:\/\/victoriaaldia.com\/?p=41962\" \/>\n<meta property=\"og:locale\" content=\"es_ES\" \/>\n<meta property=\"og:type\" content=\"article\" \/>\n<meta property=\"og:title\" content=\"El Ni\u00f1o seguir\u00e1 hasta febrero: advierten por lluvias, sequ\u00edas y calor extremo - Victoria Al D\u00eda\" \/>\n<meta property=\"og:description\" content=\"Alerta clim\u00e1tica global El organismo internacional estim\u00f3 una probabilidad cercana al 100% de que el fen\u00f3meno contin\u00fae durante los pr\u00f3ximos&hellip;\" \/>\n<meta property=\"og:url\" content=\"https:\/\/victoriaaldia.com\/?p=41962\" \/>\n<meta property=\"og:site_name\" content=\"Victoria Al D\u00eda\" \/>\n<meta property=\"article:published_time\" content=\"2026-09-03T11:18:04+00:00\" \/>\n<meta property=\"og:image\" content=\"http:\/\/victoriaaldia.com\/wp-content\/uploads\/2026\/09\/Captura-de-pantalla-2026-09-03-081324.png\" \/>\n\t<meta property=\"og:image:width\" content=\"765\" \/>\n\t<meta property=\"og:image:height\" content=\"510\" \/>\n\t<meta property=\"og:image:type\" content=\"image\/png\" \/>\n<meta name=\"author\" content=\"Victoria Al D\u00eda\" \/>\n<meta name=\"twitter:card\" content=\"summary_large_image\" \/>\n<meta name=\"twitter:label1\" content=\"Escrito por\" \/>\n\t<meta name=\"twitter:data1\" content=\"\" \/>\n\t<meta name=\"twitter:label2\" content=\"Tiempo de lectura\" \/>\n\t<meta name=\"twitter:data2\" content=\"4 minutos\" \/>\n<script type=\"application\/ld+json\" class=\"yoast-schema-graph\">{\"@context\":\"https:\\\/\\\/schema.org\",\"@graph\":[{\"@type\":\"Article\",\"@id\":\"https:\\\/\\\/victoriaaldia.com\\\/?p=41962#article\",\"isPartOf\":{\"@id\":\"https:\\\/\\\/victoriaaldia.com\\\/?p=41962\"},\"author\":{\"name\":\"Victoria Al D\u00eda\",\"@id\":\"https:\\\/\\\/victoriaaldia.com\\\/#\\\/schema\\\/person\\\/2314e106bcb401e92ff95595d5c292ef\"},\"headline\":\"El Ni\u00f1o seguir\u00e1 hasta febrero: advierten por lluvias, sequ\u00edas y calor extremo\",\"datePublished\":\"2026-09-03T11:18:04+00:00\",\"mainEntityOfPage\":{\"@id\":\"https:\\\/\\\/victoriaaldia.com\\\/?p=41962\"},\"wordCount\":583,\"publisher\":{\"@id\":\"https:\\\/\\\/victoriaaldia.com\\\/#organization\"},\"image\":{\"@id\":\"https:\\\/\\\/victoriaaldia.com\\\/?p=41962#primaryimage\"},\"thumbnailUrl\":\"https:\\\/\\\/victoriaaldia.com\\\/wp-content\\\/uploads\\\/2026\\\/09\\\/Captura-de-pantalla-2026-09-03-081324.png\",\"articleSection\":[\"Internacionales\",\"Noticias\",\"Sociedad\"],\"inLanguage\":\"es-AR\"},{\"@type\":\"WebPage\",\"@id\":\"https:\\\/\\\/victoriaaldia.com\\\/?p=41962\",\"url\":\"https:\\\/\\\/victoriaaldia.com\\\/?p=41962\",\"name\":\"El Ni\u00f1o seguir\u00e1 hasta febrero: advierten por lluvias, sequ\u00edas y calor extremo - Victoria Al D\u00eda\",\"isPartOf\":{\"@id\":\"https:\\\/\\\/victoriaaldia.com\\\/#website\"},\"primaryImageOfPage\":{\"@id\":\"https:\\\/\\\/victoriaaldia.com\\\/?p=41962#primaryimage\"},\"image\":{\"@id\":\"https:\\\/\\\/victoriaaldia.com\\\/?p=41962#primaryimage\"},\"thumbnailUrl\":\"https:\\\/\\\/victoriaaldia.com\\\/wp-content\\\/uploads\\\/2026\\\/09\\\/Captura-de-pantalla-2026-09-03-081324.png\",\"datePublished\":\"2026-09-03T11:18:04+00:00\",\"breadcrumb\":{\"@id\":\"https:\\\/\\\/victoriaaldia.com\\\/?p=41962#breadcrumb\"},\"inLanguage\":\"es-AR\",\"potentialAction\":[{\"@type\":\"ReadAction\",\"target\":[\"https:\\\/\\\/victoriaaldia.com\\\/?p=41962\"]}]},{\"@type\":\"ImageObject\",\"inLanguage\":\"es-AR\",\"@id\":\"https:\\\/\\\/victoriaaldia.com\\\/?p=41962#primaryimage\",\"url\":\"https:\\\/\\\/victoriaaldia.com\\\/wp-content\\\/uploads\\\/2026\\\/09\\\/Captura-de-pantalla-2026-09-03-081324.png\",\"contentUrl\":\"https:\\\/\\\/victoriaaldia.com\\\/wp-content\\\/uploads\\\/2026\\\/09\\\/Captura-de-pantalla-2026-09-03-081324.png\",\"width\":765,\"height\":510},{\"@type\":\"BreadcrumbList\",\"@id\":\"https:\\\/\\\/victoriaaldia.com\\\/?p=41962#breadcrumb\",\"itemListElement\":[{\"@type\":\"ListItem\",\"position\":1,\"name\":\"Inicio\",\"item\":\"https:\\\/\\\/victoriaaldia.com\\\/\"},{\"@type\":\"ListItem\",\"position\":2,\"name\":\"El Ni\u00f1o seguir\u00e1 hasta febrero: advierten por lluvias, sequ\u00edas y calor extremo\"}]},{\"@type\":\"WebSite\",\"@id\":\"https:\\\/\\\/victoriaaldia.com\\\/#website\",\"url\":\"https:\\\/\\\/victoriaaldia.com\\\/\",\"name\":\"Victoria Al D\u00eda\",\"description\":\"Diario Digital\",\"publisher\":{\"@id\":\"https:\\\/\\\/victoriaaldia.com\\\/#organization\"},\"potentialAction\":[{\"@type\":\"SearchAction\",\"target\":{\"@type\":\"EntryPoint\",\"urlTemplate\":\"https:\\\/\\\/victoriaaldia.com\\\/?s={search_term_string}\"},\"query-input\":{\"@type\":\"PropertyValueSpecification\",\"valueRequired\":true,\"valueName\":\"search_term_string\"}}],\"inLanguage\":\"es-AR\"},{\"@type\":\"Organization\",\"@id\":\"https:\\\/\\\/victoriaaldia.com\\\/#organization\",\"name\":\"Victoria Al D\u00eda\",\"url\":\"https:\\\/\\\/victoriaaldia.com\\\/\",\"logo\":{\"@type\":\"ImageObject\",\"inLanguage\":\"es-AR\",\"@id\":\"https:\\\/\\\/victoriaaldia.com\\\/#\\\/schema\\\/logo\\\/image\\\/\",\"url\":\"https:\\\/\\\/victoriaaldia.com\\\/wp-content\\\/uploads\\\/2023\\\/11\\\/logo.png\",\"contentUrl\":\"https:\\\/\\\/victoriaaldia.com\\\/wp-content\\\/uploads\\\/2023\\\/11\\\/logo.png\",\"width\":394,\"height\":128,\"caption\":\"Victoria Al D\u00eda\"},\"image\":{\"@id\":\"https:\\\/\\\/victoriaaldia.com\\\/#\\\/schema\\\/logo\\\/image\\\/\"}},{\"@type\":\"Person\",\"@id\":\"https:\\\/\\\/victoriaaldia.com\\\/#\\\/schema\\\/person\\\/2314e106bcb401e92ff95595d5c292ef\",\"name\":\"Victoria Al D\u00eda\",\"url\":\"https:\\\/\\\/victoriaaldia.com\\\/?author=3\"}]}<\/script>\n<!-- \/ Yoast SEO plugin. -->","yoast_head_json":{"title":"El Ni\u00f1o seguir\u00e1 hasta febrero: advierten por lluvias, sequ\u00edas y calor extremo - Victoria Al D\u00eda","robots":{"index":"index","follow":"follow","max-snippet":"max-snippet:-1","max-image-preview":"max-image-preview:large","max-video-preview":"max-video-preview:-1"},"canonical":"https:\/\/victoriaaldia.com\/?p=41962","og_locale":"es_ES","og_type":"article","og_title":"El Ni\u00f1o seguir\u00e1 hasta febrero: advierten por lluvias, sequ\u00edas y calor extremo - Victoria Al D\u00eda","og_description":"Alerta clim\u00e1tica global El organismo internacional estim\u00f3 una probabilidad cercana al 100% de que el fen\u00f3meno contin\u00fae durante los pr\u00f3ximos&hellip;","og_url":"https:\/\/victoriaaldia.com\/?p=41962","og_site_name":"Victoria Al D\u00eda","article_published_time":"2026-09-03T11:18:04+00:00","og_image":[{"width":765,"height":510,"url":"http:\/\/victoriaaldia.com\/wp-content\/uploads\/2026\/09\/Captura-de-pantalla-2026-09-03-081324.png","type":"image\/png"}],"author":"Victoria Al D\u00eda","twitter_card":"summary_large_image","twitter_misc":{"Escrito por":"","Tiempo de lectura":"4 minutos"},"schema":{"@context":"https:\/\/schema.org","@graph":[{"@type":"Article","@id":"https:\/\/victoriaaldia.com\/?p=41962#article","isPartOf":{"@id":"https:\/\/victoriaaldia.com\/?p=41962"},"author":{"name":"Victoria Al D\u00eda","@id":"https:\/\/victoriaaldia.com\/#\/schema\/person\/2314e106bcb401e92ff95595d5c292ef"},"headline":"El Ni\u00f1o seguir\u00e1 hasta febrero: advierten por lluvias, sequ\u00edas y calor extremo","datePublished":"2026-09-03T11:18:04+00:00","mainEntityOfPage":{"@id":"https:\/\/victoriaaldia.com\/?p=41962"},"wordCount":583,"publisher":{"@id":"https:\/\/victoriaaldia.com\/#organization"},"image":{"@id":"https:\/\/victoriaaldia.com\/?p=41962#primaryimage"},"thumbnailUrl":"https:\/\/victoriaaldia.com\/wp-content\/uploads\/2026\/09\/Captura-de-pantalla-2026-09-03-081324.png","articleSection":["Internacionales","Noticias","Sociedad"],"inLanguage":"es-AR"},{"@type":"WebPage","@id":"https:\/\/victoriaaldia.com\/?p=41962","url":"https:\/\/victoriaaldia.com\/?p=41962","name":"El Ni\u00f1o seguir\u00e1 hasta febrero: advierten por lluvias, sequ\u00edas y calor extremo - Victoria Al D\u00eda","isPartOf":{"@id":"https:\/\/victoriaaldia.com\/#website"},"primaryImageOfPage":{"@id":"https:\/\/victoriaaldia.com\/?p=41962#primaryimage"},"image":{"@id":"https:\/\/victoriaaldia.com\/?p=41962#primaryimage"},"thumbnailUrl":"https:\/\/victoriaaldia.com\/wp-content\/uploads\/2026\/09\/Captura-de-pantalla-2026-09-03-081324.png","datePublished":"2026-09-03T11:18:04+00:00","breadcrumb":{"@id":"https:\/\/victoriaaldia.com\/?p=41962#breadcrumb"},"inLanguage":"es-AR","potentialAction":[{"@type":"ReadAction","target":["https:\/\/victoriaaldia.com\/?p=41962"]}]},{"@type":"ImageObject","inLanguage":"es-AR","@id":"https:\/\/victoriaaldia.com\/?p=41962#primaryimage","url":"https:\/\/victoriaaldia.com\/wp-content\/uploads\/2026\/09\/Captura-de-pantalla-2026-09-03-081324.png","contentUrl":"https:\/\/victoriaaldia.com\/wp-content\/uploads\/2026\/09\/Captura-de-pantalla-2026-09-03-081324.png","width":765,"height":510},{"@type":"BreadcrumbList","@id":"https:\/\/victoriaaldia.com\/?p=41962#breadcrumb","itemListElement":[{"@type":"ListItem","position":1,"name":"Inicio","item":"https:\/\/victoriaaldia.com\/"},{"@type":"ListItem","position":2,"name":"El Ni\u00f1o seguir\u00e1 hasta febrero: advierten por lluvias, sequ\u00edas y calor extremo"}]},{"@type":"WebSite","@id":"https:\/\/victoriaaldia.com\/#website","url":"https:\/\/victoriaaldia.com\/","name":"Victoria Al D\u00eda","description":"Diario Digital","publisher":{"@id":"https:\/\/victoriaaldia.com\/#organization"},"potentialAction":[{"@type":"SearchAction","target":{"@type":"EntryPoint","urlTemplate":"https:\/\/victoriaaldia.com\/?s={search_term_string}"},"query-input":{"@type":"PropertyValueSpecification","valueRequired":true,"valueName":"search_term_string"}}],"inLanguage":"es-AR"},{"@type":"Organization","@id":"https:\/\/victoriaaldia.com\/#organization","name":"Victoria Al D\u00eda","url":"https:\/\/victoriaaldia.com\/","logo":{"@type":"ImageObject","inLanguage":"es-AR","@id":"https:\/\/victoriaaldia.com\/#\/schema\/logo\/image\/","url":"https:\/\/victoriaaldia.com\/wp-content\/uploads\/2023\/11\/logo.png","contentUrl":"https:\/\/victoriaaldia.com\/wp-content\/uploads\/2023\/11\/logo.png","width":394,"height":128,"caption":"Victoria Al D\u00eda"},"image":{"@id":"https:\/\/victoriaaldia.com\/#\/schema\/logo\/image\/"}},{"@type":"Person","@id":"https:\/\/victoriaaldia.com\/#\/schema\/person\/2314e106bcb401e92ff95595d5c292ef","name":"Victoria Al D\u00eda","url":"https:\/\/victoriaaldia.com\/?author=3"}]}},"_links":{"self":[{"href":"https:\/\/victoriaaldia.com\/index.php?rest_route=\/wp\/v2\/posts\/41962","targetHints":{"allow":["GET"]}}],"collection":[{"href":"https:\/\/victoriaaldia.com\/index.php?rest_route=\/wp\/v2\/posts"}],"about":[{"href":"https:\/\/victoriaaldia.com\/index.php?rest_route=\/wp\/v2\/types\/post"}],"author":[{"embeddable":true,"href":"https:\/\/victoriaaldia.com\/index.php?rest_route=\/wp\/v2\/users\/3"}],"replies":[{"embeddable":true,"href":"https:\/\/victoriaaldia.com\/index.php?rest_route=%2Fwp%2Fv2%2Fcomments&post=41962"}],"version-history":[{"count":1,"href":"https:\/\/victoriaaldia.com\/index.php?rest_route=\/wp\/v2\/posts\/41962\/revisions"}],"predecessor-version":[{"id":41964,"href":"https:\/\/victoriaaldia.com\/index.php?rest_route=\/wp\/v2\/posts\/41962\/revisions\/41964"}],"wp:featuredmedia":[{"embeddable":true,"href":"https:\/\/victoriaaldia.com\/index.php?rest_route=\/wp\/v2\/media\/41963"}],"wp:attachment":[{"href":"https:\/\/victoriaaldia.com\/index.php?rest_route=%2Fwp%2Fv2%2Fmedia&parent=41962"}],"wp:term":[{"taxonomy":"category","embeddable":true,"href":"https:\/\/victoriaaldia.com\/index.php?rest_route=%2Fwp%2Fv2%2Fcategories&post=41962"},{"taxonomy":"post_tag","embeddable":true,"href":"https:\/\/victoriaaldia.com\/index.php?rest_route=%2Fwp%2Fv2%2Ftags&post=41962"}],"curies":[{"name":"wp","href":"https:\/\/api.w.org\/{rel}","templated":true}]}}