{"id":41965,"date":"2026-09-03T08:26:03","date_gmt":"2026-09-03T11:26:03","guid":{"rendered":"https:\/\/victoriaaldia.com\/?p=41965"},"modified":"2026-09-03T08:26:03","modified_gmt":"2026-09-03T11:26:03","slug":"aprobaron-nuevos-circuitos-electorales-en-entre-rios-que-departamentos-abarca","status":"publish","type":"post","link":"https:\/\/victoriaaldia.com\/?p=41965","title":{"rendered":"Aprobaron nuevos circuitos electorales en Entre R\u00edos: qu\u00e9 departamentos abarca"},"content":{"rendered":"<h2>La medida alcanza numerosos departamentos entrerrianos<\/h2>\n<header class=\"cl-24 header-interior interior-top-1\">La C\u00e1mara Nacional Electoral aprob\u00f3 la creaci\u00f3n de nuevos circuitos en distintos departamentos de Entre R\u00edos. La medida alcanza, entre otros, a Paran\u00e1, Concordia, Gualeguaych\u00fa, Federaci\u00f3n y San Salvador.<\/header>\n<header><\/header>\n<header>La\u00a0<b>C\u00e1mara Nacional Electoral aprob\u00f3 nuevos circuitos electorales y modificaciones en Entre R\u00edos<\/b>, a partir de una resoluci\u00f3n que alcanza a numerosos departamentos de la provincia. La medida contempla la creaci\u00f3n de nuevos circuitos, cambios de l\u00edmites en otros ya existentes y modificaciones de denominaci\u00f3n.<\/p>\n<p>&nbsp;<\/p>\n<p>La decisi\u00f3n se dio en el marco de un expediente iniciado por el Juzgado Federal con competencia electoral de Entre R\u00edos. El proyecto se origin\u00f3 a partir de cambios territoriales derivados de la Ley provincial 11.058, sancionada en 2023, que reconoci\u00f3 como territorio de nuevas comunas a jurisdicciones que hasta entonces funcionaban como Centros Rurales de Poblaci\u00f3n.<\/p>\n<p>&nbsp;<\/p>\n<p>Seg\u00fan explic\u00f3 la C\u00e1mara, la propuesta fue analizada por la Unidad de Geograf\u00eda Electoral y cumple con los lineamientos t\u00e9cnicos necesarios para su incorporaci\u00f3n al Sistema de Informaci\u00f3n Geogr\u00e1fica. Adem\u00e1s, en el expediente consta informaci\u00f3n sobre locales de votaci\u00f3n y documentaci\u00f3n cartogr\u00e1fica.<\/p>\n<p>&nbsp;<\/p>\n<h2>Qu\u00e9 cambia en Paran\u00e1 y otros departamentos<\/h2>\n<p>En la\u00a0<b>secci\u00f3n electoral Paran\u00e1<\/b>\u00a0se aprob\u00f3 la\u00a0<b>creaci\u00f3n del circuito 050A<\/b>\u00a0y la modificaci\u00f3n de los l\u00edmites de los circuitos 031, 042, 049 y 050. En el caso del circuito 049, adem\u00e1s, se dispuso un cambio de denominaci\u00f3n.<\/p>\n<p>&nbsp;<\/p>\n<p>Para\u00a0<b>La Paz<\/b>\u00a0se resolvi\u00f3 modificar los l\u00edmites de los circuitos 066 y 070, mientras que en Diamante se cambiaron los l\u00edmites de los circuitos 086 y 094. En Victoria, la medida alcanz\u00f3 al circuito 107, y en Nogoy\u00e1, a los circuitos 113 y 119.<\/p>\n<p>&nbsp;<\/p>\n<p>En la secci\u00f3n electoral\u00a0<b>Tala<\/b>\u00a0se cre\u00f3 el\u00a0<b>circuito 150A<\/b>, mientras que en Gualeguaych\u00fa se aprob\u00f3 la creaci\u00f3n del\u00a0<b>203A<\/b>\u00a0y la modificaci\u00f3n de los l\u00edmites del circuito 205. En Islas del Ibicuy, en tanto, se modific\u00f3 el circuito 212.<\/p>\n<p>&nbsp;<\/p>\n<h2>Nuevos circuitos en Villaguay, Concordia y San Salvador<\/h2>\n<p>Tambi\u00e9n se dispuso la creaci\u00f3n del\u00a0<b>circuito 222A en Villaguay<\/b>, junto con la modificaci\u00f3n de l\u00edmites y cambio de denominaci\u00f3n del circuito 222.<\/p>\n<p>&nbsp;<\/p>\n<p>En\u00a0<b>Concordia<\/b>\u00a0se cre\u00f3 el\u00a0<b>circuito 237A<\/b>\u00a0y se modificaron los l\u00edmites de los circuitos 247 y 248. En Federal, por su parte, se modific\u00f3 el circuito 264 y tambi\u00e9n su denominaci\u00f3n.<\/p>\n<p>&nbsp;<\/p>\n<p>En\u00a0<b>Col\u00f3n<\/b>\u00a0se modific\u00f3 el circuito 275, con cambio de nombre incluido, y tambi\u00e9n se aprob\u00f3 un cambio de denominaci\u00f3n del circuito 290, aunque sin alterar sus l\u00edmites.<\/p>\n<p>&nbsp;<\/p>\n<h2>Federaci\u00f3n tambi\u00e9n tuvo modificaciones<\/h2>\n<p>En la secci\u00f3n electoral Federaci\u00f3n se aprobaron cambios en los circuitos\u00a0<b>299, 300 y 301<\/b>, incluyendo modificaciones de l\u00edmites y denominaciones, supo Elonce. San Salvador fue otro de los departamentos alcanzados. All\u00ed se cre\u00f3 el\u00a0<b>circuito 314A<\/b>, mientras que el circuito 314 tendr\u00e1 nuevos l\u00edmites y una nueva denominaci\u00f3n.<\/p>\n<p>&nbsp;<\/p>\n<p>En total, la decisi\u00f3n involucra secciones electorales correspondientes a Paran\u00e1, La Paz, Diamante, Victoria, Nogoy\u00e1, Tala, Gualeguaych\u00fa, Islas del Ibicuy, Villaguay, Concordia, Federal, Col\u00f3n, Federaci\u00f3n y San Salvador.<\/p>\n<h2><\/h2>\n<h2>Los cambios se aplicar\u00e1n en una primera etapa<\/h2>\n<p>La C\u00e1mara Nacional Electoral aclar\u00f3 que la medida no comprende todav\u00eda la totalidad de la propuesta elevada originalmente por las autoridades electorales entrerrianas. Seg\u00fan indic\u00f3, los cambios de l\u00edmites de otros circuitos preexistentes que no est\u00e9n directamente relacionados con modificaciones municipales ser\u00e1n analizados en una etapa posterior.<\/p>\n<p>&nbsp;<\/p>\n<p>El Tribunal consider\u00f3, adem\u00e1s, que los cambios en los circuitos electorales implican una importante cantidad de tareas registrales y administrativas. Por ese motivo, dispuso que esas acciones comiencen desde la comunicaci\u00f3n de la resoluci\u00f3n, aunque quedaron sujetas a la resoluci\u00f3n definitiva sobre la cuesti\u00f3n.<\/p>\n<p>&nbsp;<\/p>\n<p>Antes de la aprobaci\u00f3n de las modificaciones, tomaron conocimiento de la propuesta las agrupaciones pol\u00edticas con reconocimiento en Entre R\u00edos, los presidentes comunales correspondientes y las autoridades provinciales. Fuente: El Once<\/p>\n<p><a href=\"https:\/\/victoriaaldia.com\/?attachment_id=9276\" rel=\"attachment wp-att-9276\"><img loading=\"lazy\" decoding=\"async\" class=\"aligncenter size-full wp-image-9276\" src=\"http:\/\/victoriaaldia.com\/wp-content\/uploads\/2023\/11\/coopar.png\" alt=\"\" width=\"720\" height=\"90\" srcset=\"https:\/\/victoriaaldia.com\/wp-content\/uploads\/2023\/11\/coopar.png 720w, https:\/\/victoriaaldia.com\/wp-content\/uploads\/2023\/11\/coopar-300x38.png 300w\" sizes=\"auto, (max-width: 720px) 100vw, 720px\" \/><\/a><\/p>\n<\/header>\n","protected":false},"excerpt":{"rendered":"<p>La medida alcanza numerosos departamentos entrerrianos La C\u00e1mara Nacional Electoral aprob\u00f3 la creaci\u00f3n de nuevos circuitos en distintos departamentos de&hellip;<\/p>\n","protected":false},"author":3,"featured_media":41966,"comment_status":"closed","ping_status":"closed","sticky":false,"template":"","format":"standard","meta":{"nogoya_volanta":"","nogoya_breaking":false,"nogoya_exclusive":false,"footnotes":""},"categories":[3,5,21],"tags":[],"class_list":["post-41965","post","type-post","status-publish","format-standard","has-post-thumbnail","hentry","category-noticias","category-politica","category-provinciales"],"yoast_head":"<!-- This site is optimized with the Yoast SEO plugin v28.4 - https:\/\/yoast.com\/product\/yoast-seo-wordpress\/ -->\n<title>Aprobaron nuevos circuitos electorales en Entre R\u00edos: qu\u00e9 departamentos abarca - Victoria Al D\u00eda<\/title>\n<meta name=\"robots\" content=\"index, follow, max-snippet:-1, max-image-preview:large, max-video-preview:-1\" \/>\n<link rel=\"canonical\" href=\"https:\/\/victoriaaldia.com\/?p=41965\" \/>\n<meta property=\"og:locale\" content=\"es_ES\" \/>\n<meta property=\"og:type\" content=\"article\" \/>\n<meta property=\"og:title\" content=\"Aprobaron nuevos circuitos electorales en Entre R\u00edos: qu\u00e9 departamentos abarca - Victoria Al D\u00eda\" \/>\n<meta property=\"og:description\" content=\"La medida alcanza numerosos departamentos entrerrianos La C\u00e1mara Nacional Electoral aprob\u00f3 la creaci\u00f3n de nuevos circuitos en distintos departamentos de&hellip;\" \/>\n<meta property=\"og:url\" content=\"https:\/\/victoriaaldia.com\/?p=41965\" \/>\n<meta property=\"og:site_name\" content=\"Victoria Al D\u00eda\" \/>\n<meta property=\"article:published_time\" content=\"2026-09-03T11:26:03+00:00\" \/>\n<meta property=\"og:image\" content=\"http:\/\/victoriaaldia.com\/wp-content\/uploads\/2026\/09\/Captura-de-pantalla-2026-09-03-082314.jpeg\" \/>\n\t<meta property=\"og:image:width\" content=\"752\" \/>\n\t<meta property=\"og:image:height\" content=\"509\" \/>\n\t<meta property=\"og:image:type\" content=\"image\/jpeg\" \/>\n<meta name=\"author\" content=\"Victoria Al D\u00eda\" \/>\n<meta name=\"twitter:card\" content=\"summary_large_image\" \/>\n<meta name=\"twitter:label1\" content=\"Escrito por\" \/>\n\t<meta name=\"twitter:data1\" content=\"\" \/>\n\t<meta name=\"twitter:label2\" content=\"Tiempo de lectura\" \/>\n\t<meta name=\"twitter:data2\" content=\"4 minutos\" \/>\n<script type=\"application\/ld+json\" class=\"yoast-schema-graph\">{\"@context\":\"https:\\\/\\\/schema.org\",\"@graph\":[{\"@type\":\"Article\",\"@id\":\"https:\\\/\\\/victoriaaldia.com\\\/?p=41965#article\",\"isPartOf\":{\"@id\":\"https:\\\/\\\/victoriaaldia.com\\\/?p=41965\"},\"author\":{\"name\":\"Victoria Al D\u00eda\",\"@id\":\"https:\\\/\\\/victoriaaldia.com\\\/#\\\/schema\\\/person\\\/2314e106bcb401e92ff95595d5c292ef\"},\"headline\":\"Aprobaron nuevos circuitos electorales en Entre R\u00edos: qu\u00e9 departamentos abarca\",\"datePublished\":\"2026-09-03T11:26:03+00:00\",\"mainEntityOfPage\":{\"@id\":\"https:\\\/\\\/victoriaaldia.com\\\/?p=41965\"},\"wordCount\":683,\"publisher\":{\"@id\":\"https:\\\/\\\/victoriaaldia.com\\\/#organization\"},\"image\":{\"@id\":\"https:\\\/\\\/victoriaaldia.com\\\/?p=41965#primaryimage\"},\"thumbnailUrl\":\"https:\\\/\\\/victoriaaldia.com\\\/wp-content\\\/uploads\\\/2026\\\/09\\\/Captura-de-pantalla-2026-09-03-082314.jpeg\",\"articleSection\":[\"Noticias\",\"Pol\u00edtica\",\"Provinciales\"],\"inLanguage\":\"es-AR\"},{\"@type\":\"WebPage\",\"@id\":\"https:\\\/\\\/victoriaaldia.com\\\/?p=41965\",\"url\":\"https:\\\/\\\/victoriaaldia.com\\\/?p=41965\",\"name\":\"Aprobaron nuevos circuitos electorales en Entre R\u00edos: qu\u00e9 departamentos abarca - Victoria Al D\u00eda\",\"isPartOf\":{\"@id\":\"https:\\\/\\\/victoriaaldia.com\\\/#website\"},\"primaryImageOfPage\":{\"@id\":\"https:\\\/\\\/victoriaaldia.com\\\/?p=41965#primaryimage\"},\"image\":{\"@id\":\"https:\\\/\\\/victoriaaldia.com\\\/?p=41965#primaryimage\"},\"thumbnailUrl\":\"https:\\\/\\\/victoriaaldia.com\\\/wp-content\\\/uploads\\\/2026\\\/09\\\/Captura-de-pantalla-2026-09-03-082314.jpeg\",\"datePublished\":\"2026-09-03T11:26:03+00:00\",\"breadcrumb\":{\"@id\":\"https:\\\/\\\/victoriaaldia.com\\\/?p=41965#breadcrumb\"},\"inLanguage\":\"es-AR\",\"potentialAction\":[{\"@type\":\"ReadAction\",\"target\":[\"https:\\\/\\\/victoriaaldia.com\\\/?p=41965\"]}]},{\"@type\":\"ImageObject\",\"inLanguage\":\"es-AR\",\"@id\":\"https:\\\/\\\/victoriaaldia.com\\\/?p=41965#primaryimage\",\"url\":\"https:\\\/\\\/victoriaaldia.com\\\/wp-content\\\/uploads\\\/2026\\\/09\\\/Captura-de-pantalla-2026-09-03-082314.jpeg\",\"contentUrl\":\"https:\\\/\\\/victoriaaldia.com\\\/wp-content\\\/uploads\\\/2026\\\/09\\\/Captura-de-pantalla-2026-09-03-082314.jpeg\",\"width\":752,\"height\":509},{\"@type\":\"BreadcrumbList\",\"@id\":\"https:\\\/\\\/victoriaaldia.com\\\/?p=41965#breadcrumb\",\"itemListElement\":[{\"@type\":\"ListItem\",\"position\":1,\"name\":\"Inicio\",\"item\":\"https:\\\/\\\/victoriaaldia.com\\\/\"},{\"@type\":\"ListItem\",\"position\":2,\"name\":\"Aprobaron nuevos circuitos electorales en Entre R\u00edos: qu\u00e9 departamentos abarca\"}]},{\"@type\":\"WebSite\",\"@id\":\"https:\\\/\\\/victoriaaldia.com\\\/#website\",\"url\":\"https:\\\/\\\/victoriaaldia.com\\\/\",\"name\":\"Victoria Al D\u00eda\",\"description\":\"Diario Digital\",\"publisher\":{\"@id\":\"https:\\\/\\\/victoriaaldia.com\\\/#organization\"},\"potentialAction\":[{\"@type\":\"SearchAction\",\"target\":{\"@type\":\"EntryPoint\",\"urlTemplate\":\"https:\\\/\\\/victoriaaldia.com\\\/?s={search_term_string}\"},\"query-input\":{\"@type\":\"PropertyValueSpecification\",\"valueRequired\":true,\"valueName\":\"search_term_string\"}}],\"inLanguage\":\"es-AR\"},{\"@type\":\"Organization\",\"@id\":\"https:\\\/\\\/victoriaaldia.com\\\/#organization\",\"name\":\"Victoria Al D\u00eda\",\"url\":\"https:\\\/\\\/victoriaaldia.com\\\/\",\"logo\":{\"@type\":\"ImageObject\",\"inLanguage\":\"es-AR\",\"@id\":\"https:\\\/\\\/victoriaaldia.com\\\/#\\\/schema\\\/logo\\\/image\\\/\",\"url\":\"https:\\\/\\\/victoriaaldia.com\\\/wp-content\\\/uploads\\\/2023\\\/11\\\/logo.png\",\"contentUrl\":\"https:\\\/\\\/victoriaaldia.com\\\/wp-content\\\/uploads\\\/2023\\\/11\\\/logo.png\",\"width\":394,\"height\":128,\"caption\":\"Victoria Al D\u00eda\"},\"image\":{\"@id\":\"https:\\\/\\\/victoriaaldia.com\\\/#\\\/schema\\\/logo\\\/image\\\/\"}},{\"@type\":\"Person\",\"@id\":\"https:\\\/\\\/victoriaaldia.com\\\/#\\\/schema\\\/person\\\/2314e106bcb401e92ff95595d5c292ef\",\"name\":\"Victoria Al D\u00eda\",\"url\":\"https:\\\/\\\/victoriaaldia.com\\\/?author=3\"}]}<\/script>\n<!-- \/ Yoast SEO plugin. -->","yoast_head_json":{"title":"Aprobaron nuevos circuitos electorales en Entre R\u00edos: qu\u00e9 departamentos abarca - Victoria Al D\u00eda","robots":{"index":"index","follow":"follow","max-snippet":"max-snippet:-1","max-image-preview":"max-image-preview:large","max-video-preview":"max-video-preview:-1"},"canonical":"https:\/\/victoriaaldia.com\/?p=41965","og_locale":"es_ES","og_type":"article","og_title":"Aprobaron nuevos circuitos electorales en Entre R\u00edos: qu\u00e9 departamentos abarca - Victoria Al D\u00eda","og_description":"La medida alcanza numerosos departamentos entrerrianos La C\u00e1mara Nacional Electoral aprob\u00f3 la creaci\u00f3n de nuevos circuitos en distintos departamentos de&hellip;","og_url":"https:\/\/victoriaaldia.com\/?p=41965","og_site_name":"Victoria Al D\u00eda","article_published_time":"2026-09-03T11:26:03+00:00","og_image":[{"width":752,"height":509,"url":"http:\/\/victoriaaldia.com\/wp-content\/uploads\/2026\/09\/Captura-de-pantalla-2026-09-03-082314.jpeg","type":"image\/jpeg"}],"author":"Victoria Al D\u00eda","twitter_card":"summary_large_image","twitter_misc":{"Escrito por":"","Tiempo de lectura":"4 minutos"},"schema":{"@context":"https:\/\/schema.org","@graph":[{"@type":"Article","@id":"https:\/\/victoriaaldia.com\/?p=41965#article","isPartOf":{"@id":"https:\/\/victoriaaldia.com\/?p=41965"},"author":{"name":"Victoria Al D\u00eda","@id":"https:\/\/victoriaaldia.com\/#\/schema\/person\/2314e106bcb401e92ff95595d5c292ef"},"headline":"Aprobaron nuevos circuitos electorales en Entre R\u00edos: qu\u00e9 departamentos abarca","datePublished":"2026-09-03T11:26:03+00:00","mainEntityOfPage":{"@id":"https:\/\/victoriaaldia.com\/?p=41965"},"wordCount":683,"publisher":{"@id":"https:\/\/victoriaaldia.com\/#organization"},"image":{"@id":"https:\/\/victoriaaldia.com\/?p=41965#primaryimage"},"thumbnailUrl":"https:\/\/victoriaaldia.com\/wp-content\/uploads\/2026\/09\/Captura-de-pantalla-2026-09-03-082314.jpeg","articleSection":["Noticias","Pol\u00edtica","Provinciales"],"inLanguage":"es-AR"},{"@type":"WebPage","@id":"https:\/\/victoriaaldia.com\/?p=41965","url":"https:\/\/victoriaaldia.com\/?p=41965","name":"Aprobaron nuevos circuitos electorales en Entre R\u00edos: qu\u00e9 departamentos abarca - Victoria Al D\u00eda","isPartOf":{"@id":"https:\/\/victoriaaldia.com\/#website"},"primaryImageOfPage":{"@id":"https:\/\/victoriaaldia.com\/?p=41965#primaryimage"},"image":{"@id":"https:\/\/victoriaaldia.com\/?p=41965#primaryimage"},"thumbnailUrl":"https:\/\/victoriaaldia.com\/wp-content\/uploads\/2026\/09\/Captura-de-pantalla-2026-09-03-082314.jpeg","datePublished":"2026-09-03T11:26:03+00:00","breadcrumb":{"@id":"https:\/\/victoriaaldia.com\/?p=41965#breadcrumb"},"inLanguage":"es-AR","potentialAction":[{"@type":"ReadAction","target":["https:\/\/victoriaaldia.com\/?p=41965"]}]},{"@type":"ImageObject","inLanguage":"es-AR","@id":"https:\/\/victoriaaldia.com\/?p=41965#primaryimage","url":"https:\/\/victoriaaldia.com\/wp-content\/uploads\/2026\/09\/Captura-de-pantalla-2026-09-03-082314.jpeg","contentUrl":"https:\/\/victoriaaldia.com\/wp-content\/uploads\/2026\/09\/Captura-de-pantalla-2026-09-03-082314.jpeg","width":752,"height":509},{"@type":"BreadcrumbList","@id":"https:\/\/victoriaaldia.com\/?p=41965#breadcrumb","itemListElement":[{"@type":"ListItem","position":1,"name":"Inicio","item":"https:\/\/victoriaaldia.com\/"},{"@type":"ListItem","position":2,"name":"Aprobaron nuevos circuitos electorales en Entre R\u00edos: qu\u00e9 departamentos abarca"}]},{"@type":"WebSite","@id":"https:\/\/victoriaaldia.com\/#website","url":"https:\/\/victoriaaldia.com\/","name":"Victoria Al D\u00eda","description":"Diario Digital","publisher":{"@id":"https:\/\/victoriaaldia.com\/#organization"},"potentialAction":[{"@type":"SearchAction","target":{"@type":"EntryPoint","urlTemplate":"https:\/\/victoriaaldia.com\/?s={search_term_string}"},"query-input":{"@type":"PropertyValueSpecification","valueRequired":true,"valueName":"search_term_string"}}],"inLanguage":"es-AR"},{"@type":"Organization","@id":"https:\/\/victoriaaldia.com\/#organization","name":"Victoria Al D\u00eda","url":"https:\/\/victoriaaldia.com\/","logo":{"@type":"ImageObject","inLanguage":"es-AR","@id":"https:\/\/victoriaaldia.com\/#\/schema\/logo\/image\/","url":"https:\/\/victoriaaldia.com\/wp-content\/uploads\/2023\/11\/logo.png","contentUrl":"https:\/\/victoriaaldia.com\/wp-content\/uploads\/2023\/11\/logo.png","width":394,"height":128,"caption":"Victoria Al D\u00eda"},"image":{"@id":"https:\/\/victoriaaldia.com\/#\/schema\/logo\/image\/"}},{"@type":"Person","@id":"https:\/\/victoriaaldia.com\/#\/schema\/person\/2314e106bcb401e92ff95595d5c292ef","name":"Victoria Al D\u00eda","url":"https:\/\/victoriaaldia.com\/?author=3"}]}},"_links":{"self":[{"href":"https:\/\/victoriaaldia.com\/index.php?rest_route=\/wp\/v2\/posts\/41965","targetHints":{"allow":["GET"]}}],"collection":[{"href":"https:\/\/victoriaaldia.com\/index.php?rest_route=\/wp\/v2\/posts"}],"about":[{"href":"https:\/\/victoriaaldia.com\/index.php?rest_route=\/wp\/v2\/types\/post"}],"author":[{"embeddable":true,"href":"https:\/\/victoriaaldia.com\/index.php?rest_route=\/wp\/v2\/users\/3"}],"replies":[{"embeddable":true,"href":"https:\/\/victoriaaldia.com\/index.php?rest_route=%2Fwp%2Fv2%2Fcomments&post=41965"}],"version-history":[{"count":1,"href":"https:\/\/victoriaaldia.com\/index.php?rest_route=\/wp\/v2\/posts\/41965\/revisions"}],"predecessor-version":[{"id":41967,"href":"https:\/\/victoriaaldia.com\/index.php?rest_route=\/wp\/v2\/posts\/41965\/revisions\/41967"}],"wp:featuredmedia":[{"embeddable":true,"href":"https:\/\/victoriaaldia.com\/index.php?rest_route=\/wp\/v2\/media\/41966"}],"wp:attachment":[{"href":"https:\/\/victoriaaldia.com\/index.php?rest_route=%2Fwp%2Fv2%2Fmedia&parent=41965"}],"wp:term":[{"taxonomy":"category","embeddable":true,"href":"https:\/\/victoriaaldia.com\/index.php?rest_route=%2Fwp%2Fv2%2Fcategories&post=41965"},{"taxonomy":"post_tag","embeddable":true,"href":"https:\/\/victoriaaldia.com\/index.php?rest_route=%2Fwp%2Fv2%2Ftags&post=41965"}],"curies":[{"name":"wp","href":"https:\/\/api.w.org\/{rel}","templated":true}]}}