{"id":41968,"date":"2026-09-03T08:29:45","date_gmt":"2026-09-03T11:29:45","guid":{"rendered":"https:\/\/victoriaaldia.com\/?p=41968"},"modified":"2026-09-03T08:29:45","modified_gmt":"2026-09-03T11:29:45","slug":"boca-vencio-a-velez-por-penales-con-montero-como-figura-y-avanzo-a-cuartos","status":"publish","type":"post","link":"https:\/\/victoriaaldia.com\/?p=41968","title":{"rendered":"Boca venci\u00f3 a V\u00e9lez por penales con Montero como figura y avanz\u00f3 a cuartos"},"content":{"rendered":"<h2>Copa Argentina<\/h2>\n<header class=\"cl-24 header-interior interior-top-1\">Boca venci\u00f3 a V\u00e9lez por penales tras igualar 0-0 en C\u00f3rdoba y avanz\u00f3 a los cuartos de final de la Copa Argentina. \u00c1lvaro Montero fue la gran figura al contener dos remates. El Xeneize enfrentar\u00e1 a Racing.<\/header>\n<header><\/header>\n<header><b>Boca venci\u00f3 a V\u00e9lez<\/b>\u00a0por penales y consigui\u00f3 la clasificaci\u00f3n a los cuartos de final de la Copa Argentina, luego de igualar 0-0 durante los 90 minutos en el estadio Mario Alberto Kempes.\u00a0<b>\u00c1lvaro Montero<\/b>\u00a0se convirti\u00f3 en la figura del Xeneize al contener dos ejecuciones en la definici\u00f3n desde los doce pasos.<\/p>\n<\/header>\n<p><iframe loading=\"lazy\" title=\"V\u00e9lez 0 (3) - (4) 0 Boca | Copa Argentina 2026 | Octavos de Final\" width=\"760\" height=\"428\" src=\"https:\/\/www.youtube.com\/embed\/n51th-sG3i4?feature=oembed\" frameborder=\"0\" allow=\"accelerometer; autoplay; clipboard-write; encrypted-media; gyroscope; picture-in-picture; web-share\" referrerpolicy=\"strict-origin-when-cross-origin\" allowfullscreen><\/iframe><\/p>\n<p>V\u00e9lez tom\u00f3 inicialmente la iniciativa e intent\u00f3 imponer condiciones, aunque tuvo dificultades para generar peligro sobre el arco defendido por Montero. Un tiro libre desviado de\u00a0<b>Manuel Lanzini<\/b>\u00a0y un cabezazo sin precisi\u00f3n de Mart\u00ednez tras un c\u00f3rner estuvieron entre sus aproximaciones.<\/p>\n<p>&nbsp;<\/p>\n<p>Con el correr de los minutos, Boca comenz\u00f3 a controlar la mitad de la cancha, interrumpi\u00f3 los circuitos de juego de su rival y encontr\u00f3 espacios mediante pases entre l\u00edneas. De esa manera gener\u00f3 las oportunidades m\u00e1s claras de la primera mitad.<\/p>\n<p>&nbsp;<\/p>\n<figure class=\"embed\"><img loading=\"lazy\" decoding=\"async\" src=\"https:\/\/elonce-media.elonce.com\/fotos\/2026\/09\/02\/e_1788402860_33799.webp\" alt=\"\" width=\"600\" height=\"400\" \/><\/figure>\n<p>&nbsp;<\/p>\n<h2>Boca tuvo las chances m\u00e1s claras<\/h2>\n<p>&nbsp;<\/p>\n<p>A los 22 minutos,\u00a0<b>Leandro Paredes<\/b>\u00a0recibi\u00f3 un pase de\u00a0<b>Rodrigo Aliendro<\/b>\u00a0y combin\u00f3 con\u00a0<b>Miguel Merentiel<\/b>, quien habilit\u00f3 a\u00a0<b>Tom\u00e1s Belmonte<\/b>\u00a0por el sector opuesto. El volante lleg\u00f3 inc\u00f3modo a la definici\u00f3n y no pudo aprovechar la oportunidad, mientras que\u00a0<b>Santiago Ascac\u00edbar<\/b>\u00a0tampoco logr\u00f3 convertir en el rebote.<\/p>\n<p>&nbsp;<\/p>\n<p>Antes del descanso, Belmonte volvi\u00f3 a disponer de una ocasi\u00f3n clara, pero su remate sali\u00f3 por encima del travesa\u00f1o. Boca se fue al entretiempo sin poder trasladar al marcador la superioridad que hab\u00eda conseguido durante varios pasajes del encuentro.<\/p>\n<p>&nbsp;<\/p>\n<p>En el complemento, el Xeneize mantuvo inicialmente el dominio en el mediocampo y volvi\u00f3 a aproximarse al arco de V\u00e9lez. Una de las mejores oportunidades surgi\u00f3 con un pase de Paredes para\u00a0<b>Alan Velasco<\/b>, quien sac\u00f3 un disparo cruzado que pas\u00f3 apenas desviado.<\/p>\n<p>&nbsp;<\/p>\n<figure class=\"embed\"><img loading=\"lazy\" decoding=\"async\" src=\"https:\/\/elonce-media.elonce.com\/fotos\/2026\/09\/02\/e_1788402860_39096.webp\" alt=\"\" width=\"600\" height=\"400\" \/><\/figure>\n<p>&nbsp;<\/p>\n<h2>V\u00e9lez tuvo la clasificaci\u00f3n sobre el final<\/h2>\n<p>&nbsp;<\/p>\n<p>Con el transcurso de los minutos y las modificaciones realizadas, V\u00e9lez logr\u00f3 equilibrar el encuentro.\u00a0<b>Ronaldo Mart\u00ednez<\/b>\u00a0avis\u00f3 con un remate alto despu\u00e9s de una habilitaci\u00f3n de\u00a0<b>Lucas Robertone<\/b>.<\/p>\n<p>&nbsp;<\/p>\n<p>La situaci\u00f3n determinante lleg\u00f3 sobre el final. Tras una r\u00e1pida contra encabezada por\u00a0<b>Mat\u00edas Pellegrini<\/b>, la pelota lleg\u00f3 a Escobar, quien cay\u00f3 dentro del \u00e1rea ante la salida de \u00c1lvaro Montero. V\u00e9lez tuvo entonces la gran posibilidad de quedarse con la clasificaci\u00f3n.<\/p>\n<p>&nbsp;<\/p>\n<p>Sin embargo,\u00a0<b>Dylan Godoy estrell\u00f3 el penal en el palo<\/b>\u00a0y dej\u00f3 con vida a Boca. El 0-0 se mantuvo hasta el final y el clasificado debi\u00f3 resolverse mediante una definici\u00f3n desde los doce pasos.<\/p>\n<p>&nbsp;<\/p>\n<figure class=\"embed\"><img loading=\"lazy\" decoding=\"async\" src=\"https:\/\/elonce-media.elonce.com\/fotos\/2026\/09\/02\/e_1788399454_57122.webp\" alt=\"\" width=\"600\" height=\"400\" \/><\/figure>\n<p>&nbsp;<\/p>\n<h2>Montero fue decisivo en los penales<\/h2>\n<p>&nbsp;<\/p>\n<p>En la tanda apareci\u00f3 la figura de\u00a0<b>\u00c1lvaro Montero<\/b>. El arquero colombiano le contuvo primero el remate a\u00a0<b>El\u00edas G\u00f3mez<\/b>\u00a0y sostuvo las posibilidades del conjunto xeneize.<\/p>\n<p>&nbsp;<\/p>\n<p>Del otro lado,\u00a0<b>Tom\u00e1s Marchiori<\/b>\u00a0tambi\u00e9n respondi\u00f3 y detuvo el disparo de\u00a0<b>Enner Valencia<\/b>, por lo que la definici\u00f3n permaneci\u00f3 abierta hasta las \u00faltimas ejecuciones.<\/p>\n<p>&nbsp;<\/p>\n<p>Finalmente, Montero volvi\u00f3 a ser determinante ante\u00a0<b>Thiago Silvero<\/b>. El defensor no pudo superar al arquero colombiano, quien contuvo el remate y sell\u00f3 la clasificaci\u00f3n de Boca.<\/p>\n<p>&nbsp;<\/p>\n<figure class=\"embed\"><img loading=\"lazy\" decoding=\"async\" src=\"https:\/\/elonce-media.elonce.com\/fotos\/2026\/09\/02\/e_1788397461_27765.webp\" alt=\"\" width=\"600\" height=\"400\" \/><\/figure>\n<p>&nbsp;<\/p>\n<p>&nbsp;<\/p>\n<h2>Racing ser\u00e1 el pr\u00f3ximo rival<\/h2>\n<p>&nbsp;<\/p>\n<p>Tras superar una serie que se extendi\u00f3 hasta los penales, Boca consigui\u00f3 meterse entre los ocho mejores equipos de la competencia y contin\u00faa en carrera por el t\u00edtulo de la Copa Argentina.<\/p>\n<p>&nbsp;<\/p>\n<p>El Xeneize deber\u00e1 enfrentar ahora a\u00a0<b>Racing Club<\/b>\u00a0por los cuartos de final, en un cruce que determinar\u00e1 a uno de los semifinalistas del certamen.<\/p>\n<p>&nbsp;<\/p>\n<p>De esta manera,\u00a0<b>Boca venci\u00f3 a V\u00e9lez<\/b> despu\u00e9s de un partido sin goles y encontr\u00f3 en \u00c1lvaro Montero al protagonista de la clasificaci\u00f3n. El arquero contuvo dos penales y permiti\u00f3 que el equipo xeneize contin\u00fae con vida en la Copa Argentina. Fuente: El Once<\/p>\n<p><a href=\"https:\/\/victoriaaldia.com\/?attachment_id=9280\" rel=\"attachment wp-att-9280\"><img loading=\"lazy\" decoding=\"async\" class=\"aligncenter size-full wp-image-9280\" src=\"http:\/\/victoriaaldia.com\/wp-content\/uploads\/2023\/11\/agrotecnica.png\" alt=\"\" width=\"720\" height=\"90\" srcset=\"https:\/\/victoriaaldia.com\/wp-content\/uploads\/2023\/11\/agrotecnica.png 720w, https:\/\/victoriaaldia.com\/wp-content\/uploads\/2023\/11\/agrotecnica-300x38.png 300w\" sizes=\"auto, (max-width: 720px) 100vw, 720px\" \/><\/a><\/p>\n<p>&nbsp;<\/p>\n","protected":false},"excerpt":{"rendered":"<p>Copa Argentina Boca venci\u00f3 a V\u00e9lez por penales tras igualar 0-0 en C\u00f3rdoba y avanz\u00f3 a los cuartos de final&hellip;<\/p>\n","protected":false},"author":3,"featured_media":41969,"comment_status":"closed","ping_status":"closed","sticky":false,"template":"","format":"standard","meta":{"nogoya_volanta":"","nogoya_breaking":false,"nogoya_exclusive":false,"footnotes":""},"categories":[6,4,3],"tags":[],"class_list":["post-41968","post","type-post","status-publish","format-standard","has-post-thumbnail","hentry","category-deportes","category-nacionales","category-noticias"],"yoast_head":"<!-- This site is optimized with the Yoast SEO plugin v28.4 - https:\/\/yoast.com\/product\/yoast-seo-wordpress\/ -->\n<title>Boca venci\u00f3 a V\u00e9lez por penales con Montero como figura y avanz\u00f3 a cuartos - Victoria Al D\u00eda<\/title>\n<meta name=\"robots\" content=\"index, follow, max-snippet:-1, max-image-preview:large, max-video-preview:-1\" \/>\n<link rel=\"canonical\" href=\"https:\/\/victoriaaldia.com\/?p=41968\" \/>\n<meta property=\"og:locale\" content=\"es_ES\" \/>\n<meta property=\"og:type\" content=\"article\" \/>\n<meta property=\"og:title\" content=\"Boca venci\u00f3 a V\u00e9lez por penales con Montero como figura y avanz\u00f3 a cuartos - Victoria Al D\u00eda\" \/>\n<meta property=\"og:description\" content=\"Copa Argentina Boca venci\u00f3 a V\u00e9lez por penales tras igualar 0-0 en C\u00f3rdoba y avanz\u00f3 a los cuartos de final&hellip;\" \/>\n<meta property=\"og:url\" content=\"https:\/\/victoriaaldia.com\/?p=41968\" \/>\n<meta property=\"og:site_name\" content=\"Victoria Al D\u00eda\" \/>\n<meta property=\"article:published_time\" content=\"2026-09-03T11:29:45+00:00\" \/>\n<meta property=\"og:image\" content=\"http:\/\/victoriaaldia.com\/wp-content\/uploads\/2026\/09\/Captura-de-pantalla-2026-09-03-082730.png\" \/>\n\t<meta property=\"og:image:width\" content=\"762\" \/>\n\t<meta property=\"og:image:height\" content=\"513\" \/>\n\t<meta property=\"og:image:type\" content=\"image\/png\" \/>\n<meta name=\"author\" content=\"Victoria Al D\u00eda\" \/>\n<meta name=\"twitter:card\" content=\"summary_large_image\" \/>\n<meta name=\"twitter:label1\" content=\"Escrito por\" \/>\n\t<meta name=\"twitter:data1\" content=\"\" \/>\n\t<meta name=\"twitter:label2\" content=\"Tiempo de lectura\" \/>\n\t<meta name=\"twitter:data2\" content=\"5 minutos\" \/>\n<script type=\"application\/ld+json\" class=\"yoast-schema-graph\">{\"@context\":\"https:\\\/\\\/schema.org\",\"@graph\":[{\"@type\":\"Article\",\"@id\":\"https:\\\/\\\/victoriaaldia.com\\\/?p=41968#article\",\"isPartOf\":{\"@id\":\"https:\\\/\\\/victoriaaldia.com\\\/?p=41968\"},\"author\":{\"name\":\"Victoria Al D\u00eda\",\"@id\":\"https:\\\/\\\/victoriaaldia.com\\\/#\\\/schema\\\/person\\\/2314e106bcb401e92ff95595d5c292ef\"},\"headline\":\"Boca venci\u00f3 a V\u00e9lez por penales con Montero como figura y avanz\u00f3 a cuartos\",\"datePublished\":\"2026-09-03T11:29:45+00:00\",\"mainEntityOfPage\":{\"@id\":\"https:\\\/\\\/victoriaaldia.com\\\/?p=41968\"},\"wordCount\":709,\"publisher\":{\"@id\":\"https:\\\/\\\/victoriaaldia.com\\\/#organization\"},\"image\":{\"@id\":\"https:\\\/\\\/victoriaaldia.com\\\/?p=41968#primaryimage\"},\"thumbnailUrl\":\"https:\\\/\\\/victoriaaldia.com\\\/wp-content\\\/uploads\\\/2026\\\/09\\\/Captura-de-pantalla-2026-09-03-082730.png\",\"articleSection\":[\"Deportes\",\"Nacionales\",\"Noticias\"],\"inLanguage\":\"es-AR\"},{\"@type\":\"WebPage\",\"@id\":\"https:\\\/\\\/victoriaaldia.com\\\/?p=41968\",\"url\":\"https:\\\/\\\/victoriaaldia.com\\\/?p=41968\",\"name\":\"Boca venci\u00f3 a V\u00e9lez por penales con Montero como figura y avanz\u00f3 a cuartos - Victoria Al D\u00eda\",\"isPartOf\":{\"@id\":\"https:\\\/\\\/victoriaaldia.com\\\/#website\"},\"primaryImageOfPage\":{\"@id\":\"https:\\\/\\\/victoriaaldia.com\\\/?p=41968#primaryimage\"},\"image\":{\"@id\":\"https:\\\/\\\/victoriaaldia.com\\\/?p=41968#primaryimage\"},\"thumbnailUrl\":\"https:\\\/\\\/victoriaaldia.com\\\/wp-content\\\/uploads\\\/2026\\\/09\\\/Captura-de-pantalla-2026-09-03-082730.png\",\"datePublished\":\"2026-09-03T11:29:45+00:00\",\"breadcrumb\":{\"@id\":\"https:\\\/\\\/victoriaaldia.com\\\/?p=41968#breadcrumb\"},\"inLanguage\":\"es-AR\",\"potentialAction\":[{\"@type\":\"ReadAction\",\"target\":[\"https:\\\/\\\/victoriaaldia.com\\\/?p=41968\"]}]},{\"@type\":\"ImageObject\",\"inLanguage\":\"es-AR\",\"@id\":\"https:\\\/\\\/victoriaaldia.com\\\/?p=41968#primaryimage\",\"url\":\"https:\\\/\\\/victoriaaldia.com\\\/wp-content\\\/uploads\\\/2026\\\/09\\\/Captura-de-pantalla-2026-09-03-082730.png\",\"contentUrl\":\"https:\\\/\\\/victoriaaldia.com\\\/wp-content\\\/uploads\\\/2026\\\/09\\\/Captura-de-pantalla-2026-09-03-082730.png\",\"width\":762,\"height\":513},{\"@type\":\"BreadcrumbList\",\"@id\":\"https:\\\/\\\/victoriaaldia.com\\\/?p=41968#breadcrumb\",\"itemListElement\":[{\"@type\":\"ListItem\",\"position\":1,\"name\":\"Inicio\",\"item\":\"https:\\\/\\\/victoriaaldia.com\\\/\"},{\"@type\":\"ListItem\",\"position\":2,\"name\":\"Boca venci\u00f3 a V\u00e9lez por penales con Montero como figura y avanz\u00f3 a cuartos\"}]},{\"@type\":\"WebSite\",\"@id\":\"https:\\\/\\\/victoriaaldia.com\\\/#website\",\"url\":\"https:\\\/\\\/victoriaaldia.com\\\/\",\"name\":\"Victoria Al D\u00eda\",\"description\":\"Diario Digital\",\"publisher\":{\"@id\":\"https:\\\/\\\/victoriaaldia.com\\\/#organization\"},\"potentialAction\":[{\"@type\":\"SearchAction\",\"target\":{\"@type\":\"EntryPoint\",\"urlTemplate\":\"https:\\\/\\\/victoriaaldia.com\\\/?s={search_term_string}\"},\"query-input\":{\"@type\":\"PropertyValueSpecification\",\"valueRequired\":true,\"valueName\":\"search_term_string\"}}],\"inLanguage\":\"es-AR\"},{\"@type\":\"Organization\",\"@id\":\"https:\\\/\\\/victoriaaldia.com\\\/#organization\",\"name\":\"Victoria Al D\u00eda\",\"url\":\"https:\\\/\\\/victoriaaldia.com\\\/\",\"logo\":{\"@type\":\"ImageObject\",\"inLanguage\":\"es-AR\",\"@id\":\"https:\\\/\\\/victoriaaldia.com\\\/#\\\/schema\\\/logo\\\/image\\\/\",\"url\":\"https:\\\/\\\/victoriaaldia.com\\\/wp-content\\\/uploads\\\/2023\\\/11\\\/logo.png\",\"contentUrl\":\"https:\\\/\\\/victoriaaldia.com\\\/wp-content\\\/uploads\\\/2023\\\/11\\\/logo.png\",\"width\":394,\"height\":128,\"caption\":\"Victoria Al D\u00eda\"},\"image\":{\"@id\":\"https:\\\/\\\/victoriaaldia.com\\\/#\\\/schema\\\/logo\\\/image\\\/\"}},{\"@type\":\"Person\",\"@id\":\"https:\\\/\\\/victoriaaldia.com\\\/#\\\/schema\\\/person\\\/2314e106bcb401e92ff95595d5c292ef\",\"name\":\"Victoria Al D\u00eda\",\"url\":\"https:\\\/\\\/victoriaaldia.com\\\/?author=3\"}]}<\/script>\n<!-- \/ Yoast SEO plugin. -->","yoast_head_json":{"title":"Boca venci\u00f3 a V\u00e9lez por penales con Montero como figura y avanz\u00f3 a cuartos - Victoria Al D\u00eda","robots":{"index":"index","follow":"follow","max-snippet":"max-snippet:-1","max-image-preview":"max-image-preview:large","max-video-preview":"max-video-preview:-1"},"canonical":"https:\/\/victoriaaldia.com\/?p=41968","og_locale":"es_ES","og_type":"article","og_title":"Boca venci\u00f3 a V\u00e9lez por penales con Montero como figura y avanz\u00f3 a cuartos - Victoria Al D\u00eda","og_description":"Copa Argentina Boca venci\u00f3 a V\u00e9lez por penales tras igualar 0-0 en C\u00f3rdoba y avanz\u00f3 a los cuartos de final&hellip;","og_url":"https:\/\/victoriaaldia.com\/?p=41968","og_site_name":"Victoria Al D\u00eda","article_published_time":"2026-09-03T11:29:45+00:00","og_image":[{"width":762,"height":513,"url":"http:\/\/victoriaaldia.com\/wp-content\/uploads\/2026\/09\/Captura-de-pantalla-2026-09-03-082730.png","type":"image\/png"}],"author":"Victoria Al D\u00eda","twitter_card":"summary_large_image","twitter_misc":{"Escrito por":"","Tiempo de lectura":"5 minutos"},"schema":{"@context":"https:\/\/schema.org","@graph":[{"@type":"Article","@id":"https:\/\/victoriaaldia.com\/?p=41968#article","isPartOf":{"@id":"https:\/\/victoriaaldia.com\/?p=41968"},"author":{"name":"Victoria Al D\u00eda","@id":"https:\/\/victoriaaldia.com\/#\/schema\/person\/2314e106bcb401e92ff95595d5c292ef"},"headline":"Boca venci\u00f3 a V\u00e9lez por penales con Montero como figura y avanz\u00f3 a cuartos","datePublished":"2026-09-03T11:29:45+00:00","mainEntityOfPage":{"@id":"https:\/\/victoriaaldia.com\/?p=41968"},"wordCount":709,"publisher":{"@id":"https:\/\/victoriaaldia.com\/#organization"},"image":{"@id":"https:\/\/victoriaaldia.com\/?p=41968#primaryimage"},"thumbnailUrl":"https:\/\/victoriaaldia.com\/wp-content\/uploads\/2026\/09\/Captura-de-pantalla-2026-09-03-082730.png","articleSection":["Deportes","Nacionales","Noticias"],"inLanguage":"es-AR"},{"@type":"WebPage","@id":"https:\/\/victoriaaldia.com\/?p=41968","url":"https:\/\/victoriaaldia.com\/?p=41968","name":"Boca venci\u00f3 a V\u00e9lez por penales con Montero como figura y avanz\u00f3 a cuartos - Victoria Al D\u00eda","isPartOf":{"@id":"https:\/\/victoriaaldia.com\/#website"},"primaryImageOfPage":{"@id":"https:\/\/victoriaaldia.com\/?p=41968#primaryimage"},"image":{"@id":"https:\/\/victoriaaldia.com\/?p=41968#primaryimage"},"thumbnailUrl":"https:\/\/victoriaaldia.com\/wp-content\/uploads\/2026\/09\/Captura-de-pantalla-2026-09-03-082730.png","datePublished":"2026-09-03T11:29:45+00:00","breadcrumb":{"@id":"https:\/\/victoriaaldia.com\/?p=41968#breadcrumb"},"inLanguage":"es-AR","potentialAction":[{"@type":"ReadAction","target":["https:\/\/victoriaaldia.com\/?p=41968"]}]},{"@type":"ImageObject","inLanguage":"es-AR","@id":"https:\/\/victoriaaldia.com\/?p=41968#primaryimage","url":"https:\/\/victoriaaldia.com\/wp-content\/uploads\/2026\/09\/Captura-de-pantalla-2026-09-03-082730.png","contentUrl":"https:\/\/victoriaaldia.com\/wp-content\/uploads\/2026\/09\/Captura-de-pantalla-2026-09-03-082730.png","width":762,"height":513},{"@type":"BreadcrumbList","@id":"https:\/\/victoriaaldia.com\/?p=41968#breadcrumb","itemListElement":[{"@type":"ListItem","position":1,"name":"Inicio","item":"https:\/\/victoriaaldia.com\/"},{"@type":"ListItem","position":2,"name":"Boca venci\u00f3 a V\u00e9lez por penales con Montero como figura y avanz\u00f3 a cuartos"}]},{"@type":"WebSite","@id":"https:\/\/victoriaaldia.com\/#website","url":"https:\/\/victoriaaldia.com\/","name":"Victoria Al D\u00eda","description":"Diario Digital","publisher":{"@id":"https:\/\/victoriaaldia.com\/#organization"},"potentialAction":[{"@type":"SearchAction","target":{"@type":"EntryPoint","urlTemplate":"https:\/\/victoriaaldia.com\/?s={search_term_string}"},"query-input":{"@type":"PropertyValueSpecification","valueRequired":true,"valueName":"search_term_string"}}],"inLanguage":"es-AR"},{"@type":"Organization","@id":"https:\/\/victoriaaldia.com\/#organization","name":"Victoria Al D\u00eda","url":"https:\/\/victoriaaldia.com\/","logo":{"@type":"ImageObject","inLanguage":"es-AR","@id":"https:\/\/victoriaaldia.com\/#\/schema\/logo\/image\/","url":"https:\/\/victoriaaldia.com\/wp-content\/uploads\/2023\/11\/logo.png","contentUrl":"https:\/\/victoriaaldia.com\/wp-content\/uploads\/2023\/11\/logo.png","width":394,"height":128,"caption":"Victoria Al D\u00eda"},"image":{"@id":"https:\/\/victoriaaldia.com\/#\/schema\/logo\/image\/"}},{"@type":"Person","@id":"https:\/\/victoriaaldia.com\/#\/schema\/person\/2314e106bcb401e92ff95595d5c292ef","name":"Victoria Al D\u00eda","url":"https:\/\/victoriaaldia.com\/?author=3"}]}},"_links":{"self":[{"href":"https:\/\/victoriaaldia.com\/index.php?rest_route=\/wp\/v2\/posts\/41968","targetHints":{"allow":["GET"]}}],"collection":[{"href":"https:\/\/victoriaaldia.com\/index.php?rest_route=\/wp\/v2\/posts"}],"about":[{"href":"https:\/\/victoriaaldia.com\/index.php?rest_route=\/wp\/v2\/types\/post"}],"author":[{"embeddable":true,"href":"https:\/\/victoriaaldia.com\/index.php?rest_route=\/wp\/v2\/users\/3"}],"replies":[{"embeddable":true,"href":"https:\/\/victoriaaldia.com\/index.php?rest_route=%2Fwp%2Fv2%2Fcomments&post=41968"}],"version-history":[{"count":1,"href":"https:\/\/victoriaaldia.com\/index.php?rest_route=\/wp\/v2\/posts\/41968\/revisions"}],"predecessor-version":[{"id":41970,"href":"https:\/\/victoriaaldia.com\/index.php?rest_route=\/wp\/v2\/posts\/41968\/revisions\/41970"}],"wp:featuredmedia":[{"embeddable":true,"href":"https:\/\/victoriaaldia.com\/index.php?rest_route=\/wp\/v2\/media\/41969"}],"wp:attachment":[{"href":"https:\/\/victoriaaldia.com\/index.php?rest_route=%2Fwp%2Fv2%2Fmedia&parent=41968"}],"wp:term":[{"taxonomy":"category","embeddable":true,"href":"https:\/\/victoriaaldia.com\/index.php?rest_route=%2Fwp%2Fv2%2Fcategories&post=41968"},{"taxonomy":"post_tag","embeddable":true,"href":"https:\/\/victoriaaldia.com\/index.php?rest_route=%2Fwp%2Fv2%2Ftags&post=41968"}],"curies":[{"name":"wp","href":"https:\/\/api.w.org\/{rel}","templated":true}]}}