{"id":41971,"date":"2026-09-03T08:32:50","date_gmt":"2026-09-03T11:32:50","guid":{"rendered":"https:\/\/victoriaaldia.com\/?p=41971"},"modified":"2026-09-03T08:32:50","modified_gmt":"2026-09-03T11:32:50","slug":"empleadas-domesticas-oficializaron-aumentos-y-cuanto-cobraran-hasta-diciembre","status":"publish","type":"post","link":"https:\/\/victoriaaldia.com\/?p=41971","title":{"rendered":"Empleadas dom\u00e9sticas: oficializaron aumentos y cu\u00e1nto cobrar\u00e1n hasta diciembre"},"content":{"rendered":"<h2>La medida rige en todo el pa\u00eds<\/h2>\n<header class=\"cl-24 header-interior interior-top-1\">El Gobierno oficializ\u00f3 nuevas escalas para empleadas dom\u00e9sticas, con subas mensuales hasta diciembre. Adem\u00e1s, estableci\u00f3 una suma de hasta $20.000 por agosto que se incorporar\u00e1 progresivamente al salario b\u00e1sico. Los nuevos valores por hora y mes.<\/header>\n<header><\/header>\n<header>El Gobierno oficializ\u00f3\u00a0<b>nuevos aumentos para empleadas dom\u00e9sticas<\/b>\u00a0que se aplicar\u00e1n de manera escalonada entre agosto y diciembre de 2026, junto con una suma no remunerativa de hasta\u00a0<b>$20.000<\/b>\u00a0correspondiente a agosto. La medida fue establecida mediante la Resoluci\u00f3n 6\/2026 de la Comisi\u00f3n Nacional de Trabajo en Casas Particulares y alcanza a todo el pa\u00eds.<\/p>\n<p>&nbsp;<\/p>\n<p>El esquema contempl\u00f3 incrementos acumulativos del\u00a0<b>1,9% en agosto, 1,8% en septiembre, 1,7% en octubre, 1,6% en noviembre y 1,6% en diciembre<\/b>. Cada porcentaje se aplicar\u00e1 sobre los salarios m\u00ednimos determinados para el per\u00edodo anterior, adem\u00e1s de las incorporaciones previstas de la suma extraordinaria.<\/p>\n<p>&nbsp;<\/p>\n<p>La resoluci\u00f3n reemplaz\u00f3 las escalas que hab\u00edan sido fijadas mediante la Resoluci\u00f3n 4\/2026 para abril, mayo, junio y julio. Los valores oficializados constituyen pisos m\u00ednimos: empleadores y trabajadores pueden acordar remuneraciones superiores.<\/p>\n<h2>Empleadas dom\u00e9sticas: cu\u00e1nto cobran por hora en septiembre<\/h2>\n<p>Para\u00a0<b>septiembre de 2026<\/b>, el personal de tareas generales \u2014la quinta categor\u00eda, que comprende limpieza, lavado, planchado, mantenimiento y otras tareas habituales del hogar\u2014 tendr\u00e1 un m\u00ednimo de\u00a0<b>$3.914,64 por hora con retiro y $4.185,94 sin retiro<\/b>. El salario mensual ser\u00e1 de\u00a0<b>$480.247,85 con retiro y $529.261,78 sin retiro<\/b>.<\/p>\n<p>&nbsp;<\/p>\n<p>En asistencia y cuidado de personas, categor\u00eda que comprende el cuidado no terap\u00e9utico de ni\u00f1os, adolescentes, adultos mayores, personas enfermas o con discapacidad, los valores ser\u00e1n de\u00a0<b>$4.185,94 por hora con retiro y $4.641,90 sin retiro<\/b>. Mensualmente corresponder\u00e1n\u00a0<b>$529.261,78 y $584.936,09<\/b>, respectivamente.<\/p>\n<p>&nbsp;<\/p>\n<p>Para tareas espec\u00edficas, entre ellas cocineros contratados exclusivamente para esa funci\u00f3n, la escala ser\u00e1 de\u00a0<b>$4.422,54 por hora con retiro y $4.809,80 sin retiro<\/b>, mientras que los montos mensuales ascender\u00e1n a\u00a0<b>$541.402,49 y $597.854,36<\/b>, respectivamente. Los supervisores tendr\u00e1n m\u00ednimos mensuales de\u00a0<b>$579.493,14 con retiro y $640.641,55 sin retiro<\/b>.<\/p>\n<h2><\/h2>\n<h2>El adicional de hasta $20.000 por agosto<\/h2>\n<p>Otro de los puntos centrales de la resoluci\u00f3n fue la suma no remunerativa extraordinaria que deber\u00e1 abonarse junto con los salarios correspondientes a agosto. El monto depender\u00e1 de la cantidad de horas trabajadas semanalmente.<\/p>\n<p>&nbsp;<\/p>\n<p>Quienes cumplan\u00a0<b>16 horas semanales o m\u00e1s recibir\u00e1n $20.000<\/b>; para quienes trabajen desde 12 y menos de 16 horas, la suma ser\u00e1 de\u00a0<b>$11.500<\/b>; y aquellos que trabajen menos de 12 horas semanales percibir\u00e1n\u00a0<b>$8.000<\/b>. El beneficio corresponde tanto al personal con retiro como sin retiro.<\/p>\n<p>&nbsp;<\/p>\n<p>Sin embargo, el adicional no quedar\u00e1 limitado al pago extraordinario de agosto. La resoluci\u00f3n determin\u00f3 que esa suma se incorpore progresivamente a los salarios b\u00e1sicos:\u00a0<b>25% en septiembre, 50% en octubre y el 25% restante en noviembre<\/b>.<\/p>\n<p>&nbsp;<\/p>\n<h2>Cu\u00e1nto cobrar\u00e1n en octubre<\/h2>\n<p>En octubre, el salario m\u00ednimo para tareas generales ascender\u00e1 a\u00a0<b>$4.064,08 por hora con retiro y $4.337,53 sin retiro<\/b>. Para trabajadores mensualizados, los pisos ser\u00e1n de\u00a0<b>$498.582,06 y $548.429,23<\/b>, respectivamente.<\/p>\n<p>&nbsp;<\/p>\n<p>Quienes se desempe\u00f1en en asistencia y cuidado de personas cobrar\u00e1n desde\u00a0<b>$4.337,53 por hora con retiro y $4.801,52 sin retiro<\/b>. Los salarios mensuales m\u00ednimos quedar\u00e1n establecidos en\u00a0<b>$548.429,23 con retiro y $605.050 sin retiro<\/b>.<\/p>\n<p>&nbsp;<\/p>\n<p>En tanto, para supervisores los m\u00ednimos mensuales alcanzar\u00e1n\u00a0<b>$599.514,52 con retiro y $661.702,46 sin retiro<\/b>, mientras que el personal para tareas espec\u00edficas tendr\u00e1 pisos de\u00a0<b>$560.776,33 y $618.187,89<\/b>, respectivamente.<\/p>\n<p>&nbsp;<\/p>\n<h2>Los salarios de noviembre<\/h2>\n<p>Para noviembre, las empleadas de tareas generales pasar\u00e1n a cobrar como m\u00ednimo\u00a0<b>$4.174,62 por hora con retiro y $4.451,49 sin retiro<\/b>. Los valores mensuales ser\u00e1n de\u00a0<b>$512.142,96 y $562.837,52<\/b>, respectivamente.<\/p>\n<p>&nbsp;<\/p>\n<p>En asistencia y cuidado de personas, los m\u00ednimos ser\u00e1n de\u00a0<b>$4.451,49 por hora con retiro y $4.923,50 sin retiro<\/b>, con salarios mensuales de\u00a0<b>$562.837,52 y $620.420,85<\/b>. Para tareas espec\u00edficas, los valores mensuales ser\u00e1n de\u00a0<b>$575.394,53 con retiro y $633.782,08 sin retiro<\/b>.<\/p>\n<p>&nbsp;<\/p>\n<p>Los supervisores, por su parte, tendr\u00e1n en noviembre un m\u00ednimo de\u00a0<b>$4.928,28 por hora con retiro y $5.344,33 sin retiro<\/b>. Los salarios mensuales quedar\u00e1n en\u00a0<b>$614.791,27 y $678.036,40<\/b>, seg\u00fan la modalidad de contrataci\u00f3n.<\/p>\n<p>&nbsp;<\/p>\n<h2>Escala de diciembre: cu\u00e1nto queda la hora<\/h2>\n<p>La \u00faltima actualizaci\u00f3n prevista por la resoluci\u00f3n comenzar\u00e1 a regir en diciembre. Para\u00a0<b>tareas generales<\/b>, el piso ser\u00e1 de\u00a0<b>$4.241,42 por hora con retiro y $4.522,71 sin retiro<\/b>. Los montos mensuales quedar\u00e1n en\u00a0<b>$520.337,24 y $571.842,92<\/b>, respectivamente.<\/p>\n<p>&nbsp;<\/p>\n<p>En\u00a0<b>asistencia y cuidado de personas<\/b>, los m\u00ednimos llegar\u00e1n a\u00a0<b>$4.522,71 por hora con retiro y $5.002,28 sin retiro<\/b>, mientras que los salarios mensuales ser\u00e1n de\u00a0<b>$571.842,92 y $630.347,58<\/b>. Para tareas espec\u00edficas, los montos mensuales alcanzar\u00e1n\u00a0<b>$584.600,84 con retiro y $643.922,59 sin retiro<\/b>.<\/p>\n<p>&nbsp;<\/p>\n<p>Finalmente, los supervisores cobrar\u00e1n desde\u00a0<b>$5.007,14 por hora con retiro y $5.429,84 sin retiro<\/b>, mientras que los m\u00ednimos mensuales ser\u00e1n de\u00a0<b>$624.627,93 y $688.884,98<\/b>, respectivamente.<\/p>\n<p>&nbsp;<\/p>\n<p>La escala tambi\u00e9n mantuvo un\u00a0<b>adicional por zona desfavorable del 31%<\/b>\u00a0sobre los salarios m\u00ednimos para quienes trabajen en La Pampa, R\u00edo Negro, Chubut, Neuqu\u00e9n, Santa Cruz, Tierra del Fuego, Ant\u00e1rtida e Islas del Atl\u00e1ntico Sur y el partido bonaerense de Patagones. Ese adicional\u00a0<b>no corresponde a Entre R\u00edos<\/b>. Fuente: El Once<\/p>\n<p><a href=\"https:\/\/victoriaaldia.com\/?attachment_id=9273\" rel=\"attachment wp-att-9273\"><img loading=\"lazy\" decoding=\"async\" class=\"aligncenter size-full wp-image-9273\" src=\"http:\/\/victoriaaldia.com\/wp-content\/uploads\/2023\/11\/el-progreso.png\" alt=\"\" width=\"720\" height=\"90\" srcset=\"https:\/\/victoriaaldia.com\/wp-content\/uploads\/2023\/11\/el-progreso.png 720w, https:\/\/victoriaaldia.com\/wp-content\/uploads\/2023\/11\/el-progreso-300x38.png 300w\" sizes=\"auto, (max-width: 720px) 100vw, 720px\" \/><\/a><\/p>\n<\/header>\n","protected":false},"excerpt":{"rendered":"<p>La medida rige en todo el pa\u00eds El Gobierno oficializ\u00f3 nuevas escalas para empleadas dom\u00e9sticas, con subas mensuales hasta diciembre.&hellip;<\/p>\n","protected":false},"author":3,"featured_media":41972,"comment_status":"closed","ping_status":"closed","sticky":false,"template":"","format":"standard","meta":{"nogoya_volanta":"","nogoya_breaking":false,"nogoya_exclusive":false,"footnotes":""},"categories":[19,4,3],"tags":[],"class_list":["post-41971","post","type-post","status-publish","format-standard","has-post-thumbnail","hentry","category-economia","category-nacionales","category-noticias"],"yoast_head":"<!-- This site is optimized with the Yoast SEO plugin v28.4 - https:\/\/yoast.com\/product\/yoast-seo-wordpress\/ -->\n<title>Empleadas dom\u00e9sticas: oficializaron aumentos y cu\u00e1nto cobrar\u00e1n hasta diciembre - Victoria Al D\u00eda<\/title>\n<meta name=\"robots\" content=\"index, follow, max-snippet:-1, max-image-preview:large, max-video-preview:-1\" \/>\n<link rel=\"canonical\" href=\"https:\/\/victoriaaldia.com\/?p=41971\" \/>\n<meta property=\"og:locale\" content=\"es_ES\" \/>\n<meta property=\"og:type\" content=\"article\" \/>\n<meta property=\"og:title\" content=\"Empleadas dom\u00e9sticas: oficializaron aumentos y cu\u00e1nto cobrar\u00e1n hasta diciembre - Victoria Al D\u00eda\" \/>\n<meta property=\"og:description\" content=\"La medida rige en todo el pa\u00eds El Gobierno oficializ\u00f3 nuevas escalas para empleadas dom\u00e9sticas, con subas mensuales hasta diciembre.&hellip;\" \/>\n<meta property=\"og:url\" content=\"https:\/\/victoriaaldia.com\/?p=41971\" \/>\n<meta property=\"og:site_name\" content=\"Victoria Al D\u00eda\" \/>\n<meta property=\"article:published_time\" content=\"2026-09-03T11:32:50+00:00\" \/>\n<meta property=\"og:image\" content=\"http:\/\/victoriaaldia.com\/wp-content\/uploads\/2026\/09\/Captura-de-pantalla-2026-09-03-083132.png\" \/>\n\t<meta property=\"og:image:width\" content=\"764\" \/>\n\t<meta property=\"og:image:height\" content=\"508\" \/>\n\t<meta property=\"og:image:type\" content=\"image\/png\" \/>\n<meta name=\"author\" content=\"Victoria Al D\u00eda\" \/>\n<meta name=\"twitter:card\" content=\"summary_large_image\" \/>\n<meta name=\"twitter:label1\" content=\"Escrito por\" \/>\n\t<meta name=\"twitter:data1\" content=\"\" \/>\n\t<meta name=\"twitter:label2\" content=\"Tiempo de lectura\" \/>\n\t<meta name=\"twitter:data2\" content=\"5 minutos\" \/>\n<script type=\"application\/ld+json\" class=\"yoast-schema-graph\">{\"@context\":\"https:\\\/\\\/schema.org\",\"@graph\":[{\"@type\":\"Article\",\"@id\":\"https:\\\/\\\/victoriaaldia.com\\\/?p=41971#article\",\"isPartOf\":{\"@id\":\"https:\\\/\\\/victoriaaldia.com\\\/?p=41971\"},\"author\":{\"name\":\"Victoria Al D\u00eda\",\"@id\":\"https:\\\/\\\/victoriaaldia.com\\\/#\\\/schema\\\/person\\\/2314e106bcb401e92ff95595d5c292ef\"},\"headline\":\"Empleadas dom\u00e9sticas: oficializaron aumentos y cu\u00e1nto cobrar\u00e1n hasta diciembre\",\"datePublished\":\"2026-09-03T11:32:50+00:00\",\"mainEntityOfPage\":{\"@id\":\"https:\\\/\\\/victoriaaldia.com\\\/?p=41971\"},\"wordCount\":843,\"publisher\":{\"@id\":\"https:\\\/\\\/victoriaaldia.com\\\/#organization\"},\"image\":{\"@id\":\"https:\\\/\\\/victoriaaldia.com\\\/?p=41971#primaryimage\"},\"thumbnailUrl\":\"https:\\\/\\\/victoriaaldia.com\\\/wp-content\\\/uploads\\\/2026\\\/09\\\/Captura-de-pantalla-2026-09-03-083132.png\",\"articleSection\":[\"Econom\u00eda\",\"Nacionales\",\"Noticias\"],\"inLanguage\":\"es-AR\"},{\"@type\":\"WebPage\",\"@id\":\"https:\\\/\\\/victoriaaldia.com\\\/?p=41971\",\"url\":\"https:\\\/\\\/victoriaaldia.com\\\/?p=41971\",\"name\":\"Empleadas dom\u00e9sticas: oficializaron aumentos y cu\u00e1nto cobrar\u00e1n hasta diciembre - Victoria Al D\u00eda\",\"isPartOf\":{\"@id\":\"https:\\\/\\\/victoriaaldia.com\\\/#website\"},\"primaryImageOfPage\":{\"@id\":\"https:\\\/\\\/victoriaaldia.com\\\/?p=41971#primaryimage\"},\"image\":{\"@id\":\"https:\\\/\\\/victoriaaldia.com\\\/?p=41971#primaryimage\"},\"thumbnailUrl\":\"https:\\\/\\\/victoriaaldia.com\\\/wp-content\\\/uploads\\\/2026\\\/09\\\/Captura-de-pantalla-2026-09-03-083132.png\",\"datePublished\":\"2026-09-03T11:32:50+00:00\",\"breadcrumb\":{\"@id\":\"https:\\\/\\\/victoriaaldia.com\\\/?p=41971#breadcrumb\"},\"inLanguage\":\"es-AR\",\"potentialAction\":[{\"@type\":\"ReadAction\",\"target\":[\"https:\\\/\\\/victoriaaldia.com\\\/?p=41971\"]}]},{\"@type\":\"ImageObject\",\"inLanguage\":\"es-AR\",\"@id\":\"https:\\\/\\\/victoriaaldia.com\\\/?p=41971#primaryimage\",\"url\":\"https:\\\/\\\/victoriaaldia.com\\\/wp-content\\\/uploads\\\/2026\\\/09\\\/Captura-de-pantalla-2026-09-03-083132.png\",\"contentUrl\":\"https:\\\/\\\/victoriaaldia.com\\\/wp-content\\\/uploads\\\/2026\\\/09\\\/Captura-de-pantalla-2026-09-03-083132.png\",\"width\":764,\"height\":508},{\"@type\":\"BreadcrumbList\",\"@id\":\"https:\\\/\\\/victoriaaldia.com\\\/?p=41971#breadcrumb\",\"itemListElement\":[{\"@type\":\"ListItem\",\"position\":1,\"name\":\"Inicio\",\"item\":\"https:\\\/\\\/victoriaaldia.com\\\/\"},{\"@type\":\"ListItem\",\"position\":2,\"name\":\"Empleadas dom\u00e9sticas: oficializaron aumentos y cu\u00e1nto cobrar\u00e1n hasta diciembre\"}]},{\"@type\":\"WebSite\",\"@id\":\"https:\\\/\\\/victoriaaldia.com\\\/#website\",\"url\":\"https:\\\/\\\/victoriaaldia.com\\\/\",\"name\":\"Victoria Al D\u00eda\",\"description\":\"Diario Digital\",\"publisher\":{\"@id\":\"https:\\\/\\\/victoriaaldia.com\\\/#organization\"},\"potentialAction\":[{\"@type\":\"SearchAction\",\"target\":{\"@type\":\"EntryPoint\",\"urlTemplate\":\"https:\\\/\\\/victoriaaldia.com\\\/?s={search_term_string}\"},\"query-input\":{\"@type\":\"PropertyValueSpecification\",\"valueRequired\":true,\"valueName\":\"search_term_string\"}}],\"inLanguage\":\"es-AR\"},{\"@type\":\"Organization\",\"@id\":\"https:\\\/\\\/victoriaaldia.com\\\/#organization\",\"name\":\"Victoria Al D\u00eda\",\"url\":\"https:\\\/\\\/victoriaaldia.com\\\/\",\"logo\":{\"@type\":\"ImageObject\",\"inLanguage\":\"es-AR\",\"@id\":\"https:\\\/\\\/victoriaaldia.com\\\/#\\\/schema\\\/logo\\\/image\\\/\",\"url\":\"https:\\\/\\\/victoriaaldia.com\\\/wp-content\\\/uploads\\\/2023\\\/11\\\/logo.png\",\"contentUrl\":\"https:\\\/\\\/victoriaaldia.com\\\/wp-content\\\/uploads\\\/2023\\\/11\\\/logo.png\",\"width\":394,\"height\":128,\"caption\":\"Victoria Al D\u00eda\"},\"image\":{\"@id\":\"https:\\\/\\\/victoriaaldia.com\\\/#\\\/schema\\\/logo\\\/image\\\/\"}},{\"@type\":\"Person\",\"@id\":\"https:\\\/\\\/victoriaaldia.com\\\/#\\\/schema\\\/person\\\/2314e106bcb401e92ff95595d5c292ef\",\"name\":\"Victoria Al D\u00eda\",\"url\":\"https:\\\/\\\/victoriaaldia.com\\\/?author=3\"}]}<\/script>\n<!-- \/ Yoast SEO plugin. -->","yoast_head_json":{"title":"Empleadas dom\u00e9sticas: oficializaron aumentos y cu\u00e1nto cobrar\u00e1n hasta diciembre - Victoria Al D\u00eda","robots":{"index":"index","follow":"follow","max-snippet":"max-snippet:-1","max-image-preview":"max-image-preview:large","max-video-preview":"max-video-preview:-1"},"canonical":"https:\/\/victoriaaldia.com\/?p=41971","og_locale":"es_ES","og_type":"article","og_title":"Empleadas dom\u00e9sticas: oficializaron aumentos y cu\u00e1nto cobrar\u00e1n hasta diciembre - Victoria Al D\u00eda","og_description":"La medida rige en todo el pa\u00eds El Gobierno oficializ\u00f3 nuevas escalas para empleadas dom\u00e9sticas, con subas mensuales hasta diciembre.&hellip;","og_url":"https:\/\/victoriaaldia.com\/?p=41971","og_site_name":"Victoria Al D\u00eda","article_published_time":"2026-09-03T11:32:50+00:00","og_image":[{"width":764,"height":508,"url":"http:\/\/victoriaaldia.com\/wp-content\/uploads\/2026\/09\/Captura-de-pantalla-2026-09-03-083132.png","type":"image\/png"}],"author":"Victoria Al D\u00eda","twitter_card":"summary_large_image","twitter_misc":{"Escrito por":"","Tiempo de lectura":"5 minutos"},"schema":{"@context":"https:\/\/schema.org","@graph":[{"@type":"Article","@id":"https:\/\/victoriaaldia.com\/?p=41971#article","isPartOf":{"@id":"https:\/\/victoriaaldia.com\/?p=41971"},"author":{"name":"Victoria Al D\u00eda","@id":"https:\/\/victoriaaldia.com\/#\/schema\/person\/2314e106bcb401e92ff95595d5c292ef"},"headline":"Empleadas dom\u00e9sticas: oficializaron aumentos y cu\u00e1nto cobrar\u00e1n hasta diciembre","datePublished":"2026-09-03T11:32:50+00:00","mainEntityOfPage":{"@id":"https:\/\/victoriaaldia.com\/?p=41971"},"wordCount":843,"publisher":{"@id":"https:\/\/victoriaaldia.com\/#organization"},"image":{"@id":"https:\/\/victoriaaldia.com\/?p=41971#primaryimage"},"thumbnailUrl":"https:\/\/victoriaaldia.com\/wp-content\/uploads\/2026\/09\/Captura-de-pantalla-2026-09-03-083132.png","articleSection":["Econom\u00eda","Nacionales","Noticias"],"inLanguage":"es-AR"},{"@type":"WebPage","@id":"https:\/\/victoriaaldia.com\/?p=41971","url":"https:\/\/victoriaaldia.com\/?p=41971","name":"Empleadas dom\u00e9sticas: oficializaron aumentos y cu\u00e1nto cobrar\u00e1n hasta diciembre - Victoria Al D\u00eda","isPartOf":{"@id":"https:\/\/victoriaaldia.com\/#website"},"primaryImageOfPage":{"@id":"https:\/\/victoriaaldia.com\/?p=41971#primaryimage"},"image":{"@id":"https:\/\/victoriaaldia.com\/?p=41971#primaryimage"},"thumbnailUrl":"https:\/\/victoriaaldia.com\/wp-content\/uploads\/2026\/09\/Captura-de-pantalla-2026-09-03-083132.png","datePublished":"2026-09-03T11:32:50+00:00","breadcrumb":{"@id":"https:\/\/victoriaaldia.com\/?p=41971#breadcrumb"},"inLanguage":"es-AR","potentialAction":[{"@type":"ReadAction","target":["https:\/\/victoriaaldia.com\/?p=41971"]}]},{"@type":"ImageObject","inLanguage":"es-AR","@id":"https:\/\/victoriaaldia.com\/?p=41971#primaryimage","url":"https:\/\/victoriaaldia.com\/wp-content\/uploads\/2026\/09\/Captura-de-pantalla-2026-09-03-083132.png","contentUrl":"https:\/\/victoriaaldia.com\/wp-content\/uploads\/2026\/09\/Captura-de-pantalla-2026-09-03-083132.png","width":764,"height":508},{"@type":"BreadcrumbList","@id":"https:\/\/victoriaaldia.com\/?p=41971#breadcrumb","itemListElement":[{"@type":"ListItem","position":1,"name":"Inicio","item":"https:\/\/victoriaaldia.com\/"},{"@type":"ListItem","position":2,"name":"Empleadas dom\u00e9sticas: oficializaron aumentos y cu\u00e1nto cobrar\u00e1n hasta diciembre"}]},{"@type":"WebSite","@id":"https:\/\/victoriaaldia.com\/#website","url":"https:\/\/victoriaaldia.com\/","name":"Victoria Al D\u00eda","description":"Diario Digital","publisher":{"@id":"https:\/\/victoriaaldia.com\/#organization"},"potentialAction":[{"@type":"SearchAction","target":{"@type":"EntryPoint","urlTemplate":"https:\/\/victoriaaldia.com\/?s={search_term_string}"},"query-input":{"@type":"PropertyValueSpecification","valueRequired":true,"valueName":"search_term_string"}}],"inLanguage":"es-AR"},{"@type":"Organization","@id":"https:\/\/victoriaaldia.com\/#organization","name":"Victoria Al D\u00eda","url":"https:\/\/victoriaaldia.com\/","logo":{"@type":"ImageObject","inLanguage":"es-AR","@id":"https:\/\/victoriaaldia.com\/#\/schema\/logo\/image\/","url":"https:\/\/victoriaaldia.com\/wp-content\/uploads\/2023\/11\/logo.png","contentUrl":"https:\/\/victoriaaldia.com\/wp-content\/uploads\/2023\/11\/logo.png","width":394,"height":128,"caption":"Victoria Al D\u00eda"},"image":{"@id":"https:\/\/victoriaaldia.com\/#\/schema\/logo\/image\/"}},{"@type":"Person","@id":"https:\/\/victoriaaldia.com\/#\/schema\/person\/2314e106bcb401e92ff95595d5c292ef","name":"Victoria Al D\u00eda","url":"https:\/\/victoriaaldia.com\/?author=3"}]}},"_links":{"self":[{"href":"https:\/\/victoriaaldia.com\/index.php?rest_route=\/wp\/v2\/posts\/41971","targetHints":{"allow":["GET"]}}],"collection":[{"href":"https:\/\/victoriaaldia.com\/index.php?rest_route=\/wp\/v2\/posts"}],"about":[{"href":"https:\/\/victoriaaldia.com\/index.php?rest_route=\/wp\/v2\/types\/post"}],"author":[{"embeddable":true,"href":"https:\/\/victoriaaldia.com\/index.php?rest_route=\/wp\/v2\/users\/3"}],"replies":[{"embeddable":true,"href":"https:\/\/victoriaaldia.com\/index.php?rest_route=%2Fwp%2Fv2%2Fcomments&post=41971"}],"version-history":[{"count":1,"href":"https:\/\/victoriaaldia.com\/index.php?rest_route=\/wp\/v2\/posts\/41971\/revisions"}],"predecessor-version":[{"id":41973,"href":"https:\/\/victoriaaldia.com\/index.php?rest_route=\/wp\/v2\/posts\/41971\/revisions\/41973"}],"wp:featuredmedia":[{"embeddable":true,"href":"https:\/\/victoriaaldia.com\/index.php?rest_route=\/wp\/v2\/media\/41972"}],"wp:attachment":[{"href":"https:\/\/victoriaaldia.com\/index.php?rest_route=%2Fwp%2Fv2%2Fmedia&parent=41971"}],"wp:term":[{"taxonomy":"category","embeddable":true,"href":"https:\/\/victoriaaldia.com\/index.php?rest_route=%2Fwp%2Fv2%2Fcategories&post=41971"},{"taxonomy":"post_tag","embeddable":true,"href":"https:\/\/victoriaaldia.com\/index.php?rest_route=%2Fwp%2Fv2%2Ftags&post=41971"}],"curies":[{"name":"wp","href":"https:\/\/api.w.org\/{rel}","templated":true}]}}