{"id":41977,"date":"2026-09-03T19:55:42","date_gmt":"2026-09-03T22:55:42","guid":{"rendered":"https:\/\/victoriaaldia.com\/?p=41977"},"modified":"2026-09-03T19:55:42","modified_gmt":"2026-09-03T22:55:42","slug":"la-corte-suprema-dejo-firme-la-condena-a-ocho-anos-de-prision-contra-el-exgobernador-sergio-urribarri","status":"publish","type":"post","link":"https:\/\/victoriaaldia.com\/?p=41977","title":{"rendered":"La Corte Suprema dej\u00f3 firme la condena a ocho a\u00f1os de prisi\u00f3n contra el exgobernador Sergio Urribarri"},"content":{"rendered":"<h2>Rechazaron el recurso extraordinario<\/h2>\n<header class=\"cl-24 header-interior interior-top-1\">La sentencia contra el ex gobernador de Entre R\u00edos, por los delitos de peculado y negociaciones incompatibles con la funci\u00f3n p\u00fablica, incluye la inhabilitaci\u00f3n perpetua para ejercer cargos p\u00fablicos. Los detalles.<\/header>\n<header>La Corte Suprema de Justicia de la Naci\u00f3n dej\u00f3 firme la condena a ocho a\u00f1os de prisi\u00f3n contra el ex gobernador de Entre R\u00edos Sergio Urribarri por los delitos de peculado y negociaciones incompatibles con la funci\u00f3n p\u00fablica, en una causa por el direccionamiento de contrataciones de publicidad oficial.<\/p>\n<p>&nbsp;<\/p>\n<p>Los jueces Horacio Rosatti, Carlos Rosenkrantz y Ricardo Lorenzetti rechazaron por inadmisible el recurso extraordinario presentado por la defensa del ex mandatario provincial, con lo cual qued\u00f3 firme la sentencia que tambi\u00e9n estableci\u00f3 la inhabilitaci\u00f3n perpetua para ejercer cargos p\u00fablicos.<\/p>\n<figure class=\"embed\"><img loading=\"lazy\" decoding=\"async\" src=\"https:\/\/elonce-media.elonce.com\/fotos\/2025\/06\/04\/e_1749067398_73062.webp\" alt=\"\" width=\"600\" height=\"400\" \/><\/figure>\n<p>Urribarri hab\u00eda sido condenado el 7 de abril de 2022 por el Tribunal de Juicios y Apelaciones de Paran\u00e1, que le impuso ocho a\u00f1os de prisi\u00f3n por peculado y negociaciones incompatibles con la funci\u00f3n p\u00fablica. En ese proceso tambi\u00e9n fueron condenados el ex ministro de Cultura y Comunicaci\u00f3n entrerriano Pedro B\u00e1ez y Juan Pablo Aguilera, cu\u00f1ado del ex gobernador, ambos a seis a\u00f1os de prisi\u00f3n.<\/p>\n<p>&nbsp;<\/p>\n<h3>La acusaci\u00f3n<\/h3>\n<p>&nbsp;<\/p>\n<p>Seg\u00fan la investigaci\u00f3n, Urribarri direccion\u00f3 contrataciones de publicidad del Estado provincial para fines particulares y en las maniobras result\u00f3 favorecido Aguilera, se\u00f1alado como responsable de un esquema de testaferros y cartelizaci\u00f3n destinado a captar fondos de la pauta oficial en v\u00eda p\u00fablica.<\/p>\n<figure class=\"embed\"><img loading=\"lazy\" decoding=\"async\" src=\"https:\/\/elonce-media.elonce.com\/fotos\/2025\/01\/08\/e_1736347064_16405.webp\" alt=\"\" width=\"600\" height=\"400\" \/><\/figure>\n<p>La acusaci\u00f3n comprendi\u00f3 cinco hechos principales, entre ellos el otorgamiento de pauta estatal a la empresa Global Means antes de que tuviera existencia efectiva; el manejo durante cinco a\u00f1os del negocio de carteler\u00eda oficial a trav\u00e9s de las firmas Tep SRL y Next SRL; y la denominada megacausa del \u201cSue\u00f1o Entrerriano\u201d.<\/p>\n<p>&nbsp;<\/p>\n<p>Tambi\u00e9n se investigaron la instalaci\u00f3n de un parador en Mar del Plata, que tuvo un costo de $14 millones de entonces, y el pago a la productora Nelly Entertainment para la difusi\u00f3n de tres spots vinculados formalmente con la Cumbre del Mercosur realizada en Paran\u00e1 en 2014.<\/p>\n<p>&nbsp;<\/p>\n<h3>Fallo confirmado<\/h3>\n<p>&nbsp;<\/p>\n<p>El fallo de primera instancia hab\u00eda sido confirmado en 2023 por el Tribunal de Casaci\u00f3n de Entre R\u00edos y posteriormente el Superior Tribunal de Justicia provincial rechaz\u00f3 los recursos de las defensas, que acudieron entonces ante el m\u00e1ximo tribunal nacional, public\u00f3 NA.<\/p>\n<figure class=\"embed\"><img loading=\"lazy\" decoding=\"async\" src=\"https:\/\/elonce-media.elonce.com\/fotos\/2024\/11\/20\/e_1732127285_14885.webp\" alt=\"\" width=\"600\" height=\"400\" \/><\/figure>\n<p>Urribarri estuvo detenido durante 50 d\u00edas luego de que en noviembre de 2024 la Casaci\u00f3n provincial ordenara su prisi\u00f3n preventiva ante el riesgo de fuga. Esa medida fue revocada en enero de 2025 por la Sala de feria del Superior Tribunal de Justicia entrerriano.<\/p>\n<p>&nbsp;<\/p>\n<p>El dirigente peronista gobern\u00f3 Entre R\u00edos entre 2007 y 2015, fue posteriormente legislador provincial y en 2020 asumi\u00f3 como embajador argentino en Israel, cargo al que renunci\u00f3 en 2022 tras conocerse la condena. Fuente: El Once<\/p>\n<p><a href=\"https:\/\/victoriaaldia.com\/?attachment_id=9273\" rel=\"attachment wp-att-9273\"><img loading=\"lazy\" decoding=\"async\" class=\"aligncenter size-full wp-image-9273\" src=\"http:\/\/victoriaaldia.com\/wp-content\/uploads\/2023\/11\/el-progreso.png\" alt=\"\" width=\"720\" height=\"90\" srcset=\"https:\/\/victoriaaldia.com\/wp-content\/uploads\/2023\/11\/el-progreso.png 720w, https:\/\/victoriaaldia.com\/wp-content\/uploads\/2023\/11\/el-progreso-300x38.png 300w\" sizes=\"auto, (max-width: 720px) 100vw, 720px\" \/><\/a><\/p>\n<\/header>\n","protected":false},"excerpt":{"rendered":"<p>Rechazaron el recurso extraordinario La sentencia contra el ex gobernador de Entre R\u00edos, por los delitos de peculado y negociaciones&hellip;<\/p>\n","protected":false},"author":3,"featured_media":41978,"comment_status":"closed","ping_status":"closed","sticky":false,"template":"","format":"standard","meta":{"nogoya_volanta":"","nogoya_breaking":false,"nogoya_exclusive":false,"footnotes":""},"categories":[3,5,21],"tags":[],"class_list":["post-41977","post","type-post","status-publish","format-standard","has-post-thumbnail","hentry","category-noticias","category-politica","category-provinciales"],"yoast_head":"<!-- This site is optimized with the Yoast SEO plugin v28.4 - https:\/\/yoast.com\/product\/yoast-seo-wordpress\/ -->\n<title>La Corte Suprema dej\u00f3 firme la condena a ocho a\u00f1os de prisi\u00f3n contra el exgobernador Sergio Urribarri - Victoria Al D\u00eda<\/title>\n<meta name=\"robots\" content=\"index, follow, max-snippet:-1, max-image-preview:large, max-video-preview:-1\" \/>\n<link rel=\"canonical\" href=\"https:\/\/victoriaaldia.com\/?p=41977\" \/>\n<meta property=\"og:locale\" content=\"es_ES\" \/>\n<meta property=\"og:type\" content=\"article\" \/>\n<meta property=\"og:title\" content=\"La Corte Suprema dej\u00f3 firme la condena a ocho a\u00f1os de prisi\u00f3n contra el exgobernador Sergio Urribarri - Victoria Al D\u00eda\" \/>\n<meta property=\"og:description\" content=\"Rechazaron el recurso extraordinario La sentencia contra el ex gobernador de Entre R\u00edos, por los delitos de peculado y negociaciones&hellip;\" \/>\n<meta property=\"og:url\" content=\"https:\/\/victoriaaldia.com\/?p=41977\" \/>\n<meta property=\"og:site_name\" content=\"Victoria Al D\u00eda\" \/>\n<meta property=\"article:published_time\" content=\"2026-09-03T22:55:42+00:00\" \/>\n<meta property=\"og:image\" content=\"http:\/\/victoriaaldia.com\/wp-content\/uploads\/2026\/09\/Captura-de-pantalla-2026-09-03-195429.png\" \/>\n\t<meta property=\"og:image:width\" content=\"762\" \/>\n\t<meta property=\"og:image:height\" content=\"509\" \/>\n\t<meta property=\"og:image:type\" content=\"image\/png\" \/>\n<meta name=\"author\" content=\"Victoria Al D\u00eda\" \/>\n<meta name=\"twitter:card\" content=\"summary_large_image\" \/>\n<meta name=\"twitter:label1\" content=\"Escrito por\" \/>\n\t<meta name=\"twitter:data1\" content=\"\" \/>\n\t<meta name=\"twitter:label2\" content=\"Tiempo de lectura\" \/>\n\t<meta name=\"twitter:data2\" content=\"4 minutos\" \/>\n<script type=\"application\/ld+json\" class=\"yoast-schema-graph\">{\"@context\":\"https:\\\/\\\/schema.org\",\"@graph\":[{\"@type\":\"Article\",\"@id\":\"https:\\\/\\\/victoriaaldia.com\\\/?p=41977#article\",\"isPartOf\":{\"@id\":\"https:\\\/\\\/victoriaaldia.com\\\/?p=41977\"},\"author\":{\"name\":\"Victoria Al D\u00eda\",\"@id\":\"https:\\\/\\\/victoriaaldia.com\\\/#\\\/schema\\\/person\\\/2314e106bcb401e92ff95595d5c292ef\"},\"headline\":\"La Corte Suprema dej\u00f3 firme la condena a ocho a\u00f1os de prisi\u00f3n contra el exgobernador Sergio Urribarri\",\"datePublished\":\"2026-09-03T22:55:42+00:00\",\"mainEntityOfPage\":{\"@id\":\"https:\\\/\\\/victoriaaldia.com\\\/?p=41977\"},\"wordCount\":517,\"publisher\":{\"@id\":\"https:\\\/\\\/victoriaaldia.com\\\/#organization\"},\"image\":{\"@id\":\"https:\\\/\\\/victoriaaldia.com\\\/?p=41977#primaryimage\"},\"thumbnailUrl\":\"https:\\\/\\\/victoriaaldia.com\\\/wp-content\\\/uploads\\\/2026\\\/09\\\/Captura-de-pantalla-2026-09-03-195429.png\",\"articleSection\":[\"Noticias\",\"Pol\u00edtica\",\"Provinciales\"],\"inLanguage\":\"es-AR\"},{\"@type\":\"WebPage\",\"@id\":\"https:\\\/\\\/victoriaaldia.com\\\/?p=41977\",\"url\":\"https:\\\/\\\/victoriaaldia.com\\\/?p=41977\",\"name\":\"La Corte Suprema dej\u00f3 firme la condena a ocho a\u00f1os de prisi\u00f3n contra el exgobernador Sergio Urribarri - Victoria Al D\u00eda\",\"isPartOf\":{\"@id\":\"https:\\\/\\\/victoriaaldia.com\\\/#website\"},\"primaryImageOfPage\":{\"@id\":\"https:\\\/\\\/victoriaaldia.com\\\/?p=41977#primaryimage\"},\"image\":{\"@id\":\"https:\\\/\\\/victoriaaldia.com\\\/?p=41977#primaryimage\"},\"thumbnailUrl\":\"https:\\\/\\\/victoriaaldia.com\\\/wp-content\\\/uploads\\\/2026\\\/09\\\/Captura-de-pantalla-2026-09-03-195429.png\",\"datePublished\":\"2026-09-03T22:55:42+00:00\",\"breadcrumb\":{\"@id\":\"https:\\\/\\\/victoriaaldia.com\\\/?p=41977#breadcrumb\"},\"inLanguage\":\"es-AR\",\"potentialAction\":[{\"@type\":\"ReadAction\",\"target\":[\"https:\\\/\\\/victoriaaldia.com\\\/?p=41977\"]}]},{\"@type\":\"ImageObject\",\"inLanguage\":\"es-AR\",\"@id\":\"https:\\\/\\\/victoriaaldia.com\\\/?p=41977#primaryimage\",\"url\":\"https:\\\/\\\/victoriaaldia.com\\\/wp-content\\\/uploads\\\/2026\\\/09\\\/Captura-de-pantalla-2026-09-03-195429.png\",\"contentUrl\":\"https:\\\/\\\/victoriaaldia.com\\\/wp-content\\\/uploads\\\/2026\\\/09\\\/Captura-de-pantalla-2026-09-03-195429.png\",\"width\":762,\"height\":509},{\"@type\":\"BreadcrumbList\",\"@id\":\"https:\\\/\\\/victoriaaldia.com\\\/?p=41977#breadcrumb\",\"itemListElement\":[{\"@type\":\"ListItem\",\"position\":1,\"name\":\"Inicio\",\"item\":\"https:\\\/\\\/victoriaaldia.com\\\/\"},{\"@type\":\"ListItem\",\"position\":2,\"name\":\"La Corte Suprema dej\u00f3 firme la condena a ocho a\u00f1os de prisi\u00f3n contra el exgobernador Sergio Urribarri\"}]},{\"@type\":\"WebSite\",\"@id\":\"https:\\\/\\\/victoriaaldia.com\\\/#website\",\"url\":\"https:\\\/\\\/victoriaaldia.com\\\/\",\"name\":\"Victoria Al D\u00eda\",\"description\":\"Diario Digital\",\"publisher\":{\"@id\":\"https:\\\/\\\/victoriaaldia.com\\\/#organization\"},\"potentialAction\":[{\"@type\":\"SearchAction\",\"target\":{\"@type\":\"EntryPoint\",\"urlTemplate\":\"https:\\\/\\\/victoriaaldia.com\\\/?s={search_term_string}\"},\"query-input\":{\"@type\":\"PropertyValueSpecification\",\"valueRequired\":true,\"valueName\":\"search_term_string\"}}],\"inLanguage\":\"es-AR\"},{\"@type\":\"Organization\",\"@id\":\"https:\\\/\\\/victoriaaldia.com\\\/#organization\",\"name\":\"Victoria Al D\u00eda\",\"url\":\"https:\\\/\\\/victoriaaldia.com\\\/\",\"logo\":{\"@type\":\"ImageObject\",\"inLanguage\":\"es-AR\",\"@id\":\"https:\\\/\\\/victoriaaldia.com\\\/#\\\/schema\\\/logo\\\/image\\\/\",\"url\":\"https:\\\/\\\/victoriaaldia.com\\\/wp-content\\\/uploads\\\/2023\\\/11\\\/logo.png\",\"contentUrl\":\"https:\\\/\\\/victoriaaldia.com\\\/wp-content\\\/uploads\\\/2023\\\/11\\\/logo.png\",\"width\":394,\"height\":128,\"caption\":\"Victoria Al D\u00eda\"},\"image\":{\"@id\":\"https:\\\/\\\/victoriaaldia.com\\\/#\\\/schema\\\/logo\\\/image\\\/\"}},{\"@type\":\"Person\",\"@id\":\"https:\\\/\\\/victoriaaldia.com\\\/#\\\/schema\\\/person\\\/2314e106bcb401e92ff95595d5c292ef\",\"name\":\"Victoria Al D\u00eda\",\"url\":\"https:\\\/\\\/victoriaaldia.com\\\/?author=3\"}]}<\/script>\n<!-- \/ Yoast SEO plugin. -->","yoast_head_json":{"title":"La Corte Suprema dej\u00f3 firme la condena a ocho a\u00f1os de prisi\u00f3n contra el exgobernador Sergio Urribarri - Victoria Al D\u00eda","robots":{"index":"index","follow":"follow","max-snippet":"max-snippet:-1","max-image-preview":"max-image-preview:large","max-video-preview":"max-video-preview:-1"},"canonical":"https:\/\/victoriaaldia.com\/?p=41977","og_locale":"es_ES","og_type":"article","og_title":"La Corte Suprema dej\u00f3 firme la condena a ocho a\u00f1os de prisi\u00f3n contra el exgobernador Sergio Urribarri - Victoria Al D\u00eda","og_description":"Rechazaron el recurso extraordinario La sentencia contra el ex gobernador de Entre R\u00edos, por los delitos de peculado y negociaciones&hellip;","og_url":"https:\/\/victoriaaldia.com\/?p=41977","og_site_name":"Victoria Al D\u00eda","article_published_time":"2026-09-03T22:55:42+00:00","og_image":[{"width":762,"height":509,"url":"http:\/\/victoriaaldia.com\/wp-content\/uploads\/2026\/09\/Captura-de-pantalla-2026-09-03-195429.png","type":"image\/png"}],"author":"Victoria Al D\u00eda","twitter_card":"summary_large_image","twitter_misc":{"Escrito por":"","Tiempo de lectura":"4 minutos"},"schema":{"@context":"https:\/\/schema.org","@graph":[{"@type":"Article","@id":"https:\/\/victoriaaldia.com\/?p=41977#article","isPartOf":{"@id":"https:\/\/victoriaaldia.com\/?p=41977"},"author":{"name":"Victoria Al D\u00eda","@id":"https:\/\/victoriaaldia.com\/#\/schema\/person\/2314e106bcb401e92ff95595d5c292ef"},"headline":"La Corte Suprema dej\u00f3 firme la condena a ocho a\u00f1os de prisi\u00f3n contra el exgobernador Sergio Urribarri","datePublished":"2026-09-03T22:55:42+00:00","mainEntityOfPage":{"@id":"https:\/\/victoriaaldia.com\/?p=41977"},"wordCount":517,"publisher":{"@id":"https:\/\/victoriaaldia.com\/#organization"},"image":{"@id":"https:\/\/victoriaaldia.com\/?p=41977#primaryimage"},"thumbnailUrl":"https:\/\/victoriaaldia.com\/wp-content\/uploads\/2026\/09\/Captura-de-pantalla-2026-09-03-195429.png","articleSection":["Noticias","Pol\u00edtica","Provinciales"],"inLanguage":"es-AR"},{"@type":"WebPage","@id":"https:\/\/victoriaaldia.com\/?p=41977","url":"https:\/\/victoriaaldia.com\/?p=41977","name":"La Corte Suprema dej\u00f3 firme la condena a ocho a\u00f1os de prisi\u00f3n contra el exgobernador Sergio Urribarri - Victoria Al D\u00eda","isPartOf":{"@id":"https:\/\/victoriaaldia.com\/#website"},"primaryImageOfPage":{"@id":"https:\/\/victoriaaldia.com\/?p=41977#primaryimage"},"image":{"@id":"https:\/\/victoriaaldia.com\/?p=41977#primaryimage"},"thumbnailUrl":"https:\/\/victoriaaldia.com\/wp-content\/uploads\/2026\/09\/Captura-de-pantalla-2026-09-03-195429.png","datePublished":"2026-09-03T22:55:42+00:00","breadcrumb":{"@id":"https:\/\/victoriaaldia.com\/?p=41977#breadcrumb"},"inLanguage":"es-AR","potentialAction":[{"@type":"ReadAction","target":["https:\/\/victoriaaldia.com\/?p=41977"]}]},{"@type":"ImageObject","inLanguage":"es-AR","@id":"https:\/\/victoriaaldia.com\/?p=41977#primaryimage","url":"https:\/\/victoriaaldia.com\/wp-content\/uploads\/2026\/09\/Captura-de-pantalla-2026-09-03-195429.png","contentUrl":"https:\/\/victoriaaldia.com\/wp-content\/uploads\/2026\/09\/Captura-de-pantalla-2026-09-03-195429.png","width":762,"height":509},{"@type":"BreadcrumbList","@id":"https:\/\/victoriaaldia.com\/?p=41977#breadcrumb","itemListElement":[{"@type":"ListItem","position":1,"name":"Inicio","item":"https:\/\/victoriaaldia.com\/"},{"@type":"ListItem","position":2,"name":"La Corte Suprema dej\u00f3 firme la condena a ocho a\u00f1os de prisi\u00f3n contra el exgobernador Sergio Urribarri"}]},{"@type":"WebSite","@id":"https:\/\/victoriaaldia.com\/#website","url":"https:\/\/victoriaaldia.com\/","name":"Victoria Al D\u00eda","description":"Diario Digital","publisher":{"@id":"https:\/\/victoriaaldia.com\/#organization"},"potentialAction":[{"@type":"SearchAction","target":{"@type":"EntryPoint","urlTemplate":"https:\/\/victoriaaldia.com\/?s={search_term_string}"},"query-input":{"@type":"PropertyValueSpecification","valueRequired":true,"valueName":"search_term_string"}}],"inLanguage":"es-AR"},{"@type":"Organization","@id":"https:\/\/victoriaaldia.com\/#organization","name":"Victoria Al D\u00eda","url":"https:\/\/victoriaaldia.com\/","logo":{"@type":"ImageObject","inLanguage":"es-AR","@id":"https:\/\/victoriaaldia.com\/#\/schema\/logo\/image\/","url":"https:\/\/victoriaaldia.com\/wp-content\/uploads\/2023\/11\/logo.png","contentUrl":"https:\/\/victoriaaldia.com\/wp-content\/uploads\/2023\/11\/logo.png","width":394,"height":128,"caption":"Victoria Al D\u00eda"},"image":{"@id":"https:\/\/victoriaaldia.com\/#\/schema\/logo\/image\/"}},{"@type":"Person","@id":"https:\/\/victoriaaldia.com\/#\/schema\/person\/2314e106bcb401e92ff95595d5c292ef","name":"Victoria Al D\u00eda","url":"https:\/\/victoriaaldia.com\/?author=3"}]}},"_links":{"self":[{"href":"https:\/\/victoriaaldia.com\/index.php?rest_route=\/wp\/v2\/posts\/41977","targetHints":{"allow":["GET"]}}],"collection":[{"href":"https:\/\/victoriaaldia.com\/index.php?rest_route=\/wp\/v2\/posts"}],"about":[{"href":"https:\/\/victoriaaldia.com\/index.php?rest_route=\/wp\/v2\/types\/post"}],"author":[{"embeddable":true,"href":"https:\/\/victoriaaldia.com\/index.php?rest_route=\/wp\/v2\/users\/3"}],"replies":[{"embeddable":true,"href":"https:\/\/victoriaaldia.com\/index.php?rest_route=%2Fwp%2Fv2%2Fcomments&post=41977"}],"version-history":[{"count":1,"href":"https:\/\/victoriaaldia.com\/index.php?rest_route=\/wp\/v2\/posts\/41977\/revisions"}],"predecessor-version":[{"id":41979,"href":"https:\/\/victoriaaldia.com\/index.php?rest_route=\/wp\/v2\/posts\/41977\/revisions\/41979"}],"wp:featuredmedia":[{"embeddable":true,"href":"https:\/\/victoriaaldia.com\/index.php?rest_route=\/wp\/v2\/media\/41978"}],"wp:attachment":[{"href":"https:\/\/victoriaaldia.com\/index.php?rest_route=%2Fwp%2Fv2%2Fmedia&parent=41977"}],"wp:term":[{"taxonomy":"category","embeddable":true,"href":"https:\/\/victoriaaldia.com\/index.php?rest_route=%2Fwp%2Fv2%2Fcategories&post=41977"},{"taxonomy":"post_tag","embeddable":true,"href":"https:\/\/victoriaaldia.com\/index.php?rest_route=%2Fwp%2Fv2%2Ftags&post=41977"}],"curies":[{"name":"wp","href":"https:\/\/api.w.org\/{rel}","templated":true}]}}