{"id":41983,"date":"2026-09-04T09:02:11","date_gmt":"2026-09-04T12:02:11","guid":{"rendered":"https:\/\/victoriaaldia.com\/?p=41983"},"modified":"2026-09-04T09:02:11","modified_gmt":"2026-09-04T12:02:11","slug":"pronostico-del-tiempo-en-entre-rios-vuelve-el-frio-y-anticipan-un-fin-de-semana-totalmente-invernal","status":"publish","type":"post","link":"https:\/\/victoriaaldia.com\/?p=41983","title":{"rendered":"Pron\u00f3stico del tiempo en Entre R\u00edos: vuelve el fr\u00edo y anticipan un fin de semana \u201ctotalmente invernal\u201d"},"content":{"rendered":"<h2>Aire polar y temperaturas bajo la media<\/h2>\n<p>El pron\u00f3stico del tiempo en Entre R\u00edos anticipa un brusco descenso t\u00e9rmico, con m\u00ednimas de hasta 3 grados y posibilidad de heladas. El meteor\u00f3logo Sergio Jalfin anticip\u00f3 a Elonce cu\u00e1l ser\u00e1 la jornada m\u00e1s fr\u00eda.<\/p>\n<p>El pron\u00f3stico del tiempo en Entre R\u00edos anticipa un marcado regreso del fr\u00edo durante el fin de semana, con temperaturas propias del invierno, viento del sur, abundante nubosidad y posibilidad de heladas en diferentes sectores de la provincia. El meteor\u00f3logo Sergio Jalfin adelant\u00f3 a Elonce que el domingo ser\u00e1 la jornada m\u00e1s fr\u00eda, con una m\u00ednima prevista de 3 grados y apenas 14 de m\u00e1xima.<\/p>\n<p>Luego de una tarde de jueves con registros cercanos a los 21 grados, el cambio comenzar\u00e1 a sentirse desde este viernes. \u201cPor varios d\u00edas, se viene el fr\u00edo otra vez, el invierno que quiere decir presente una vez m\u00e1s en Paran\u00e1 y la regi\u00f3n\u201d, anticip\u00f3 Jalfin durante una entrevista con el programa Moviendo el Avispero, que se emite por Elonce Radio y Stream FM 98.7.<\/p>\n<p>El especialista detall\u00f3 que para este viernes se espera una m\u00ednima de 9 grados y una m\u00e1xima de 18, con buen tiempo y bastante presencia del sol. Sin embargo, el descenso se profundizar\u00e1 durante el s\u00e1bado, cuando los registros oscilar\u00e1n entre los 7 y los 15 grados. Ser\u00e1 una jornada marcada, adem\u00e1s, por \u201cmuchos nubarrones\u201d y viento proveniente del sur.<\/p>\n<p>&nbsp;<\/p>\n<p>El domingo ser\u00e1 el d\u00eda m\u00e1s fr\u00edo del fin de semana<\/p>\n<p>El momento m\u00e1s intenso de esta irrupci\u00f3n de aire fr\u00edo llegar\u00e1 durante el domingo. Jalfin anticip\u00f3 una m\u00ednima de 3 grados y una m\u00e1xima de apenas 14, valores considerablemente bajos para los primeros d\u00edas de septiembre. \u201cDigno de un d\u00eda cualquiera del mes de julio\u201d, grafic\u00f3 el meteor\u00f3logo al describir las condiciones previstas.<\/p>\n<p>&nbsp;<\/p>\n<p>No obstante, el fr\u00edo no estar\u00e1 acompa\u00f1ado por lluvias importantes. El especialista explic\u00f3 que durante el fin de semana habr\u00e1 condiciones mayormente estables, aunque con abundante nubosidad y viento del sudeste. \u201cUn fin de semana muy fr\u00edo, el domingo m\u00e1s fr\u00edo que el s\u00e1bado, pero dentro de todo con buen tiempo, muchas nubes, eso s\u00ed, bastante nublado por momentos\u201d, explic\u00f3.<\/p>\n<p>El panorama llevar\u00e1 a desempolvar nuevamente camperas, gorros y bufandas. Jalfin lo resumi\u00f3 con una imagen cotidiana: \u201cUn domingo para pastas, torta frita, para mate porque para otra cosa se va a complicar en cuanto a actividades al aire libre; se puede, pero abrigados\u201d.<\/p>\n<p>&nbsp;<\/p>\n<p>Advierten por posibles heladas en Entre R\u00edos<\/p>\n<p>&nbsp;<\/p>\n<p>El descenso t\u00e9rmico tambi\u00e9n aumentar\u00e1 la posibilidad de heladas. Seg\u00fan explic\u00f3 el meteor\u00f3logo, el domingo ser\u00e1 la jornada con mayores probabilidades, especialmente en \u00e1reas suburbanas y rurales, donde las temperaturas suelen descender m\u00e1s que dentro de los cascos urbanos.<\/p>\n<p>&nbsp;<\/p>\n<p>\u201cHasta 3 grados s\u00ed, el domingo ser\u00eda el mayor d\u00eda donde hay chance de heladas, sobre todo en zonas suburbanas\u201d, se\u00f1al\u00f3 Jalfin. Y agreg\u00f3 que \u201centre 0 y 3 o 4 grados la chance de heladas es realmente alta\u201d, mientras que con valores superiores a los 5 grados esa posibilidad comienza a disminuir.<\/p>\n<p>&nbsp;<\/p>\n<p>El fen\u00f3meno podr\u00eda alcanzar distintos sectores entrerrianos. \u201cEs muy probable que, sobre todo en las zonas un poco m\u00e1s alejadas del casco urbano de Paran\u00e1, el domingo amanezca un poco blanco por una helada fuerte que puede caer, y en buena parte de la provincia\u201d, anticip\u00f3. Se tratar\u00eda, seg\u00fan describi\u00f3, de \u201cuna helada que viene sobre el final del invierno\u201d.<\/p>\n<p>El especialista detall\u00f3 que para este viernes se espera una m\u00ednima de 9 grados y una m\u00e1xima de 18, con buen tiempo y bastante presencia del sol. Sin embargo, el descenso se profundizar\u00e1 durante el s\u00e1bado, cuando los registros oscilar\u00e1n entre los 7 y los 15 grados. Ser\u00e1 una jornada marcada, adem\u00e1s, por \u201cmuchos nubarrones\u201d y viento proveniente del sur.<\/p>\n<p>&nbsp;<\/p>\n<p>El domingo ser\u00e1 el d\u00eda m\u00e1s fr\u00edo del fin de semana<\/p>\n<p>&nbsp;<\/p>\n<p>El momento m\u00e1s intenso de esta irrupci\u00f3n de aire fr\u00edo llegar\u00e1 durante el domingo. Jalfin anticip\u00f3 una m\u00ednima de 3 grados y una m\u00e1xima de apenas 14, valores considerablemente bajos para los primeros d\u00edas de septiembre. \u201cDigno de un d\u00eda cualquiera del mes de julio\u201d, grafic\u00f3 el meteor\u00f3logo al describir las condiciones previstas.<\/p>\n<p>&nbsp;<\/p>\n<p>No obstante, el fr\u00edo no estar\u00e1 acompa\u00f1ado por lluvias importantes. El especialista explic\u00f3 que durante el fin de semana habr\u00e1 condiciones mayormente estables, aunque con abundante nubosidad y viento del sudeste. \u201cUn fin de semana muy fr\u00edo, el domingo m\u00e1s fr\u00edo que el s\u00e1bado, pero dentro de todo con buen tiempo, muchas nubes, eso s\u00ed, bastante nublado por momentos\u201d, explic\u00f3.<\/p>\n<p>El panorama llevar\u00e1 a desempolvar nuevamente camperas, gorros y bufandas. Jalfin lo resumi\u00f3 con una imagen cotidiana: \u201cUn domingo para pastas, torta frita, para mate porque para otra cosa se va a complicar en cuanto a actividades al aire libre; se puede, pero abrigados\u201d.<\/p>\n<p>&nbsp;<\/p>\n<p>Advierten por posibles heladas en Entre R\u00edos<\/p>\n<p>&nbsp;<\/p>\n<p>El descenso t\u00e9rmico tambi\u00e9n aumentar\u00e1 la posibilidad de heladas. Seg\u00fan explic\u00f3 el meteor\u00f3logo, el domingo ser\u00e1 la jornada con mayores probabilidades, especialmente en \u00e1reas suburbanas y rurales, donde las temperaturas suelen descender m\u00e1s que dentro de los cascos urbanos.<\/p>\n<p>&nbsp;<\/p>\n<p>\u201cHasta 3 grados s\u00ed, el domingo ser\u00eda el mayor d\u00eda donde hay chance de heladas, sobre todo en zonas suburbanas\u201d, se\u00f1al\u00f3 Jalfin. Y agreg\u00f3 que \u201centre 0 y 3 o 4 grados la chance de heladas es realmente alta\u201d, mientras que con valores superiores a los 5 grados esa posibilidad comienza a disminuir.<\/p>\n<p>&nbsp;<\/p>\n<p>El fen\u00f3meno podr\u00eda alcanzar distintos sectores entrerrianos. \u201cEs muy probable que, sobre todo en las zonas un poco m\u00e1s alejadas del casco urbano de Paran\u00e1, el domingo amanezca un poco blanco por una helada fuerte que puede caer, y en buena parte de la provincia\u201d, anticip\u00f3. Se tratar\u00eda, seg\u00fan describi\u00f3, de \u201cuna helada que viene sobre el final del invierno\u201d.<\/p>\n<p>El fr\u00edo continuar\u00e1 durante el comienzo de la semana<\/p>\n<p>&nbsp;<\/p>\n<p>&nbsp;<\/p>\n<p>Las bajas temperaturas no terminar\u00e1n con el fin de semana. El lunes comenzar\u00e1 con unos 5 grados de m\u00ednima y una m\u00e1xima estimada de 15, por lo que el ambiente continuar\u00e1 siendo fr\u00edo tanto durante las primeras horas como a lo largo de la jornada.<\/p>\n<p>&nbsp;<\/p>\n<p>La recuperaci\u00f3n t\u00e9rmica ser\u00e1 paulatina. Para el martes, Jalfin estim\u00f3 una m\u00ednima cercana a los 7 grados, mientras que el mi\u00e9rcoles podr\u00eda comenzar con alrededor de 10. Con esos valores, el riesgo de heladas disminuir\u00e1 considerablemente. \u201cReci\u00e9n a partir de la mitad de la semana empieza a repuntar, pero vienen varios frentes fr\u00edos m\u00e1s por delante\u201d, advirti\u00f3.<\/p>\n<p>&nbsp;<\/p>\n<p>De esta manera, el comienzo de la primavera meteorol\u00f3gica \u2014que se inici\u00f3 el 1\u00ba de septiembre\u2014 mostrar\u00e1 caracter\u00edsticas m\u00e1s propias de pleno invierno. Jalfin anticip\u00f3 que, al menos durante la primera mitad del mes, las temperaturas permanecer\u00e1n en varios momentos por debajo de los valores promedio para esta \u00e9poca del a\u00f1o.<\/p>\n<p>Un septiembre fr\u00edo y sin grandes lluvias<\/p>\n<p>&nbsp;<\/p>\n<p>El meteor\u00f3logo se\u00f1al\u00f3 que el escenario previsto se encuentra \u201cun poco a contramano\u201d de las expectativas que pod\u00edan existir sobre un comienzo de septiembre m\u00e1s c\u00e1lido o especialmente lluvioso. Seg\u00fan indic\u00f3, el panorama de los pr\u00f3ximos d\u00edas mostrar\u00e1 justamente condiciones diferentes.<\/p>\n<p>&nbsp;<\/p>\n<p>\u201cUn septiembre no tan lluvioso y an\u00f3malamente fr\u00edo, por lo menos en esta primera quincena, porque vienen varios d\u00edas con temperaturas por debajo de la media\u201d, explic\u00f3 Jalfin. Aclar\u00f3 adem\u00e1s que \u201cno se ven en general precipitaciones para los pr\u00f3ximos siete d\u00edas\u201d, aunque podr\u00eda registrarse alguna inestabilidad puntual hacia mediados o finales de la pr\u00f3xima semana.<\/p>\n<p>&nbsp;<\/p>\n<p>En cuanto a las lluvias, sostuvo que se espera cierta \u201cnormalidad\u201d y que, por el momento, \u201cno se ven eventos de mal tiempo en el corto plazo\u201d. La principal novedad meteorol\u00f3gica estar\u00e1 vinculada con \u201cesta irrupci\u00f3n, este ingreso de aire fr\u00edo de origen polar a todo el centro y norte del pa\u00eds\u201d.<\/p>\n<p>El aire polar podr\u00eda provocar nieve en Buenos Aires<\/p>\n<p>&nbsp;<\/p>\n<p>La masa de aire fr\u00edo ser\u00e1 suficientemente intensa como para generar condiciones particulares en otros puntos del pa\u00eds. Jalfin mencion\u00f3 incluso la posibilidad de que se registren algunos copos de nieve durante la ma\u00f1ana del s\u00e1bado en Sierra de la Ventana, en la provincia de Buenos Aires.<\/p>\n<p>&nbsp;<\/p>\n<p>Para Entre R\u00edos, en cambio, el fen\u00f3meno se traducir\u00e1 principalmente en bajas temperaturas, viento y heladas. \u201cVan a tener que sacar los abrigos, ser\u00e1 un fin de semana totalmente invernal\u201d, resumi\u00f3 el meteor\u00f3logo sobre el escenario esperado para la regi\u00f3n.<\/p>\n<p>&nbsp;<\/p>\n<p>La irrupci\u00f3n no constituye un fen\u00f3meno excepcional para esta \u00e9poca. Aunque septiembre marca el comienzo de la primavera desde el punto de vista meteorol\u00f3gico, el invierno astron\u00f3mico todav\u00eda contin\u00faa. \u201cHasta el 21 de septiembre seguimos en invierno, entonces estamos dentro de la estaci\u00f3n; pueden ocurrir estos ingresos de aire fr\u00edo sobre el final\u201d, explic\u00f3.<\/p>\n<p>\u00bfSer\u00e1 la despedida definitiva del invierno?<\/p>\n<p>&nbsp;<\/p>\n<p>Jalfin aclar\u00f3, de todos modos, que un ingreso de aire polar de esta intensidad en septiembre no ocurre necesariamente todos los a\u00f1os. \u201cNo es nada demasiado raro; lo que s\u00ed es un tanto poco frecuente. No es que pasa todos los a\u00f1os, a veces ocurre y a veces no sucede\u201d, se\u00f1al\u00f3.<\/p>\n<p>&nbsp;<\/p>\n<p>El meteor\u00f3logo record\u00f3 que hubo temporadas en las cuales las temperaturas comenzaron a aumentar durante los d\u00edas cercanos a la tormenta de Santa Rosa, sobre finales de agosto, y el fr\u00edo intenso ya no volvi\u00f3 a instalarse. Este a\u00f1o, seg\u00fan los modelos que analiz\u00f3, el comportamiento ser\u00e1 diferente: \u201cParece que ac\u00e1 el invierno quiere despedirse un poquito m\u00e1s adelante\u201d.<\/p>\n<p>&nbsp;<\/p>\n<p>Y ante la posibilidad de que este sea el \u00faltimo episodio fr\u00edo significativo de la temporada, Jalfin fue contundente: \u201cNo creo, porque se ve todav\u00eda un par de frentes fr\u00edos m\u00e1s por delante, as\u00ed que queda todav\u00eda m\u00e1s fr\u00edo realmente, por lo menos hasta mitad del mes\u201d. La modificaci\u00f3n m\u00e1s sostenida llegar\u00eda reci\u00e9n \u201ca partir del 18, 20 de septiembre\u201d, cuando comenzar\u00eda a cambiar el patr\u00f3n t\u00e9rmico.<\/p>\n<p>Un fin de semana para volver a sacar los abrigos<\/p>\n<p>&nbsp;<\/p>\n<p>As\u00ed, el primer fin de semana completo de septiembre estar\u00e1 marcado por temperaturas invernales, especialmente durante las noches y las primeras horas de la ma\u00f1ana. El domingo concentrar\u00e1 la mayor atenci\u00f3n por la posibilidad de heladas y registros cercanos a los 3 grados.<\/p>\n<p>&nbsp;<\/p>\n<p>La contracara ser\u00e1 la ausencia de fen\u00f3menos meteorol\u00f3gicos severos. No se esperan lluvias importantes durante el corto plazo y las actividades al aire libre podr\u00e1n realizarse, aunque las condiciones obligar\u00e1n a reforzar el abrigo por el viento del sur y las bajas temperaturas.<\/p>\n<p>&nbsp;<\/p>\n<p>\u201cA disfrutar dentro de todo un fin de semana sin lluvias, pero gris por momentos, con viento del sur, nubarrones y muy fr\u00edo, sobre todo en las noches y tambi\u00e9n por las ma\u00f1anas\u201d, concluy\u00f3 Jalfin. El invierno, pese al avance del calendario, todav\u00eda tendr\u00e1 varios cap\u00edtulos antes de despedirse definitivamente de Entre R\u00edos. Fuente: El Once<\/p>\n<p><a href=\"https:\/\/victoriaaldia.com\/?attachment_id=9273\" rel=\"attachment wp-att-9273\"><img loading=\"lazy\" decoding=\"async\" class=\"aligncenter size-full wp-image-9273\" src=\"http:\/\/victoriaaldia.com\/wp-content\/uploads\/2023\/11\/el-progreso.png\" alt=\"\" width=\"720\" height=\"90\" srcset=\"https:\/\/victoriaaldia.com\/wp-content\/uploads\/2023\/11\/el-progreso.png 720w, https:\/\/victoriaaldia.com\/wp-content\/uploads\/2023\/11\/el-progreso-300x38.png 300w\" sizes=\"auto, (max-width: 720px) 100vw, 720px\" \/><\/a><\/p>\n","protected":false},"excerpt":{"rendered":"<p>Aire polar y temperaturas bajo la media El pron\u00f3stico del tiempo en Entre R\u00edos anticipa un brusco descenso t\u00e9rmico, con&hellip;<\/p>\n","protected":false},"author":3,"featured_media":41984,"comment_status":"closed","ping_status":"closed","sticky":false,"template":"","format":"standard","meta":{"nogoya_volanta":"","nogoya_breaking":false,"nogoya_exclusive":false,"footnotes":""},"categories":[3,21,17],"tags":[],"class_list":["post-41983","post","type-post","status-publish","format-standard","has-post-thumbnail","hentry","category-noticias","category-provinciales","category-sociedad"],"yoast_head":"<!-- This site is optimized with the Yoast SEO plugin v28.4 - https:\/\/yoast.com\/product\/yoast-seo-wordpress\/ -->\n<title>Pron\u00f3stico del tiempo en Entre R\u00edos: vuelve el fr\u00edo y anticipan un fin de semana \u201ctotalmente invernal\u201d - Victoria Al D\u00eda<\/title>\n<meta name=\"robots\" content=\"index, follow, max-snippet:-1, max-image-preview:large, max-video-preview:-1\" \/>\n<link rel=\"canonical\" href=\"https:\/\/victoriaaldia.com\/?p=41983\" \/>\n<meta property=\"og:locale\" content=\"es_ES\" \/>\n<meta property=\"og:type\" content=\"article\" \/>\n<meta property=\"og:title\" content=\"Pron\u00f3stico del tiempo en Entre R\u00edos: vuelve el fr\u00edo y anticipan un fin de semana \u201ctotalmente invernal\u201d - Victoria Al D\u00eda\" \/>\n<meta property=\"og:description\" content=\"Aire polar y temperaturas bajo la media El pron\u00f3stico del tiempo en Entre R\u00edos anticipa un brusco descenso t\u00e9rmico, con&hellip;\" \/>\n<meta property=\"og:url\" content=\"https:\/\/victoriaaldia.com\/?p=41983\" \/>\n<meta property=\"og:site_name\" content=\"Victoria Al D\u00eda\" \/>\n<meta property=\"article:published_time\" content=\"2026-09-04T12:02:11+00:00\" \/>\n<meta property=\"og:image\" content=\"http:\/\/victoriaaldia.com\/wp-content\/uploads\/2026\/09\/Screenshot_20260904_085405_Chrome.jpg\" \/>\n\t<meta property=\"og:image:width\" content=\"720\" \/>\n\t<meta property=\"og:image:height\" content=\"472\" \/>\n\t<meta property=\"og:image:type\" content=\"image\/jpeg\" \/>\n<meta name=\"author\" content=\"Victoria Al D\u00eda\" \/>\n<meta name=\"twitter:card\" content=\"summary_large_image\" \/>\n<meta name=\"twitter:label1\" content=\"Escrito por\" \/>\n\t<meta name=\"twitter:data1\" content=\"\" \/>\n\t<meta name=\"twitter:label2\" content=\"Tiempo de lectura\" \/>\n\t<meta name=\"twitter:data2\" content=\"9 minutos\" \/>\n<script type=\"application\/ld+json\" class=\"yoast-schema-graph\">{\"@context\":\"https:\\\/\\\/schema.org\",\"@graph\":[{\"@type\":\"Article\",\"@id\":\"https:\\\/\\\/victoriaaldia.com\\\/?p=41983#article\",\"isPartOf\":{\"@id\":\"https:\\\/\\\/victoriaaldia.com\\\/?p=41983\"},\"author\":{\"name\":\"Victoria Al D\u00eda\",\"@id\":\"https:\\\/\\\/victoriaaldia.com\\\/#\\\/schema\\\/person\\\/2314e106bcb401e92ff95595d5c292ef\"},\"headline\":\"Pron\u00f3stico del tiempo en Entre R\u00edos: vuelve el fr\u00edo y anticipan un fin de semana \u201ctotalmente invernal\u201d\",\"datePublished\":\"2026-09-04T12:02:11+00:00\",\"mainEntityOfPage\":{\"@id\":\"https:\\\/\\\/victoriaaldia.com\\\/?p=41983\"},\"wordCount\":1945,\"publisher\":{\"@id\":\"https:\\\/\\\/victoriaaldia.com\\\/#organization\"},\"image\":{\"@id\":\"https:\\\/\\\/victoriaaldia.com\\\/?p=41983#primaryimage\"},\"thumbnailUrl\":\"https:\\\/\\\/victoriaaldia.com\\\/wp-content\\\/uploads\\\/2026\\\/09\\\/Screenshot_20260904_085405_Chrome.jpg\",\"articleSection\":[\"Noticias\",\"Provinciales\",\"Sociedad\"],\"inLanguage\":\"es-AR\"},{\"@type\":\"WebPage\",\"@id\":\"https:\\\/\\\/victoriaaldia.com\\\/?p=41983\",\"url\":\"https:\\\/\\\/victoriaaldia.com\\\/?p=41983\",\"name\":\"Pron\u00f3stico del tiempo en Entre R\u00edos: vuelve el fr\u00edo y anticipan un fin de semana \u201ctotalmente invernal\u201d - Victoria Al D\u00eda\",\"isPartOf\":{\"@id\":\"https:\\\/\\\/victoriaaldia.com\\\/#website\"},\"primaryImageOfPage\":{\"@id\":\"https:\\\/\\\/victoriaaldia.com\\\/?p=41983#primaryimage\"},\"image\":{\"@id\":\"https:\\\/\\\/victoriaaldia.com\\\/?p=41983#primaryimage\"},\"thumbnailUrl\":\"https:\\\/\\\/victoriaaldia.com\\\/wp-content\\\/uploads\\\/2026\\\/09\\\/Screenshot_20260904_085405_Chrome.jpg\",\"datePublished\":\"2026-09-04T12:02:11+00:00\",\"breadcrumb\":{\"@id\":\"https:\\\/\\\/victoriaaldia.com\\\/?p=41983#breadcrumb\"},\"inLanguage\":\"es-AR\",\"potentialAction\":[{\"@type\":\"ReadAction\",\"target\":[\"https:\\\/\\\/victoriaaldia.com\\\/?p=41983\"]}]},{\"@type\":\"ImageObject\",\"inLanguage\":\"es-AR\",\"@id\":\"https:\\\/\\\/victoriaaldia.com\\\/?p=41983#primaryimage\",\"url\":\"https:\\\/\\\/victoriaaldia.com\\\/wp-content\\\/uploads\\\/2026\\\/09\\\/Screenshot_20260904_085405_Chrome.jpg\",\"contentUrl\":\"https:\\\/\\\/victoriaaldia.com\\\/wp-content\\\/uploads\\\/2026\\\/09\\\/Screenshot_20260904_085405_Chrome.jpg\",\"width\":720,\"height\":472},{\"@type\":\"BreadcrumbList\",\"@id\":\"https:\\\/\\\/victoriaaldia.com\\\/?p=41983#breadcrumb\",\"itemListElement\":[{\"@type\":\"ListItem\",\"position\":1,\"name\":\"Inicio\",\"item\":\"https:\\\/\\\/victoriaaldia.com\\\/\"},{\"@type\":\"ListItem\",\"position\":2,\"name\":\"Pron\u00f3stico del tiempo en Entre R\u00edos: vuelve el fr\u00edo y anticipan un fin de semana \u201ctotalmente invernal\u201d\"}]},{\"@type\":\"WebSite\",\"@id\":\"https:\\\/\\\/victoriaaldia.com\\\/#website\",\"url\":\"https:\\\/\\\/victoriaaldia.com\\\/\",\"name\":\"Victoria Al D\u00eda\",\"description\":\"Diario Digital\",\"publisher\":{\"@id\":\"https:\\\/\\\/victoriaaldia.com\\\/#organization\"},\"potentialAction\":[{\"@type\":\"SearchAction\",\"target\":{\"@type\":\"EntryPoint\",\"urlTemplate\":\"https:\\\/\\\/victoriaaldia.com\\\/?s={search_term_string}\"},\"query-input\":{\"@type\":\"PropertyValueSpecification\",\"valueRequired\":true,\"valueName\":\"search_term_string\"}}],\"inLanguage\":\"es-AR\"},{\"@type\":\"Organization\",\"@id\":\"https:\\\/\\\/victoriaaldia.com\\\/#organization\",\"name\":\"Victoria Al D\u00eda\",\"url\":\"https:\\\/\\\/victoriaaldia.com\\\/\",\"logo\":{\"@type\":\"ImageObject\",\"inLanguage\":\"es-AR\",\"@id\":\"https:\\\/\\\/victoriaaldia.com\\\/#\\\/schema\\\/logo\\\/image\\\/\",\"url\":\"https:\\\/\\\/victoriaaldia.com\\\/wp-content\\\/uploads\\\/2023\\\/11\\\/logo.png\",\"contentUrl\":\"https:\\\/\\\/victoriaaldia.com\\\/wp-content\\\/uploads\\\/2023\\\/11\\\/logo.png\",\"width\":394,\"height\":128,\"caption\":\"Victoria Al D\u00eda\"},\"image\":{\"@id\":\"https:\\\/\\\/victoriaaldia.com\\\/#\\\/schema\\\/logo\\\/image\\\/\"}},{\"@type\":\"Person\",\"@id\":\"https:\\\/\\\/victoriaaldia.com\\\/#\\\/schema\\\/person\\\/2314e106bcb401e92ff95595d5c292ef\",\"name\":\"Victoria Al D\u00eda\",\"url\":\"https:\\\/\\\/victoriaaldia.com\\\/?author=3\"}]}<\/script>\n<!-- \/ Yoast SEO plugin. -->","yoast_head_json":{"title":"Pron\u00f3stico del tiempo en Entre R\u00edos: vuelve el fr\u00edo y anticipan un fin de semana \u201ctotalmente invernal\u201d - Victoria Al D\u00eda","robots":{"index":"index","follow":"follow","max-snippet":"max-snippet:-1","max-image-preview":"max-image-preview:large","max-video-preview":"max-video-preview:-1"},"canonical":"https:\/\/victoriaaldia.com\/?p=41983","og_locale":"es_ES","og_type":"article","og_title":"Pron\u00f3stico del tiempo en Entre R\u00edos: vuelve el fr\u00edo y anticipan un fin de semana \u201ctotalmente invernal\u201d - Victoria Al D\u00eda","og_description":"Aire polar y temperaturas bajo la media El pron\u00f3stico del tiempo en Entre R\u00edos anticipa un brusco descenso t\u00e9rmico, con&hellip;","og_url":"https:\/\/victoriaaldia.com\/?p=41983","og_site_name":"Victoria Al D\u00eda","article_published_time":"2026-09-04T12:02:11+00:00","og_image":[{"width":720,"height":472,"url":"http:\/\/victoriaaldia.com\/wp-content\/uploads\/2026\/09\/Screenshot_20260904_085405_Chrome.jpg","type":"image\/jpeg"}],"author":"Victoria Al D\u00eda","twitter_card":"summary_large_image","twitter_misc":{"Escrito por":"","Tiempo de lectura":"9 minutos"},"schema":{"@context":"https:\/\/schema.org","@graph":[{"@type":"Article","@id":"https:\/\/victoriaaldia.com\/?p=41983#article","isPartOf":{"@id":"https:\/\/victoriaaldia.com\/?p=41983"},"author":{"name":"Victoria Al D\u00eda","@id":"https:\/\/victoriaaldia.com\/#\/schema\/person\/2314e106bcb401e92ff95595d5c292ef"},"headline":"Pron\u00f3stico del tiempo en Entre R\u00edos: vuelve el fr\u00edo y anticipan un fin de semana \u201ctotalmente invernal\u201d","datePublished":"2026-09-04T12:02:11+00:00","mainEntityOfPage":{"@id":"https:\/\/victoriaaldia.com\/?p=41983"},"wordCount":1945,"publisher":{"@id":"https:\/\/victoriaaldia.com\/#organization"},"image":{"@id":"https:\/\/victoriaaldia.com\/?p=41983#primaryimage"},"thumbnailUrl":"https:\/\/victoriaaldia.com\/wp-content\/uploads\/2026\/09\/Screenshot_20260904_085405_Chrome.jpg","articleSection":["Noticias","Provinciales","Sociedad"],"inLanguage":"es-AR"},{"@type":"WebPage","@id":"https:\/\/victoriaaldia.com\/?p=41983","url":"https:\/\/victoriaaldia.com\/?p=41983","name":"Pron\u00f3stico del tiempo en Entre R\u00edos: vuelve el fr\u00edo y anticipan un fin de semana \u201ctotalmente invernal\u201d - Victoria Al D\u00eda","isPartOf":{"@id":"https:\/\/victoriaaldia.com\/#website"},"primaryImageOfPage":{"@id":"https:\/\/victoriaaldia.com\/?p=41983#primaryimage"},"image":{"@id":"https:\/\/victoriaaldia.com\/?p=41983#primaryimage"},"thumbnailUrl":"https:\/\/victoriaaldia.com\/wp-content\/uploads\/2026\/09\/Screenshot_20260904_085405_Chrome.jpg","datePublished":"2026-09-04T12:02:11+00:00","breadcrumb":{"@id":"https:\/\/victoriaaldia.com\/?p=41983#breadcrumb"},"inLanguage":"es-AR","potentialAction":[{"@type":"ReadAction","target":["https:\/\/victoriaaldia.com\/?p=41983"]}]},{"@type":"ImageObject","inLanguage":"es-AR","@id":"https:\/\/victoriaaldia.com\/?p=41983#primaryimage","url":"https:\/\/victoriaaldia.com\/wp-content\/uploads\/2026\/09\/Screenshot_20260904_085405_Chrome.jpg","contentUrl":"https:\/\/victoriaaldia.com\/wp-content\/uploads\/2026\/09\/Screenshot_20260904_085405_Chrome.jpg","width":720,"height":472},{"@type":"BreadcrumbList","@id":"https:\/\/victoriaaldia.com\/?p=41983#breadcrumb","itemListElement":[{"@type":"ListItem","position":1,"name":"Inicio","item":"https:\/\/victoriaaldia.com\/"},{"@type":"ListItem","position":2,"name":"Pron\u00f3stico del tiempo en Entre R\u00edos: vuelve el fr\u00edo y anticipan un fin de semana \u201ctotalmente invernal\u201d"}]},{"@type":"WebSite","@id":"https:\/\/victoriaaldia.com\/#website","url":"https:\/\/victoriaaldia.com\/","name":"Victoria Al D\u00eda","description":"Diario Digital","publisher":{"@id":"https:\/\/victoriaaldia.com\/#organization"},"potentialAction":[{"@type":"SearchAction","target":{"@type":"EntryPoint","urlTemplate":"https:\/\/victoriaaldia.com\/?s={search_term_string}"},"query-input":{"@type":"PropertyValueSpecification","valueRequired":true,"valueName":"search_term_string"}}],"inLanguage":"es-AR"},{"@type":"Organization","@id":"https:\/\/victoriaaldia.com\/#organization","name":"Victoria Al D\u00eda","url":"https:\/\/victoriaaldia.com\/","logo":{"@type":"ImageObject","inLanguage":"es-AR","@id":"https:\/\/victoriaaldia.com\/#\/schema\/logo\/image\/","url":"https:\/\/victoriaaldia.com\/wp-content\/uploads\/2023\/11\/logo.png","contentUrl":"https:\/\/victoriaaldia.com\/wp-content\/uploads\/2023\/11\/logo.png","width":394,"height":128,"caption":"Victoria Al D\u00eda"},"image":{"@id":"https:\/\/victoriaaldia.com\/#\/schema\/logo\/image\/"}},{"@type":"Person","@id":"https:\/\/victoriaaldia.com\/#\/schema\/person\/2314e106bcb401e92ff95595d5c292ef","name":"Victoria Al D\u00eda","url":"https:\/\/victoriaaldia.com\/?author=3"}]}},"_links":{"self":[{"href":"https:\/\/victoriaaldia.com\/index.php?rest_route=\/wp\/v2\/posts\/41983","targetHints":{"allow":["GET"]}}],"collection":[{"href":"https:\/\/victoriaaldia.com\/index.php?rest_route=\/wp\/v2\/posts"}],"about":[{"href":"https:\/\/victoriaaldia.com\/index.php?rest_route=\/wp\/v2\/types\/post"}],"author":[{"embeddable":true,"href":"https:\/\/victoriaaldia.com\/index.php?rest_route=\/wp\/v2\/users\/3"}],"replies":[{"embeddable":true,"href":"https:\/\/victoriaaldia.com\/index.php?rest_route=%2Fwp%2Fv2%2Fcomments&post=41983"}],"version-history":[{"count":1,"href":"https:\/\/victoriaaldia.com\/index.php?rest_route=\/wp\/v2\/posts\/41983\/revisions"}],"predecessor-version":[{"id":41985,"href":"https:\/\/victoriaaldia.com\/index.php?rest_route=\/wp\/v2\/posts\/41983\/revisions\/41985"}],"wp:featuredmedia":[{"embeddable":true,"href":"https:\/\/victoriaaldia.com\/index.php?rest_route=\/wp\/v2\/media\/41984"}],"wp:attachment":[{"href":"https:\/\/victoriaaldia.com\/index.php?rest_route=%2Fwp%2Fv2%2Fmedia&parent=41983"}],"wp:term":[{"taxonomy":"category","embeddable":true,"href":"https:\/\/victoriaaldia.com\/index.php?rest_route=%2Fwp%2Fv2%2Fcategories&post=41983"},{"taxonomy":"post_tag","embeddable":true,"href":"https:\/\/victoriaaldia.com\/index.php?rest_route=%2Fwp%2Fv2%2Ftags&post=41983"}],"curies":[{"name":"wp","href":"https:\/\/api.w.org\/{rel}","templated":true}]}}