{"id":41986,"date":"2026-09-04T09:19:13","date_gmt":"2026-09-04T12:19:13","guid":{"rendered":"https:\/\/victoriaaldia.com\/?p=41986"},"modified":"2026-09-04T09:19:13","modified_gmt":"2026-09-04T12:19:13","slug":"milei-anuncio-sanciones-una-base-naval-y-una-ley-ante-la-explotacion-de-petroleo-en-malvinas","status":"publish","type":"post","link":"https:\/\/victoriaaldia.com\/?p=41986","title":{"rendered":"Milei anunci\u00f3 sanciones, una base naval y una ley ante la explotaci\u00f3n de petr\u00f3leo en Malvinas"},"content":{"rendered":"<h2>Cadena nacional por la cuesti\u00f3n Malvinas<\/h2>\n<p>Milei anunci\u00f3 medidas por la explotaci\u00f3n de petr\u00f3leo en Malvinas y advirti\u00f3 que existe un \u201cpeligro claro y urgente\u201d. Anticip\u00f3 sanciones contra empresas, una base naval integrada en Tierra del Fuego y el env\u00edo al Congreso de una Ley de Defensa de la Soberan\u00eda Nacional.<\/p>\n<p>El presidente Javier Milei anunci\u00f3 medidas por la explotaci\u00f3n de petr\u00f3leo en Malvinas y advirti\u00f3 que la Argentina desplegar\u00e1 herramientas diplom\u00e1ticas, econ\u00f3micas, judiciales y legales contra empresas involucradas en proyectos desarrollados sin autorizaci\u00f3n nacional. Durante una cadena nacional, anticip\u00f3 adem\u00e1s la construcci\u00f3n de una base naval integrada en Tierra del Fuego y el env\u00edo al Congreso de una Ley de Defensa de la Soberan\u00eda Nacional.<\/p>\n<p>&nbsp;<\/p>\n<p>El mandatario coloc\u00f3 en el centro de su discurso el avance de proyectos petroleros en el Atl\u00e1ntico Sur y sostuvo que existe una situaci\u00f3n que requiere una respuesta inmediata. \u201cHoy nuestra causa nacional enfrenta un peligro claro y urgente y demanda una respuesta proporcional. No lo vamos a permitir. La Argentina no se quedar\u00e1 de brazos cruzados\u201d, afirm\u00f3.<\/p>\n<p><iframe loading=\"lazy\" title=\"Las Malvinas son Argentinas | Cadena Nacional Presidente Javier Milei\" width=\"760\" height=\"428\" src=\"https:\/\/www.youtube.com\/embed\/jzTTOB0jNyQ?feature=oembed\" frameborder=\"0\" allow=\"accelerometer; autoplay; clipboard-write; encrypted-media; gyroscope; picture-in-picture; web-share\" referrerpolicy=\"strict-origin-when-cross-origin\" allowfullscreen><\/iframe><\/p>\n<p>Seg\u00fan Milei, la preocupaci\u00f3n est\u00e1 vinculada con la posibilidad de que proyectos hidrocarbur\u00edferos avancen en aguas cuya soberan\u00eda reclama Argentina. \u201cSi hoy no actuamos con firmeza y celeridad, en pocos meses tendr\u00e1n la capacidad material de apropiarse de las reservas de petr\u00f3leo que yacen bajo nuestro mar, algo que no hab\u00eda ocurrido nunca antes hasta ahora\u201d, sostuvo.<\/p>\n<p>&nbsp;<\/p>\n<p>Sanciones contra empresas vinculadas con Malvinas<\/p>\n<p>&nbsp;<\/p>\n<p>El Presidente anunci\u00f3 que firmar\u00e1 un decreto para acelerar los procedimientos sancionatorios contemplados por la Ley 26.659 contra quienes participen en iniciativas de exploraci\u00f3n o extracci\u00f3n de hidrocarburos en \u00e1reas bajo control brit\u00e1nico y reclamadas por la Argentina.<\/p>\n<p>&nbsp;<\/p>\n<p>\u201cA esta misma noche estar\u00e9 firmando un decreto para dotar de mayor celeridad a los procedimientos sancionatorios que impone la Ley 26.659 contra quienes participan de iniciativas de extracci\u00f3n de petr\u00f3leo en territorio argentino bajo ocupaci\u00f3n brit\u00e1nica\u201d, manifest\u00f3.<\/p>\n<p>El Gobierno buscar\u00e1 adem\u00e1s reforzar los sistemas para identificar empresas y actores relacionados con esos emprendimientos. \u201cFortaleceremos los mecanismos de detecci\u00f3n temprana e intercambio de informaci\u00f3n para facilitar la adopci\u00f3n de sanciones contra las empresas que lleven adelante estas actividades, as\u00ed como contra sus accionistas, directores y proveedores\u201d, adelant\u00f3 Milei.<\/p>\n<p>La advertencia del Gobierno a las compa\u00f1\u00edas<\/p>\n<p>&nbsp;<\/p>\n<p>El mandatario anticip\u00f3 que las compa\u00f1\u00edas involucradas directa o indirectamente en proyectos desarrollados en las Islas Malvinas sin autorizaci\u00f3n argentina ser\u00e1n inhabilitadas para operar en territorio nacional. El alcance anunciado tambi\u00e9n contempla a proveedores y otros participantes de las iniciativas.<\/p>\n<p>&nbsp;<\/p>\n<p>\u201cQuienes operan en nuestras islas a espaldas del gobierno argentino tendr\u00e1n que elegir entre una apuesta ilegal en un territorio disputado y una operaci\u00f3n rentable y segura en un pa\u00eds soberano con reglas claras y previsibilidad. No se pueden hacer las dos cosas\u201d, sentenci\u00f3.<\/p>\n<p>&nbsp;<\/p>\n<p>Milei indic\u00f3 que la Canciller\u00eda ya hab\u00eda enviado cerca de \u201c180 notas de desaliento a empresas y a m\u00e1s de 29 pa\u00edses involucrados en distintos proyectos en nuestras islas\u201d. Seg\u00fan explic\u00f3, esa estrategia ser\u00e1 complementada ahora con nuevas herramientas sancionatorias.<\/p>\n<p>Una base naval integrada en Tierra del Fuego<\/p>\n<p>&nbsp;<\/p>\n<p>Otro de los anuncios centrales estuvo relacionado con la pol\u00edtica de Defensa. Milei anticip\u00f3 la firma de un Decreto de Necesidad y Urgencia destinado a ampliar los recursos del Ministerio de Defensa, con dos objetivos prioritarios: avanzar en infraestructura naval y reforzar las telecomunicaciones.<\/p>\n<p>&nbsp;<\/p>\n<p>\u201cFirmaremos hoy mismo un decreto de necesidad y urgencia para ampliar los recursos del Ministerio de Defensa con el fin prioritario de construir una base naval integrada en Tierra del Fuego e incrementar nuestras capacidades en telecomunicaciones\u201d, anunci\u00f3 durante la cadena nacional.<\/p>\n<p>&nbsp;<\/p>\n<p>El Presidente otorg\u00f3 a esa obra un valor estrat\u00e9gico que excede la cuesti\u00f3n militar. \u201cEsta base nos convertir\u00e1 en el polo log\u00edstico m\u00e1s importante del Atl\u00e1ntico Sur y ser\u00e1 fundamental para la proyecci\u00f3n geopol\u00edtica de la Argentina\u201d, afirm\u00f3.<\/p>\n<p>&nbsp;<\/p>\n<p>Una Ley de Defensa de la Soberan\u00eda Nacional<\/p>\n<p>&nbsp;<\/p>\n<p>El paquete de medidas incluir\u00e1 adem\u00e1s una iniciativa que deber\u00e1 ser debatida por el Congreso. Milei inform\u00f3 que enviar\u00e1 \u201ccon car\u00e1cter urgente\u201d un proyecto denominado Ley de Defensa de la Soberan\u00eda Nacional, con el objetivo de ampliar las herramientas disponibles frente a actividades que el Estado argentino considera realizadas sin autorizaci\u00f3n.<\/p>\n<p>Seg\u00fan anticip\u00f3, uno de sus puntos ser\u00e1 la modificaci\u00f3n de la Ley 26.659 para endurecer sanciones y penas contra compa\u00f1\u00edas relacionadas con operaciones no autorizadas. El Presidente adelant\u00f3 tambi\u00e9n que las consecuencias legales alcanzar\u00e1n a quienes presten servicios a esos emprendimientos.<\/p>\n<p>&nbsp;<\/p>\n<p>\u201cLos proveedores de estos proyectos recibir\u00e1n las mismas penas y prohibiciones que las empresas con las que colaboran\u201d, sostuvo. De esta forma, el Gobierno pretende extender el r\u00e9gimen sancionatorio a diferentes eslabones de las operaciones vinculadas con la explotaci\u00f3n de recursos naturales en el \u00e1rea en disputa.<\/p>\n<p>&nbsp;<\/p>\n<p>Milei ratific\u00f3 el reclamo argentino de soberan\u00eda<\/p>\n<p>&nbsp;<\/p>\n<p>Antes de presentar las medidas, Milei repas\u00f3 los fundamentos hist\u00f3ricos y constitucionales del reclamo argentino. Record\u00f3 la ocupaci\u00f3n brit\u00e1nica de 1833 y sostuvo que desde entonces el pa\u00eds mantuvo de manera permanente su posici\u00f3n sobre las islas.<\/p>\n<p>&nbsp;<\/p>\n<p>El mandatario cit\u00f3 la primera disposici\u00f3n transitoria de la Constituci\u00f3n Nacional, que ratifica la \u201cleg\u00edtima e imprescriptible soberan\u00eda\u201d sobre las Islas Malvinas, Georgias del Sur, Sandwich del Sur y los espacios mar\u00edtimos e insulares correspondientes. Tambi\u00e9n record\u00f3 que la recuperaci\u00f3n y el ejercicio pleno de la soberan\u00eda constituyen un objetivo permanente, respetando el modo de vida de los habitantes y los principios del Derecho Internacional.<\/p>\n<p>&nbsp;<\/p>\n<p>\u201cLa causa Malvinas no pertenece a un gobierno ni a un partido pol\u00edtico, es una causa nacional\u201d, enfatiz\u00f3. Asimismo, se\u00f1al\u00f3 que Naciones Unidas reconoce una disputa de soberan\u00eda entre Argentina y Reino Unido y ha llamado a ambos pa\u00edses a encontrar una soluci\u00f3n mediante negociaciones pac\u00edficas.<\/p>\n<p>El Gobierno destac\u00f3 apoyos internacionales<\/p>\n<p>&nbsp;<\/p>\n<p>Milei vincul\u00f3 su estrategia sobre Malvinas con el reposicionamiento internacional que atribuy\u00f3 a su administraci\u00f3n. Asegur\u00f3 que durante los \u00faltimos tres a\u00f1os Argentina consigui\u00f3 \u201c18 resoluciones y declaraciones de organismos y foros internacionales en apoyo a nuestro reclamo\u201d y present\u00f3 \u201cm\u00e1s de 60 propuestas formales frente a acciones unilaterales del Reino Unido\u201d.<\/p>\n<p>&nbsp;<\/p>\n<p>En ese tramo introdujo uno de los elementos pol\u00edticos m\u00e1s fuertes de su exposici\u00f3n: la posici\u00f3n del presidente de Estados Unidos, Donald Trump. \u201cEn el mundo corren vientos de cambio favorables a nuestro reclamo. Recientemente, el presidente Trump declar\u00f3 que los Estados Unidos est\u00e1n reevaluando su posici\u00f3n hist\u00f3rica con relaci\u00f3n a Malvinas\u201d, expres\u00f3.<\/p>\n<p>&nbsp;<\/p>\n<p>Milei interpret\u00f3 esa situaci\u00f3n como consecuencia de la relaci\u00f3n construida con Washington. \u201cLos Estados Unidos eval\u00faan ese cambio de posici\u00f3n porque saben que la Argentina tiene un socio confiable, alineado con los valores occidentales, en una posici\u00f3n de relevancia estrat\u00e9gica que puede ser un aliado valioso en las d\u00e9cadas por venir\u201d, sostuvo.<\/p>\n<p>&nbsp;<\/p>\n<p>La mirada de Milei sobre el escenario geopol\u00edtico<\/p>\n<p>&nbsp;<\/p>\n<p>Para el Presidente, ese escenario represent\u00f3 \u201cun hecho in\u00e9dito\u201d y una muestra del cambio en el peso internacional de Argentina. Durante el discurso destac\u00f3 los recursos naturales y la ubicaci\u00f3n geogr\u00e1fica como activos centrales para las pr\u00f3ximas d\u00e9cadas.<\/p>\n<p>&nbsp;<\/p>\n<p>\u201cArgentina, en t\u00e9rminos din\u00e1micos, es un pa\u00eds con recursos naturales, en una posici\u00f3n de importancia estrat\u00e9gica a nivel geogr\u00e1fico\u201d, se\u00f1al\u00f3. A esa evaluaci\u00f3n agreg\u00f3 consideraciones sobre los problemas migratorios y de seguridad que, seg\u00fan su interpretaci\u00f3n, atraviesan distintos pa\u00edses europeos.<\/p>\n<p>En contraposici\u00f3n, Milei traz\u00f3 un diagn\u00f3stico cr\u00edtico sobre el Reino Unido. \u201cSi evaluamos las condiciones estructurales del Reino Unido, en cambio, ellos se enfrentan m\u00faltiples crisis de car\u00e1cter migratorio, demogr\u00e1fico y econ\u00f3mico que dif\u00edcilmente tengan soluci\u00f3n. Es claro que ellos recorren un camino de declive\u201d, afirm\u00f3.<\/p>\n<p>&nbsp;<\/p>\n<p>\u201cLa Argentina no se quedar\u00e1 de brazos cruzados\u201d<\/p>\n<p>&nbsp;<\/p>\n<p>El mensaje presidencial combin\u00f3 as\u00ed la reivindicaci\u00f3n hist\u00f3rica de la soberan\u00eda con anuncios destinados a responder al avance de proyectos econ\u00f3micos en las islas. Para Milei, permitir la explotaci\u00f3n sin reaccionar generar\u00eda \u201cun incentivo para que el gobierno brit\u00e1nico profundice la ocupaci\u00f3n de las islas y la explotaci\u00f3n de nuestros recursos\u201d.<\/p>\n<p>&nbsp;<\/p>\n<p>Tambi\u00e9n advirti\u00f3 que la preocupaci\u00f3n no se limita a un solo emprendimiento. \u201cLion es solo uno de los proyectos que est\u00e1n pasando en nuestras islas, existen otros proyectos y otras empresas que tambi\u00e9n representan una amenaza para los intereses estrat\u00e9gicos de la Argentina\u201d, se\u00f1al\u00f3.<\/p>\n<p>&nbsp;<\/p>\n<p>La definici\u00f3n que atraves\u00f3 la cadena nacional fue la decisi\u00f3n de incrementar la presi\u00f3n sobre esos actores. \u201cVamos a desplegar todas las herramientas del Estado, diplom\u00e1ticas, econ\u00f3micas, judiciales y legales para disuadir a los actores estatales y no estatales que violenten nuestra soberan\u00eda\u201d, afirm\u00f3 Milei.<\/p>\n<p>&nbsp;<\/p>\n<p>El Gobierno buscar\u00e1 traducir esa posici\u00f3n en sanciones, inversi\u00f3n estrat\u00e9gica en Tierra del Fuego y nuevas normas que deber\u00e1n pasar por el Congreso. Fuente: El Once<\/p>\n<p><a href=\"https:\/\/victoriaaldia.com\/?attachment_id=9276\" rel=\"attachment wp-att-9276\"><img loading=\"lazy\" decoding=\"async\" class=\"aligncenter size-full wp-image-9276\" src=\"http:\/\/victoriaaldia.com\/wp-content\/uploads\/2023\/11\/coopar.png\" alt=\"\" width=\"720\" height=\"90\" srcset=\"https:\/\/victoriaaldia.com\/wp-content\/uploads\/2023\/11\/coopar.png 720w, https:\/\/victoriaaldia.com\/wp-content\/uploads\/2023\/11\/coopar-300x38.png 300w\" sizes=\"auto, (max-width: 720px) 100vw, 720px\" \/><\/a><\/p>\n","protected":false},"excerpt":{"rendered":"<p>Cadena nacional por la cuesti\u00f3n Malvinas Milei anunci\u00f3 medidas por la explotaci\u00f3n de petr\u00f3leo en Malvinas y advirti\u00f3 que existe&hellip;<\/p>\n","protected":false},"author":3,"featured_media":41989,"comment_status":"closed","ping_status":"closed","sticky":false,"template":"","format":"standard","meta":{"nogoya_volanta":"","nogoya_breaking":false,"nogoya_exclusive":false,"footnotes":""},"categories":[4,3,5],"tags":[],"class_list":["post-41986","post","type-post","status-publish","format-standard","has-post-thumbnail","hentry","category-nacionales","category-noticias","category-politica"],"yoast_head":"<!-- This site is optimized with the Yoast SEO plugin v28.4 - https:\/\/yoast.com\/product\/yoast-seo-wordpress\/ -->\n<title>Milei anunci\u00f3 sanciones, una base naval y una ley ante la explotaci\u00f3n de petr\u00f3leo en Malvinas - Victoria Al D\u00eda<\/title>\n<meta name=\"robots\" content=\"index, follow, max-snippet:-1, max-image-preview:large, max-video-preview:-1\" \/>\n<link rel=\"canonical\" href=\"https:\/\/victoriaaldia.com\/?p=41986\" \/>\n<meta property=\"og:locale\" content=\"es_ES\" \/>\n<meta property=\"og:type\" content=\"article\" \/>\n<meta property=\"og:title\" content=\"Milei anunci\u00f3 sanciones, una base naval y una ley ante la explotaci\u00f3n de petr\u00f3leo en Malvinas - Victoria Al D\u00eda\" \/>\n<meta property=\"og:description\" content=\"Cadena nacional por la cuesti\u00f3n Malvinas Milei anunci\u00f3 medidas por la explotaci\u00f3n de petr\u00f3leo en Malvinas y advirti\u00f3 que existe&hellip;\" \/>\n<meta property=\"og:url\" content=\"https:\/\/victoriaaldia.com\/?p=41986\" \/>\n<meta property=\"og:site_name\" content=\"Victoria Al D\u00eda\" \/>\n<meta property=\"article:published_time\" content=\"2026-09-04T12:19:13+00:00\" \/>\n<meta property=\"og:image\" content=\"http:\/\/victoriaaldia.com\/wp-content\/uploads\/2026\/09\/Screenshot_20260904_091019_Chrome.jpg\" \/>\n\t<meta property=\"og:image:width\" content=\"720\" \/>\n\t<meta property=\"og:image:height\" content=\"458\" \/>\n\t<meta property=\"og:image:type\" content=\"image\/jpeg\" \/>\n<meta name=\"author\" content=\"Victoria Al D\u00eda\" \/>\n<meta name=\"twitter:card\" content=\"summary_large_image\" \/>\n<meta name=\"twitter:label1\" content=\"Escrito por\" \/>\n\t<meta name=\"twitter:data1\" content=\"\" \/>\n\t<meta name=\"twitter:label2\" content=\"Tiempo de lectura\" \/>\n\t<meta name=\"twitter:data2\" content=\"7 minutos\" \/>\n<script type=\"application\/ld+json\" class=\"yoast-schema-graph\">{\"@context\":\"https:\\\/\\\/schema.org\",\"@graph\":[{\"@type\":\"Article\",\"@id\":\"https:\\\/\\\/victoriaaldia.com\\\/?p=41986#article\",\"isPartOf\":{\"@id\":\"https:\\\/\\\/victoriaaldia.com\\\/?p=41986\"},\"author\":{\"name\":\"Victoria Al D\u00eda\",\"@id\":\"https:\\\/\\\/victoriaaldia.com\\\/#\\\/schema\\\/person\\\/2314e106bcb401e92ff95595d5c292ef\"},\"headline\":\"Milei anunci\u00f3 sanciones, una base naval y una ley ante la explotaci\u00f3n de petr\u00f3leo en Malvinas\",\"datePublished\":\"2026-09-04T12:19:13+00:00\",\"mainEntityOfPage\":{\"@id\":\"https:\\\/\\\/victoriaaldia.com\\\/?p=41986\"},\"wordCount\":1602,\"publisher\":{\"@id\":\"https:\\\/\\\/victoriaaldia.com\\\/#organization\"},\"image\":{\"@id\":\"https:\\\/\\\/victoriaaldia.com\\\/?p=41986#primaryimage\"},\"thumbnailUrl\":\"https:\\\/\\\/victoriaaldia.com\\\/wp-content\\\/uploads\\\/2026\\\/09\\\/Screenshot_20260904_091019_Chrome.jpg\",\"articleSection\":[\"Nacionales\",\"Noticias\",\"Pol\u00edtica\"],\"inLanguage\":\"es-AR\"},{\"@type\":\"WebPage\",\"@id\":\"https:\\\/\\\/victoriaaldia.com\\\/?p=41986\",\"url\":\"https:\\\/\\\/victoriaaldia.com\\\/?p=41986\",\"name\":\"Milei anunci\u00f3 sanciones, una base naval y una ley ante la explotaci\u00f3n de petr\u00f3leo en Malvinas - Victoria Al D\u00eda\",\"isPartOf\":{\"@id\":\"https:\\\/\\\/victoriaaldia.com\\\/#website\"},\"primaryImageOfPage\":{\"@id\":\"https:\\\/\\\/victoriaaldia.com\\\/?p=41986#primaryimage\"},\"image\":{\"@id\":\"https:\\\/\\\/victoriaaldia.com\\\/?p=41986#primaryimage\"},\"thumbnailUrl\":\"https:\\\/\\\/victoriaaldia.com\\\/wp-content\\\/uploads\\\/2026\\\/09\\\/Screenshot_20260904_091019_Chrome.jpg\",\"datePublished\":\"2026-09-04T12:19:13+00:00\",\"breadcrumb\":{\"@id\":\"https:\\\/\\\/victoriaaldia.com\\\/?p=41986#breadcrumb\"},\"inLanguage\":\"es-AR\",\"potentialAction\":[{\"@type\":\"ReadAction\",\"target\":[\"https:\\\/\\\/victoriaaldia.com\\\/?p=41986\"]}]},{\"@type\":\"ImageObject\",\"inLanguage\":\"es-AR\",\"@id\":\"https:\\\/\\\/victoriaaldia.com\\\/?p=41986#primaryimage\",\"url\":\"https:\\\/\\\/victoriaaldia.com\\\/wp-content\\\/uploads\\\/2026\\\/09\\\/Screenshot_20260904_091019_Chrome.jpg\",\"contentUrl\":\"https:\\\/\\\/victoriaaldia.com\\\/wp-content\\\/uploads\\\/2026\\\/09\\\/Screenshot_20260904_091019_Chrome.jpg\",\"width\":720,\"height\":458},{\"@type\":\"BreadcrumbList\",\"@id\":\"https:\\\/\\\/victoriaaldia.com\\\/?p=41986#breadcrumb\",\"itemListElement\":[{\"@type\":\"ListItem\",\"position\":1,\"name\":\"Inicio\",\"item\":\"https:\\\/\\\/victoriaaldia.com\\\/\"},{\"@type\":\"ListItem\",\"position\":2,\"name\":\"Milei anunci\u00f3 sanciones, una base naval y una ley ante la explotaci\u00f3n de petr\u00f3leo en Malvinas\"}]},{\"@type\":\"WebSite\",\"@id\":\"https:\\\/\\\/victoriaaldia.com\\\/#website\",\"url\":\"https:\\\/\\\/victoriaaldia.com\\\/\",\"name\":\"Victoria Al D\u00eda\",\"description\":\"Diario Digital\",\"publisher\":{\"@id\":\"https:\\\/\\\/victoriaaldia.com\\\/#organization\"},\"potentialAction\":[{\"@type\":\"SearchAction\",\"target\":{\"@type\":\"EntryPoint\",\"urlTemplate\":\"https:\\\/\\\/victoriaaldia.com\\\/?s={search_term_string}\"},\"query-input\":{\"@type\":\"PropertyValueSpecification\",\"valueRequired\":true,\"valueName\":\"search_term_string\"}}],\"inLanguage\":\"es-AR\"},{\"@type\":\"Organization\",\"@id\":\"https:\\\/\\\/victoriaaldia.com\\\/#organization\",\"name\":\"Victoria Al D\u00eda\",\"url\":\"https:\\\/\\\/victoriaaldia.com\\\/\",\"logo\":{\"@type\":\"ImageObject\",\"inLanguage\":\"es-AR\",\"@id\":\"https:\\\/\\\/victoriaaldia.com\\\/#\\\/schema\\\/logo\\\/image\\\/\",\"url\":\"https:\\\/\\\/victoriaaldia.com\\\/wp-content\\\/uploads\\\/2023\\\/11\\\/logo.png\",\"contentUrl\":\"https:\\\/\\\/victoriaaldia.com\\\/wp-content\\\/uploads\\\/2023\\\/11\\\/logo.png\",\"width\":394,\"height\":128,\"caption\":\"Victoria Al D\u00eda\"},\"image\":{\"@id\":\"https:\\\/\\\/victoriaaldia.com\\\/#\\\/schema\\\/logo\\\/image\\\/\"}},{\"@type\":\"Person\",\"@id\":\"https:\\\/\\\/victoriaaldia.com\\\/#\\\/schema\\\/person\\\/2314e106bcb401e92ff95595d5c292ef\",\"name\":\"Victoria Al D\u00eda\",\"url\":\"https:\\\/\\\/victoriaaldia.com\\\/?author=3\"}]}<\/script>\n<!-- \/ Yoast SEO plugin. -->","yoast_head_json":{"title":"Milei anunci\u00f3 sanciones, una base naval y una ley ante la explotaci\u00f3n de petr\u00f3leo en Malvinas - Victoria Al D\u00eda","robots":{"index":"index","follow":"follow","max-snippet":"max-snippet:-1","max-image-preview":"max-image-preview:large","max-video-preview":"max-video-preview:-1"},"canonical":"https:\/\/victoriaaldia.com\/?p=41986","og_locale":"es_ES","og_type":"article","og_title":"Milei anunci\u00f3 sanciones, una base naval y una ley ante la explotaci\u00f3n de petr\u00f3leo en Malvinas - Victoria Al D\u00eda","og_description":"Cadena nacional por la cuesti\u00f3n Malvinas Milei anunci\u00f3 medidas por la explotaci\u00f3n de petr\u00f3leo en Malvinas y advirti\u00f3 que existe&hellip;","og_url":"https:\/\/victoriaaldia.com\/?p=41986","og_site_name":"Victoria Al D\u00eda","article_published_time":"2026-09-04T12:19:13+00:00","og_image":[{"width":720,"height":458,"url":"http:\/\/victoriaaldia.com\/wp-content\/uploads\/2026\/09\/Screenshot_20260904_091019_Chrome.jpg","type":"image\/jpeg"}],"author":"Victoria Al D\u00eda","twitter_card":"summary_large_image","twitter_misc":{"Escrito por":"","Tiempo de lectura":"7 minutos"},"schema":{"@context":"https:\/\/schema.org","@graph":[{"@type":"Article","@id":"https:\/\/victoriaaldia.com\/?p=41986#article","isPartOf":{"@id":"https:\/\/victoriaaldia.com\/?p=41986"},"author":{"name":"Victoria Al D\u00eda","@id":"https:\/\/victoriaaldia.com\/#\/schema\/person\/2314e106bcb401e92ff95595d5c292ef"},"headline":"Milei anunci\u00f3 sanciones, una base naval y una ley ante la explotaci\u00f3n de petr\u00f3leo en Malvinas","datePublished":"2026-09-04T12:19:13+00:00","mainEntityOfPage":{"@id":"https:\/\/victoriaaldia.com\/?p=41986"},"wordCount":1602,"publisher":{"@id":"https:\/\/victoriaaldia.com\/#organization"},"image":{"@id":"https:\/\/victoriaaldia.com\/?p=41986#primaryimage"},"thumbnailUrl":"https:\/\/victoriaaldia.com\/wp-content\/uploads\/2026\/09\/Screenshot_20260904_091019_Chrome.jpg","articleSection":["Nacionales","Noticias","Pol\u00edtica"],"inLanguage":"es-AR"},{"@type":"WebPage","@id":"https:\/\/victoriaaldia.com\/?p=41986","url":"https:\/\/victoriaaldia.com\/?p=41986","name":"Milei anunci\u00f3 sanciones, una base naval y una ley ante la explotaci\u00f3n de petr\u00f3leo en Malvinas - Victoria Al D\u00eda","isPartOf":{"@id":"https:\/\/victoriaaldia.com\/#website"},"primaryImageOfPage":{"@id":"https:\/\/victoriaaldia.com\/?p=41986#primaryimage"},"image":{"@id":"https:\/\/victoriaaldia.com\/?p=41986#primaryimage"},"thumbnailUrl":"https:\/\/victoriaaldia.com\/wp-content\/uploads\/2026\/09\/Screenshot_20260904_091019_Chrome.jpg","datePublished":"2026-09-04T12:19:13+00:00","breadcrumb":{"@id":"https:\/\/victoriaaldia.com\/?p=41986#breadcrumb"},"inLanguage":"es-AR","potentialAction":[{"@type":"ReadAction","target":["https:\/\/victoriaaldia.com\/?p=41986"]}]},{"@type":"ImageObject","inLanguage":"es-AR","@id":"https:\/\/victoriaaldia.com\/?p=41986#primaryimage","url":"https:\/\/victoriaaldia.com\/wp-content\/uploads\/2026\/09\/Screenshot_20260904_091019_Chrome.jpg","contentUrl":"https:\/\/victoriaaldia.com\/wp-content\/uploads\/2026\/09\/Screenshot_20260904_091019_Chrome.jpg","width":720,"height":458},{"@type":"BreadcrumbList","@id":"https:\/\/victoriaaldia.com\/?p=41986#breadcrumb","itemListElement":[{"@type":"ListItem","position":1,"name":"Inicio","item":"https:\/\/victoriaaldia.com\/"},{"@type":"ListItem","position":2,"name":"Milei anunci\u00f3 sanciones, una base naval y una ley ante la explotaci\u00f3n de petr\u00f3leo en Malvinas"}]},{"@type":"WebSite","@id":"https:\/\/victoriaaldia.com\/#website","url":"https:\/\/victoriaaldia.com\/","name":"Victoria Al D\u00eda","description":"Diario Digital","publisher":{"@id":"https:\/\/victoriaaldia.com\/#organization"},"potentialAction":[{"@type":"SearchAction","target":{"@type":"EntryPoint","urlTemplate":"https:\/\/victoriaaldia.com\/?s={search_term_string}"},"query-input":{"@type":"PropertyValueSpecification","valueRequired":true,"valueName":"search_term_string"}}],"inLanguage":"es-AR"},{"@type":"Organization","@id":"https:\/\/victoriaaldia.com\/#organization","name":"Victoria Al D\u00eda","url":"https:\/\/victoriaaldia.com\/","logo":{"@type":"ImageObject","inLanguage":"es-AR","@id":"https:\/\/victoriaaldia.com\/#\/schema\/logo\/image\/","url":"https:\/\/victoriaaldia.com\/wp-content\/uploads\/2023\/11\/logo.png","contentUrl":"https:\/\/victoriaaldia.com\/wp-content\/uploads\/2023\/11\/logo.png","width":394,"height":128,"caption":"Victoria Al D\u00eda"},"image":{"@id":"https:\/\/victoriaaldia.com\/#\/schema\/logo\/image\/"}},{"@type":"Person","@id":"https:\/\/victoriaaldia.com\/#\/schema\/person\/2314e106bcb401e92ff95595d5c292ef","name":"Victoria Al D\u00eda","url":"https:\/\/victoriaaldia.com\/?author=3"}]}},"_links":{"self":[{"href":"https:\/\/victoriaaldia.com\/index.php?rest_route=\/wp\/v2\/posts\/41986","targetHints":{"allow":["GET"]}}],"collection":[{"href":"https:\/\/victoriaaldia.com\/index.php?rest_route=\/wp\/v2\/posts"}],"about":[{"href":"https:\/\/victoriaaldia.com\/index.php?rest_route=\/wp\/v2\/types\/post"}],"author":[{"embeddable":true,"href":"https:\/\/victoriaaldia.com\/index.php?rest_route=\/wp\/v2\/users\/3"}],"replies":[{"embeddable":true,"href":"https:\/\/victoriaaldia.com\/index.php?rest_route=%2Fwp%2Fv2%2Fcomments&post=41986"}],"version-history":[{"count":1,"href":"https:\/\/victoriaaldia.com\/index.php?rest_route=\/wp\/v2\/posts\/41986\/revisions"}],"predecessor-version":[{"id":41990,"href":"https:\/\/victoriaaldia.com\/index.php?rest_route=\/wp\/v2\/posts\/41986\/revisions\/41990"}],"wp:featuredmedia":[{"embeddable":true,"href":"https:\/\/victoriaaldia.com\/index.php?rest_route=\/wp\/v2\/media\/41989"}],"wp:attachment":[{"href":"https:\/\/victoriaaldia.com\/index.php?rest_route=%2Fwp%2Fv2%2Fmedia&parent=41986"}],"wp:term":[{"taxonomy":"category","embeddable":true,"href":"https:\/\/victoriaaldia.com\/index.php?rest_route=%2Fwp%2Fv2%2Fcategories&post=41986"},{"taxonomy":"post_tag","embeddable":true,"href":"https:\/\/victoriaaldia.com\/index.php?rest_route=%2Fwp%2Fv2%2Ftags&post=41986"}],"curies":[{"name":"wp","href":"https:\/\/api.w.org\/{rel}","templated":true}]}}