{"id":41991,"date":"2026-09-04T09:53:43","date_gmt":"2026-09-04T12:53:43","guid":{"rendered":"https:\/\/victoriaaldia.com\/?p=41991"},"modified":"2026-09-04T09:53:43","modified_gmt":"2026-09-04T12:53:43","slug":"reino-unido-respondio-a-milei-por-malvinas-nuestro-compromiso-es-absoluto-e-inquebrantable","status":"publish","type":"post","link":"https:\/\/victoriaaldia.com\/?p=41991","title":{"rendered":"Reino Unido respondi\u00f3 a Milei por Malvinas: \u201cNuestro compromiso es absoluto e inquebrantable\u201d"},"content":{"rendered":"<h2>Reacci\u00f3n desde Londres<\/h2>\n<header class=\"cl-24 header-interior interior-top-1\">El ministro de Defensa brit\u00e1nico, Wes Streeting, rechaz\u00f3 el planteo de Javier Milei sobre Malvinas y sostuvo que la posici\u00f3n del Reino Unido permanece \u201cabsoluta e inquebrantable\u201d.<\/header>\n<header><\/header>\n<header>El gobierno del\u00a0<b>Reino Unido respondi\u00f3 este viernes al presidente Javier Milei por su discurso sobre las Islas Malvinas<\/b>\u00a0y reafirm\u00f3 su posici\u00f3n sobre el archipi\u00e9lago. El ministro de Defensa brit\u00e1nico, Wes Streeting, sostuvo que el compromiso de Londres con las islas es \u201cabsoluto e inquebrantable\u201d.<\/p>\n<p>&nbsp;<\/p>\n<p>Las declaraciones llegaron despu\u00e9s de la cadena nacional en la que Milei volvi\u00f3 a reivindicar la soberan\u00eda argentina sobre Malvinas, anunci\u00f3 medidas contra empresas vinculadas con la explotaci\u00f3n de hidrocarburos sin autorizaci\u00f3n nacional y asegur\u00f3 que existen \u201cvientos de cambio\u201d en el escenario internacional.<\/p>\n<p>&nbsp;<\/p>\n<p>Streeting respondi\u00f3 p\u00fablicamente al mensaje presidencial y afirm\u00f3:\u00a0<b>\u201cLas Malvinas son brit\u00e1nicas porque los habitantes de las Malvinas eligen ser brit\u00e1nicos\u201d<\/b>. Luego agreg\u00f3 que\u00a0<b>\u201cnuestro compromiso con ellos es absoluto e inquebrantable\u201d<\/b>.<\/p>\n<h2><\/h2>\n<p>El funcionario brit\u00e1nico tambi\u00e9n vincul\u00f3 las palabras del mandatario argentino con el escenario pol\u00edtico nacional.\u00a0<b>\u201cLa declaraci\u00f3n de Milei durante la noche nos dice m\u00e1s sobre la pol\u00edtica interna de Argentina que sobre las Islas Malvinas\u201d<\/b>, expres\u00f3.<\/p>\n<p>&nbsp;<\/p>\n<p>La reacci\u00f3n representa una de las primeras respuestas de alto nivel del gobierno brit\u00e1nico luego de los anuncios realizados por Milei, que volvieron a colocar la disputa por la soberan\u00eda del archipi\u00e9lago en el centro de la agenda entre Buenos Aires y Londres.<\/p>\n<p>El Presidente hab\u00eda afirmado que\u00a0<b>\u201cMalvinas es el futuro\u201d<\/b>\u00a0de la Argentina y sostuvo que el contexto internacional presenta nuevas condiciones para avanzar con el reclamo argentino. En su discurso tambi\u00e9n hizo referencia a la posici\u00f3n de Estados Unidos y al v\u00ednculo de su administraci\u00f3n con el gobierno de Donald Trump.<\/p>\n<h2><\/h2>\n<h2>Las medidas anunciadas por el Gobierno argentino<\/h2>\n<p>Durante la cadena nacional, Milei anunci\u00f3 una serie de decisiones relacionadas con la defensa y la cuesti\u00f3n Malvinas. Entre ellas, anticip\u00f3 medidas destinadas a fortalecer el sistema de defensa y avanzar con una base naval integrada en Tierra del Fuego.<\/p>\n<p>&nbsp;<\/p>\n<p>Adem\u00e1s, el Gobierno reforz\u00f3 los mecanismos de control sobre personas y empresas relacionadas con actividades hidrocarbur\u00edferas no autorizadas por Argentina en la Plataforma Continental.<\/p>\n<p>&nbsp;<\/p>\n<p>La nueva reglamentaci\u00f3n establece procedimientos administrativos para investigar posibles infracciones y contempla controles sobre empresas que pretendan acceder al R\u00e9gimen de Incentivo para Grandes Inversiones (RIGI).<\/p>\n<p>&nbsp;<\/p>\n<h2>El petr\u00f3leo, otro punto de tensi\u00f3n<\/h2>\n<p>Uno de los ejes que volvi\u00f3 a generar tensi\u00f3n entre ambos pa\u00edses es la explotaci\u00f3n petrolera en aguas circundantes a las Islas Malvinas.<\/p>\n<p>&nbsp;<\/p>\n<p>La legislaci\u00f3n argentina proh\u00edbe que personas o empresas que operen en el pa\u00eds desarrollen actividades hidrocarbur\u00edferas en la Plataforma Continental Argentina sin autorizaci\u00f3n nacional, as\u00ed como participar o prestar servicios para compa\u00f1\u00edas involucradas en esas operaciones.<\/p>\n<p>&nbsp;<\/p>\n<p>Las sanciones contempladas por la normativa pueden incluir\u00a0<b>inhabilitaciones de entre cinco y 20 a\u00f1os<\/b>\u00a0y, en determinados casos, la reversi\u00f3n de concesiones hidrocarbur\u00edferas que las compa\u00f1\u00edas posean en territorio argentino.<\/p>\n<p>&nbsp;<\/p>\n<h2>La prensa brit\u00e1nica tambi\u00e9n reaccion\u00f3<\/h2>\n<p>El discurso de Milei tuvo una amplia repercusi\u00f3n en los principales medios brit\u00e1nicos. Sky News destac\u00f3 la frase del Presidente argentino sobre que\u00a0<b>\u201cMalvinas es nuestro futuro\u201d<\/b>, mientras que GB News cuestion\u00f3 duramente la reivindicaci\u00f3n argentina de soberan\u00eda.<\/p>\n<p>The Telegraph, en tanto, puso el foco sobre las consecuencias que las medidas anunciadas desde Buenos Aires podr\u00edan tener para los proyectos petroleros alrededor de las islas y titul\u00f3 que Argentina \u201camenaza los campos petroleros de las Malvinas\u201d.<\/p>\n<p>&nbsp;<\/p>\n<p>La respuesta del gobierno brit\u00e1nico profundiz\u00f3 ahora el cruce diplom\u00e1tico. Mientras Milei busca instalar que el contexto internacional ofrece una nueva oportunidad para el reclamo argentino, Londres reiter\u00f3 este viernes que considera \u201cabsoluto e inquebrantable\u201d su compromiso con los habitantes del archipi\u00e9lago. Fuente: El Once<\/p>\n<p><a href=\"https:\/\/victoriaaldia.com\/?attachment_id=9280\" rel=\"attachment wp-att-9280\"><img loading=\"lazy\" decoding=\"async\" class=\"aligncenter size-full wp-image-9280\" src=\"http:\/\/victoriaaldia.com\/wp-content\/uploads\/2023\/11\/agrotecnica.png\" alt=\"\" width=\"720\" height=\"90\" srcset=\"https:\/\/victoriaaldia.com\/wp-content\/uploads\/2023\/11\/agrotecnica.png 720w, https:\/\/victoriaaldia.com\/wp-content\/uploads\/2023\/11\/agrotecnica-300x38.png 300w\" sizes=\"auto, (max-width: 720px) 100vw, 720px\" \/><\/a><\/p>\n<\/header>\n","protected":false},"excerpt":{"rendered":"<p>Reacci\u00f3n desde Londres El ministro de Defensa brit\u00e1nico, Wes Streeting, rechaz\u00f3 el planteo de Javier Milei sobre Malvinas y sostuvo&hellip;<\/p>\n","protected":false},"author":3,"featured_media":41992,"comment_status":"closed","ping_status":"closed","sticky":false,"template":"","format":"standard","meta":{"nogoya_volanta":"","nogoya_breaking":false,"nogoya_exclusive":false,"footnotes":""},"categories":[20,3,5],"tags":[],"class_list":["post-41991","post","type-post","status-publish","format-standard","has-post-thumbnail","hentry","category-internacionales","category-noticias","category-politica"],"yoast_head":"<!-- This site is optimized with the Yoast SEO plugin v28.4 - https:\/\/yoast.com\/product\/yoast-seo-wordpress\/ -->\n<title>Reino Unido respondi\u00f3 a Milei por Malvinas: \u201cNuestro compromiso es absoluto e inquebrantable\u201d - Victoria Al D\u00eda<\/title>\n<meta name=\"robots\" content=\"index, follow, max-snippet:-1, max-image-preview:large, max-video-preview:-1\" \/>\n<link rel=\"canonical\" href=\"https:\/\/victoriaaldia.com\/?p=41991\" \/>\n<meta property=\"og:locale\" content=\"es_ES\" \/>\n<meta property=\"og:type\" content=\"article\" \/>\n<meta property=\"og:title\" content=\"Reino Unido respondi\u00f3 a Milei por Malvinas: \u201cNuestro compromiso es absoluto e inquebrantable\u201d - Victoria Al D\u00eda\" \/>\n<meta property=\"og:description\" content=\"Reacci\u00f3n desde Londres El ministro de Defensa brit\u00e1nico, Wes Streeting, rechaz\u00f3 el planteo de Javier Milei sobre Malvinas y sostuvo&hellip;\" \/>\n<meta property=\"og:url\" content=\"https:\/\/victoriaaldia.com\/?p=41991\" \/>\n<meta property=\"og:site_name\" content=\"Victoria Al D\u00eda\" \/>\n<meta property=\"article:published_time\" content=\"2026-09-04T12:53:43+00:00\" \/>\n<meta property=\"og:image\" content=\"http:\/\/victoriaaldia.com\/wp-content\/uploads\/2026\/09\/Captura-de-pantalla-2026-09-04-095205.png\" \/>\n\t<meta property=\"og:image:width\" content=\"763\" \/>\n\t<meta property=\"og:image:height\" content=\"509\" \/>\n\t<meta property=\"og:image:type\" content=\"image\/png\" \/>\n<meta name=\"author\" content=\"Victoria Al D\u00eda\" \/>\n<meta name=\"twitter:card\" content=\"summary_large_image\" \/>\n<meta name=\"twitter:label1\" content=\"Escrito por\" \/>\n\t<meta name=\"twitter:data1\" content=\"\" \/>\n\t<meta name=\"twitter:label2\" content=\"Tiempo de lectura\" \/>\n\t<meta name=\"twitter:data2\" content=\"4 minutos\" \/>\n<script type=\"application\/ld+json\" class=\"yoast-schema-graph\">{\"@context\":\"https:\\\/\\\/schema.org\",\"@graph\":[{\"@type\":\"Article\",\"@id\":\"https:\\\/\\\/victoriaaldia.com\\\/?p=41991#article\",\"isPartOf\":{\"@id\":\"https:\\\/\\\/victoriaaldia.com\\\/?p=41991\"},\"author\":{\"name\":\"Victoria Al D\u00eda\",\"@id\":\"https:\\\/\\\/victoriaaldia.com\\\/#\\\/schema\\\/person\\\/2314e106bcb401e92ff95595d5c292ef\"},\"headline\":\"Reino Unido respondi\u00f3 a Milei por Malvinas: \u201cNuestro compromiso es absoluto e inquebrantable\u201d\",\"datePublished\":\"2026-09-04T12:53:43+00:00\",\"mainEntityOfPage\":{\"@id\":\"https:\\\/\\\/victoriaaldia.com\\\/?p=41991\"},\"wordCount\":682,\"publisher\":{\"@id\":\"https:\\\/\\\/victoriaaldia.com\\\/#organization\"},\"image\":{\"@id\":\"https:\\\/\\\/victoriaaldia.com\\\/?p=41991#primaryimage\"},\"thumbnailUrl\":\"https:\\\/\\\/victoriaaldia.com\\\/wp-content\\\/uploads\\\/2026\\\/09\\\/Captura-de-pantalla-2026-09-04-095205.png\",\"articleSection\":[\"Internacionales\",\"Noticias\",\"Pol\u00edtica\"],\"inLanguage\":\"es-AR\"},{\"@type\":\"WebPage\",\"@id\":\"https:\\\/\\\/victoriaaldia.com\\\/?p=41991\",\"url\":\"https:\\\/\\\/victoriaaldia.com\\\/?p=41991\",\"name\":\"Reino Unido respondi\u00f3 a Milei por Malvinas: \u201cNuestro compromiso es absoluto e inquebrantable\u201d - Victoria Al D\u00eda\",\"isPartOf\":{\"@id\":\"https:\\\/\\\/victoriaaldia.com\\\/#website\"},\"primaryImageOfPage\":{\"@id\":\"https:\\\/\\\/victoriaaldia.com\\\/?p=41991#primaryimage\"},\"image\":{\"@id\":\"https:\\\/\\\/victoriaaldia.com\\\/?p=41991#primaryimage\"},\"thumbnailUrl\":\"https:\\\/\\\/victoriaaldia.com\\\/wp-content\\\/uploads\\\/2026\\\/09\\\/Captura-de-pantalla-2026-09-04-095205.png\",\"datePublished\":\"2026-09-04T12:53:43+00:00\",\"breadcrumb\":{\"@id\":\"https:\\\/\\\/victoriaaldia.com\\\/?p=41991#breadcrumb\"},\"inLanguage\":\"es-AR\",\"potentialAction\":[{\"@type\":\"ReadAction\",\"target\":[\"https:\\\/\\\/victoriaaldia.com\\\/?p=41991\"]}]},{\"@type\":\"ImageObject\",\"inLanguage\":\"es-AR\",\"@id\":\"https:\\\/\\\/victoriaaldia.com\\\/?p=41991#primaryimage\",\"url\":\"https:\\\/\\\/victoriaaldia.com\\\/wp-content\\\/uploads\\\/2026\\\/09\\\/Captura-de-pantalla-2026-09-04-095205.png\",\"contentUrl\":\"https:\\\/\\\/victoriaaldia.com\\\/wp-content\\\/uploads\\\/2026\\\/09\\\/Captura-de-pantalla-2026-09-04-095205.png\",\"width\":763,\"height\":509},{\"@type\":\"BreadcrumbList\",\"@id\":\"https:\\\/\\\/victoriaaldia.com\\\/?p=41991#breadcrumb\",\"itemListElement\":[{\"@type\":\"ListItem\",\"position\":1,\"name\":\"Inicio\",\"item\":\"https:\\\/\\\/victoriaaldia.com\\\/\"},{\"@type\":\"ListItem\",\"position\":2,\"name\":\"Reino Unido respondi\u00f3 a Milei por Malvinas: \u201cNuestro compromiso es absoluto e inquebrantable\u201d\"}]},{\"@type\":\"WebSite\",\"@id\":\"https:\\\/\\\/victoriaaldia.com\\\/#website\",\"url\":\"https:\\\/\\\/victoriaaldia.com\\\/\",\"name\":\"Victoria Al D\u00eda\",\"description\":\"Diario Digital\",\"publisher\":{\"@id\":\"https:\\\/\\\/victoriaaldia.com\\\/#organization\"},\"potentialAction\":[{\"@type\":\"SearchAction\",\"target\":{\"@type\":\"EntryPoint\",\"urlTemplate\":\"https:\\\/\\\/victoriaaldia.com\\\/?s={search_term_string}\"},\"query-input\":{\"@type\":\"PropertyValueSpecification\",\"valueRequired\":true,\"valueName\":\"search_term_string\"}}],\"inLanguage\":\"es-AR\"},{\"@type\":\"Organization\",\"@id\":\"https:\\\/\\\/victoriaaldia.com\\\/#organization\",\"name\":\"Victoria Al D\u00eda\",\"url\":\"https:\\\/\\\/victoriaaldia.com\\\/\",\"logo\":{\"@type\":\"ImageObject\",\"inLanguage\":\"es-AR\",\"@id\":\"https:\\\/\\\/victoriaaldia.com\\\/#\\\/schema\\\/logo\\\/image\\\/\",\"url\":\"https:\\\/\\\/victoriaaldia.com\\\/wp-content\\\/uploads\\\/2023\\\/11\\\/logo.png\",\"contentUrl\":\"https:\\\/\\\/victoriaaldia.com\\\/wp-content\\\/uploads\\\/2023\\\/11\\\/logo.png\",\"width\":394,\"height\":128,\"caption\":\"Victoria Al D\u00eda\"},\"image\":{\"@id\":\"https:\\\/\\\/victoriaaldia.com\\\/#\\\/schema\\\/logo\\\/image\\\/\"}},{\"@type\":\"Person\",\"@id\":\"https:\\\/\\\/victoriaaldia.com\\\/#\\\/schema\\\/person\\\/2314e106bcb401e92ff95595d5c292ef\",\"name\":\"Victoria Al D\u00eda\",\"url\":\"https:\\\/\\\/victoriaaldia.com\\\/?author=3\"}]}<\/script>\n<!-- \/ Yoast SEO plugin. -->","yoast_head_json":{"title":"Reino Unido respondi\u00f3 a Milei por Malvinas: \u201cNuestro compromiso es absoluto e inquebrantable\u201d - Victoria Al D\u00eda","robots":{"index":"index","follow":"follow","max-snippet":"max-snippet:-1","max-image-preview":"max-image-preview:large","max-video-preview":"max-video-preview:-1"},"canonical":"https:\/\/victoriaaldia.com\/?p=41991","og_locale":"es_ES","og_type":"article","og_title":"Reino Unido respondi\u00f3 a Milei por Malvinas: \u201cNuestro compromiso es absoluto e inquebrantable\u201d - Victoria Al D\u00eda","og_description":"Reacci\u00f3n desde Londres El ministro de Defensa brit\u00e1nico, Wes Streeting, rechaz\u00f3 el planteo de Javier Milei sobre Malvinas y sostuvo&hellip;","og_url":"https:\/\/victoriaaldia.com\/?p=41991","og_site_name":"Victoria Al D\u00eda","article_published_time":"2026-09-04T12:53:43+00:00","og_image":[{"width":763,"height":509,"url":"http:\/\/victoriaaldia.com\/wp-content\/uploads\/2026\/09\/Captura-de-pantalla-2026-09-04-095205.png","type":"image\/png"}],"author":"Victoria Al D\u00eda","twitter_card":"summary_large_image","twitter_misc":{"Escrito por":"","Tiempo de lectura":"4 minutos"},"schema":{"@context":"https:\/\/schema.org","@graph":[{"@type":"Article","@id":"https:\/\/victoriaaldia.com\/?p=41991#article","isPartOf":{"@id":"https:\/\/victoriaaldia.com\/?p=41991"},"author":{"name":"Victoria Al D\u00eda","@id":"https:\/\/victoriaaldia.com\/#\/schema\/person\/2314e106bcb401e92ff95595d5c292ef"},"headline":"Reino Unido respondi\u00f3 a Milei por Malvinas: \u201cNuestro compromiso es absoluto e inquebrantable\u201d","datePublished":"2026-09-04T12:53:43+00:00","mainEntityOfPage":{"@id":"https:\/\/victoriaaldia.com\/?p=41991"},"wordCount":682,"publisher":{"@id":"https:\/\/victoriaaldia.com\/#organization"},"image":{"@id":"https:\/\/victoriaaldia.com\/?p=41991#primaryimage"},"thumbnailUrl":"https:\/\/victoriaaldia.com\/wp-content\/uploads\/2026\/09\/Captura-de-pantalla-2026-09-04-095205.png","articleSection":["Internacionales","Noticias","Pol\u00edtica"],"inLanguage":"es-AR"},{"@type":"WebPage","@id":"https:\/\/victoriaaldia.com\/?p=41991","url":"https:\/\/victoriaaldia.com\/?p=41991","name":"Reino Unido respondi\u00f3 a Milei por Malvinas: \u201cNuestro compromiso es absoluto e inquebrantable\u201d - Victoria Al D\u00eda","isPartOf":{"@id":"https:\/\/victoriaaldia.com\/#website"},"primaryImageOfPage":{"@id":"https:\/\/victoriaaldia.com\/?p=41991#primaryimage"},"image":{"@id":"https:\/\/victoriaaldia.com\/?p=41991#primaryimage"},"thumbnailUrl":"https:\/\/victoriaaldia.com\/wp-content\/uploads\/2026\/09\/Captura-de-pantalla-2026-09-04-095205.png","datePublished":"2026-09-04T12:53:43+00:00","breadcrumb":{"@id":"https:\/\/victoriaaldia.com\/?p=41991#breadcrumb"},"inLanguage":"es-AR","potentialAction":[{"@type":"ReadAction","target":["https:\/\/victoriaaldia.com\/?p=41991"]}]},{"@type":"ImageObject","inLanguage":"es-AR","@id":"https:\/\/victoriaaldia.com\/?p=41991#primaryimage","url":"https:\/\/victoriaaldia.com\/wp-content\/uploads\/2026\/09\/Captura-de-pantalla-2026-09-04-095205.png","contentUrl":"https:\/\/victoriaaldia.com\/wp-content\/uploads\/2026\/09\/Captura-de-pantalla-2026-09-04-095205.png","width":763,"height":509},{"@type":"BreadcrumbList","@id":"https:\/\/victoriaaldia.com\/?p=41991#breadcrumb","itemListElement":[{"@type":"ListItem","position":1,"name":"Inicio","item":"https:\/\/victoriaaldia.com\/"},{"@type":"ListItem","position":2,"name":"Reino Unido respondi\u00f3 a Milei por Malvinas: \u201cNuestro compromiso es absoluto e inquebrantable\u201d"}]},{"@type":"WebSite","@id":"https:\/\/victoriaaldia.com\/#website","url":"https:\/\/victoriaaldia.com\/","name":"Victoria Al D\u00eda","description":"Diario Digital","publisher":{"@id":"https:\/\/victoriaaldia.com\/#organization"},"potentialAction":[{"@type":"SearchAction","target":{"@type":"EntryPoint","urlTemplate":"https:\/\/victoriaaldia.com\/?s={search_term_string}"},"query-input":{"@type":"PropertyValueSpecification","valueRequired":true,"valueName":"search_term_string"}}],"inLanguage":"es-AR"},{"@type":"Organization","@id":"https:\/\/victoriaaldia.com\/#organization","name":"Victoria Al D\u00eda","url":"https:\/\/victoriaaldia.com\/","logo":{"@type":"ImageObject","inLanguage":"es-AR","@id":"https:\/\/victoriaaldia.com\/#\/schema\/logo\/image\/","url":"https:\/\/victoriaaldia.com\/wp-content\/uploads\/2023\/11\/logo.png","contentUrl":"https:\/\/victoriaaldia.com\/wp-content\/uploads\/2023\/11\/logo.png","width":394,"height":128,"caption":"Victoria Al D\u00eda"},"image":{"@id":"https:\/\/victoriaaldia.com\/#\/schema\/logo\/image\/"}},{"@type":"Person","@id":"https:\/\/victoriaaldia.com\/#\/schema\/person\/2314e106bcb401e92ff95595d5c292ef","name":"Victoria Al D\u00eda","url":"https:\/\/victoriaaldia.com\/?author=3"}]}},"_links":{"self":[{"href":"https:\/\/victoriaaldia.com\/index.php?rest_route=\/wp\/v2\/posts\/41991","targetHints":{"allow":["GET"]}}],"collection":[{"href":"https:\/\/victoriaaldia.com\/index.php?rest_route=\/wp\/v2\/posts"}],"about":[{"href":"https:\/\/victoriaaldia.com\/index.php?rest_route=\/wp\/v2\/types\/post"}],"author":[{"embeddable":true,"href":"https:\/\/victoriaaldia.com\/index.php?rest_route=\/wp\/v2\/users\/3"}],"replies":[{"embeddable":true,"href":"https:\/\/victoriaaldia.com\/index.php?rest_route=%2Fwp%2Fv2%2Fcomments&post=41991"}],"version-history":[{"count":1,"href":"https:\/\/victoriaaldia.com\/index.php?rest_route=\/wp\/v2\/posts\/41991\/revisions"}],"predecessor-version":[{"id":41993,"href":"https:\/\/victoriaaldia.com\/index.php?rest_route=\/wp\/v2\/posts\/41991\/revisions\/41993"}],"wp:featuredmedia":[{"embeddable":true,"href":"https:\/\/victoriaaldia.com\/index.php?rest_route=\/wp\/v2\/media\/41992"}],"wp:attachment":[{"href":"https:\/\/victoriaaldia.com\/index.php?rest_route=%2Fwp%2Fv2%2Fmedia&parent=41991"}],"wp:term":[{"taxonomy":"category","embeddable":true,"href":"https:\/\/victoriaaldia.com\/index.php?rest_route=%2Fwp%2Fv2%2Fcategories&post=41991"},{"taxonomy":"post_tag","embeddable":true,"href":"https:\/\/victoriaaldia.com\/index.php?rest_route=%2Fwp%2Fv2%2Ftags&post=41991"}],"curies":[{"name":"wp","href":"https:\/\/api.w.org\/{rel}","templated":true}]}}