{"id":41997,"date":"2026-09-04T10:00:00","date_gmt":"2026-09-04T13:00:00","guid":{"rendered":"https:\/\/victoriaaldia.com\/?p=41997"},"modified":"2026-09-04T10:00:00","modified_gmt":"2026-09-04T13:00:00","slug":"shell-modifico-algunos-precios-y-el-diesel-premium-volvio-a-subir","status":"publish","type":"post","link":"https:\/\/victoriaaldia.com\/?p=41997","title":{"rendered":"Shell modific\u00f3 algunos precios y el di\u00e9sel premium volvi\u00f3 a subir"},"content":{"rendered":"<h2>Cambios en los surtidores<\/h2>\n<header class=\"cl-24 header-interior interior-top-1\">Shell actualiz\u00f3 este viernes algunos precios de los combustibles: subi\u00f3 el V-Power Di\u00e9sel, baj\u00f3 Evolux y las dos naftas mantuvieron sus valores.<\/header>\n<header>Este viernes se registraron cambios de precios de combustibles en estaciones de servicios Shell de la ciudad de Paran\u00e1, aunque la actualizaci\u00f3n no alcanz\u00f3 de la misma manera a todos los productos. Mientras el V-Power Di\u00e9sel aument\u00f3, Evolux baj\u00f3 de precio y las naftas S\u00faper y V-Power permanecieron sin modificaciones.<\/p>\n<p>&nbsp;<\/p>\n<p>De acuerdo con los valores relevados, el\u00a0<b>litro de V-Power Di\u00e9sel pas\u00f3 de $2.577 a $2.599<\/b>, lo que represent\u00f3 un incremento del 0,85%. De esta manera, se convirti\u00f3 en el \u00fanico de los cuatro combustibles relevados que registr\u00f3 una suba.<\/p>\n<p>&nbsp;<\/p>\n<p>En sentido contrario,\u00a0<b>Evolux baj\u00f3 de $2.376 a $2.359 por litro<\/b>, una reducci\u00f3n de $17 que represent\u00f3 una variaci\u00f3n negativa del 0,72%. As\u00ed, la actualizaci\u00f3n mostr\u00f3 movimientos diferentes seg\u00fan el producto.<\/p>\n<h3>Cu\u00e1nto cuestan los combustibles Shell<\/h3>\n<p>Con los\u00a0<b>nuevos valores vigentes desde este viernes<\/b>, la nafta S\u00faper continu\u00f3 a $2.225 por litro, sin cambios respecto de la escala anterior. Lo mismo ocurri\u00f3 con la V-Power Nafta, que permaneci\u00f3 en $2.461, supo Elonce.<\/p>\n<p>&nbsp;<\/p>\n<p>El V-Power Di\u00e9sel, en tanto, alcanz\u00f3 los $2.599 por litro tras sumar $22 respecto de su valor anterior. Evolux qued\u00f3 en $2.359 luego de la reducci\u00f3n mencionada.<\/p>\n<p>&nbsp;<\/p>\n<p>De esta manera, los precios relevados quedaron establecidos de la siguiente forma:<\/p>\n<p>&nbsp;<\/p>\n<p><b>Nafta S\u00faper: $2.225 por litro \u2014 sin variaci\u00f3n.<\/b><\/p>\n<p><b>V-Power Nafta: $2.461 por litro \u2014 sin variaci\u00f3n.<\/b><\/p>\n<p><b>Evolux: $2.359 por litro \u2014 baj\u00f3 0,72%.<\/b><\/p>\n<p><b>V-Power Di\u00e9sel: $2.599 por litro \u2014 aument\u00f3 0,85%.<\/b><\/p>\n<h3>Los precios anteriores<\/h3>\n<p>Antes de esta modificaci\u00f3n, la nafta S\u00faper ya costaba $2.225 y la V-Power Nafta se comercializaba a $2.461, por lo que ambos productos conservaron exactamente los mismos valores.<\/p>\n<p>&nbsp;<\/p>\n<p>En el caso de los combustibles di\u00e9sel, Evolux ten\u00eda un precio de $2.376 y V-Power Di\u00e9sel costaba $2.577. Por eso, la diferencia en surtidores fue de $17 menos por litro para el primero y de $22 m\u00e1s para el producto premium.<\/p>\n<p>&nbsp;<\/p>\n<p>Los movimientos se produjeron en un escenario en el que los precios de los combustibles presentan diferencias no solamente entre compa\u00f1\u00edas y ciudades, sino tambi\u00e9n entre productos de una misma bandera.<\/p>\n<h3>El Gobierno posterg\u00f3 una actualizaci\u00f3n de impuestos<\/h3>\n<p>Los cambios en los surtidores se conocieron pocos d\u00edas despu\u00e9s de que el Gobierno nacional decidiera postergar hasta el 1\u00b0 de octubre parte de los aumentos pendientes de los impuestos que gravan a las naftas y el gasoil.<\/p>\n<p>&nbsp;<\/p>\n<p>La medida fue establecida mediante el Decreto 829\/2026 y alcanz\u00f3 al Impuesto sobre los Combustibles L\u00edquidos y al Impuesto al Di\u00f3xido de Carbono. La actualizaci\u00f3n que estaba prevista para septiembre incluye remanentes correspondientes a 2024 y 2025 y a los primeros dos trimestres de 2026.<\/p>\n<p>&nbsp;<\/p>\n<p>La postergaci\u00f3n impositiva, sin embargo, no implic\u00f3 un congelamiento de los precios en los surtidores. Las petroleras pueden continuar realizando modificaciones en funci\u00f3n de sus propias estructuras de costos y estrategias comerciales. Fuente: El Once<\/p>\n<p><a href=\"https:\/\/victoriaaldia.com\/?attachment_id=9289\" rel=\"attachment wp-att-9289\"><img loading=\"lazy\" decoding=\"async\" class=\"aligncenter size-full wp-image-9289\" src=\"http:\/\/victoriaaldia.com\/wp-content\/uploads\/2023\/11\/estancia-mendoza.png\" alt=\"\" width=\"720\" height=\"90\" srcset=\"https:\/\/victoriaaldia.com\/wp-content\/uploads\/2023\/11\/estancia-mendoza.png 720w, https:\/\/victoriaaldia.com\/wp-content\/uploads\/2023\/11\/estancia-mendoza-300x38.png 300w\" sizes=\"auto, (max-width: 720px) 100vw, 720px\" \/><\/a><\/p>\n<\/header>\n<header><\/header>\n<header><\/header>\n","protected":false},"excerpt":{"rendered":"<p>Cambios en los surtidores Shell actualiz\u00f3 este viernes algunos precios de los combustibles: subi\u00f3 el V-Power Di\u00e9sel, baj\u00f3 Evolux y&hellip;<\/p>\n","protected":false},"author":3,"featured_media":41998,"comment_status":"closed","ping_status":"closed","sticky":false,"template":"","format":"standard","meta":{"nogoya_volanta":"","nogoya_breaking":false,"nogoya_exclusive":false,"footnotes":""},"categories":[19,4,3],"tags":[],"class_list":["post-41997","post","type-post","status-publish","format-standard","has-post-thumbnail","hentry","category-economia","category-nacionales","category-noticias"],"yoast_head":"<!-- This site is optimized with the Yoast SEO plugin v28.4 - https:\/\/yoast.com\/product\/yoast-seo-wordpress\/ -->\n<title>Shell modific\u00f3 algunos precios y el di\u00e9sel premium volvi\u00f3 a subir - Victoria Al D\u00eda<\/title>\n<meta name=\"robots\" content=\"index, follow, max-snippet:-1, max-image-preview:large, max-video-preview:-1\" \/>\n<link rel=\"canonical\" href=\"https:\/\/victoriaaldia.com\/?p=41997\" \/>\n<meta property=\"og:locale\" content=\"es_ES\" \/>\n<meta property=\"og:type\" content=\"article\" \/>\n<meta property=\"og:title\" content=\"Shell modific\u00f3 algunos precios y el di\u00e9sel premium volvi\u00f3 a subir - Victoria Al D\u00eda\" \/>\n<meta property=\"og:description\" content=\"Cambios en los surtidores Shell actualiz\u00f3 este viernes algunos precios de los combustibles: subi\u00f3 el V-Power Di\u00e9sel, baj\u00f3 Evolux y&hellip;\" \/>\n<meta property=\"og:url\" content=\"https:\/\/victoriaaldia.com\/?p=41997\" \/>\n<meta property=\"og:site_name\" content=\"Victoria Al D\u00eda\" \/>\n<meta property=\"article:published_time\" content=\"2026-09-04T13:00:00+00:00\" \/>\n<meta property=\"og:image\" content=\"http:\/\/victoriaaldia.com\/wp-content\/uploads\/2026\/09\/Captura-de-pantalla-2026-09-04-095825.png\" \/>\n\t<meta property=\"og:image:width\" content=\"763\" \/>\n\t<meta property=\"og:image:height\" content=\"443\" \/>\n\t<meta property=\"og:image:type\" content=\"image\/png\" \/>\n<meta name=\"author\" content=\"Victoria Al D\u00eda\" \/>\n<meta name=\"twitter:card\" content=\"summary_large_image\" \/>\n<meta name=\"twitter:label1\" content=\"Escrito por\" \/>\n\t<meta name=\"twitter:data1\" content=\"\" \/>\n\t<meta name=\"twitter:label2\" content=\"Tiempo de lectura\" \/>\n\t<meta name=\"twitter:data2\" content=\"3 minutos\" \/>\n<script type=\"application\/ld+json\" class=\"yoast-schema-graph\">{\"@context\":\"https:\\\/\\\/schema.org\",\"@graph\":[{\"@type\":\"Article\",\"@id\":\"https:\\\/\\\/victoriaaldia.com\\\/?p=41997#article\",\"isPartOf\":{\"@id\":\"https:\\\/\\\/victoriaaldia.com\\\/?p=41997\"},\"author\":{\"name\":\"Victoria Al D\u00eda\",\"@id\":\"https:\\\/\\\/victoriaaldia.com\\\/#\\\/schema\\\/person\\\/2314e106bcb401e92ff95595d5c292ef\"},\"headline\":\"Shell modific\u00f3 algunos precios y el di\u00e9sel premium volvi\u00f3 a subir\",\"datePublished\":\"2026-09-04T13:00:00+00:00\",\"mainEntityOfPage\":{\"@id\":\"https:\\\/\\\/victoriaaldia.com\\\/?p=41997\"},\"wordCount\":507,\"publisher\":{\"@id\":\"https:\\\/\\\/victoriaaldia.com\\\/#organization\"},\"image\":{\"@id\":\"https:\\\/\\\/victoriaaldia.com\\\/?p=41997#primaryimage\"},\"thumbnailUrl\":\"https:\\\/\\\/victoriaaldia.com\\\/wp-content\\\/uploads\\\/2026\\\/09\\\/Captura-de-pantalla-2026-09-04-095825.png\",\"articleSection\":[\"Econom\u00eda\",\"Nacionales\",\"Noticias\"],\"inLanguage\":\"es-AR\"},{\"@type\":\"WebPage\",\"@id\":\"https:\\\/\\\/victoriaaldia.com\\\/?p=41997\",\"url\":\"https:\\\/\\\/victoriaaldia.com\\\/?p=41997\",\"name\":\"Shell modific\u00f3 algunos precios y el di\u00e9sel premium volvi\u00f3 a subir - Victoria Al D\u00eda\",\"isPartOf\":{\"@id\":\"https:\\\/\\\/victoriaaldia.com\\\/#website\"},\"primaryImageOfPage\":{\"@id\":\"https:\\\/\\\/victoriaaldia.com\\\/?p=41997#primaryimage\"},\"image\":{\"@id\":\"https:\\\/\\\/victoriaaldia.com\\\/?p=41997#primaryimage\"},\"thumbnailUrl\":\"https:\\\/\\\/victoriaaldia.com\\\/wp-content\\\/uploads\\\/2026\\\/09\\\/Captura-de-pantalla-2026-09-04-095825.png\",\"datePublished\":\"2026-09-04T13:00:00+00:00\",\"breadcrumb\":{\"@id\":\"https:\\\/\\\/victoriaaldia.com\\\/?p=41997#breadcrumb\"},\"inLanguage\":\"es-AR\",\"potentialAction\":[{\"@type\":\"ReadAction\",\"target\":[\"https:\\\/\\\/victoriaaldia.com\\\/?p=41997\"]}]},{\"@type\":\"ImageObject\",\"inLanguage\":\"es-AR\",\"@id\":\"https:\\\/\\\/victoriaaldia.com\\\/?p=41997#primaryimage\",\"url\":\"https:\\\/\\\/victoriaaldia.com\\\/wp-content\\\/uploads\\\/2026\\\/09\\\/Captura-de-pantalla-2026-09-04-095825.png\",\"contentUrl\":\"https:\\\/\\\/victoriaaldia.com\\\/wp-content\\\/uploads\\\/2026\\\/09\\\/Captura-de-pantalla-2026-09-04-095825.png\",\"width\":763,\"height\":443},{\"@type\":\"BreadcrumbList\",\"@id\":\"https:\\\/\\\/victoriaaldia.com\\\/?p=41997#breadcrumb\",\"itemListElement\":[{\"@type\":\"ListItem\",\"position\":1,\"name\":\"Inicio\",\"item\":\"https:\\\/\\\/victoriaaldia.com\\\/\"},{\"@type\":\"ListItem\",\"position\":2,\"name\":\"Shell modific\u00f3 algunos precios y el di\u00e9sel premium volvi\u00f3 a subir\"}]},{\"@type\":\"WebSite\",\"@id\":\"https:\\\/\\\/victoriaaldia.com\\\/#website\",\"url\":\"https:\\\/\\\/victoriaaldia.com\\\/\",\"name\":\"Victoria Al D\u00eda\",\"description\":\"Diario Digital\",\"publisher\":{\"@id\":\"https:\\\/\\\/victoriaaldia.com\\\/#organization\"},\"potentialAction\":[{\"@type\":\"SearchAction\",\"target\":{\"@type\":\"EntryPoint\",\"urlTemplate\":\"https:\\\/\\\/victoriaaldia.com\\\/?s={search_term_string}\"},\"query-input\":{\"@type\":\"PropertyValueSpecification\",\"valueRequired\":true,\"valueName\":\"search_term_string\"}}],\"inLanguage\":\"es-AR\"},{\"@type\":\"Organization\",\"@id\":\"https:\\\/\\\/victoriaaldia.com\\\/#organization\",\"name\":\"Victoria Al D\u00eda\",\"url\":\"https:\\\/\\\/victoriaaldia.com\\\/\",\"logo\":{\"@type\":\"ImageObject\",\"inLanguage\":\"es-AR\",\"@id\":\"https:\\\/\\\/victoriaaldia.com\\\/#\\\/schema\\\/logo\\\/image\\\/\",\"url\":\"https:\\\/\\\/victoriaaldia.com\\\/wp-content\\\/uploads\\\/2023\\\/11\\\/logo.png\",\"contentUrl\":\"https:\\\/\\\/victoriaaldia.com\\\/wp-content\\\/uploads\\\/2023\\\/11\\\/logo.png\",\"width\":394,\"height\":128,\"caption\":\"Victoria Al D\u00eda\"},\"image\":{\"@id\":\"https:\\\/\\\/victoriaaldia.com\\\/#\\\/schema\\\/logo\\\/image\\\/\"}},{\"@type\":\"Person\",\"@id\":\"https:\\\/\\\/victoriaaldia.com\\\/#\\\/schema\\\/person\\\/2314e106bcb401e92ff95595d5c292ef\",\"name\":\"Victoria Al D\u00eda\",\"url\":\"https:\\\/\\\/victoriaaldia.com\\\/?author=3\"}]}<\/script>\n<!-- \/ Yoast SEO plugin. -->","yoast_head_json":{"title":"Shell modific\u00f3 algunos precios y el di\u00e9sel premium volvi\u00f3 a subir - Victoria Al D\u00eda","robots":{"index":"index","follow":"follow","max-snippet":"max-snippet:-1","max-image-preview":"max-image-preview:large","max-video-preview":"max-video-preview:-1"},"canonical":"https:\/\/victoriaaldia.com\/?p=41997","og_locale":"es_ES","og_type":"article","og_title":"Shell modific\u00f3 algunos precios y el di\u00e9sel premium volvi\u00f3 a subir - Victoria Al D\u00eda","og_description":"Cambios en los surtidores Shell actualiz\u00f3 este viernes algunos precios de los combustibles: subi\u00f3 el V-Power Di\u00e9sel, baj\u00f3 Evolux y&hellip;","og_url":"https:\/\/victoriaaldia.com\/?p=41997","og_site_name":"Victoria Al D\u00eda","article_published_time":"2026-09-04T13:00:00+00:00","og_image":[{"width":763,"height":443,"url":"http:\/\/victoriaaldia.com\/wp-content\/uploads\/2026\/09\/Captura-de-pantalla-2026-09-04-095825.png","type":"image\/png"}],"author":"Victoria Al D\u00eda","twitter_card":"summary_large_image","twitter_misc":{"Escrito por":"","Tiempo de lectura":"3 minutos"},"schema":{"@context":"https:\/\/schema.org","@graph":[{"@type":"Article","@id":"https:\/\/victoriaaldia.com\/?p=41997#article","isPartOf":{"@id":"https:\/\/victoriaaldia.com\/?p=41997"},"author":{"name":"Victoria Al D\u00eda","@id":"https:\/\/victoriaaldia.com\/#\/schema\/person\/2314e106bcb401e92ff95595d5c292ef"},"headline":"Shell modific\u00f3 algunos precios y el di\u00e9sel premium volvi\u00f3 a subir","datePublished":"2026-09-04T13:00:00+00:00","mainEntityOfPage":{"@id":"https:\/\/victoriaaldia.com\/?p=41997"},"wordCount":507,"publisher":{"@id":"https:\/\/victoriaaldia.com\/#organization"},"image":{"@id":"https:\/\/victoriaaldia.com\/?p=41997#primaryimage"},"thumbnailUrl":"https:\/\/victoriaaldia.com\/wp-content\/uploads\/2026\/09\/Captura-de-pantalla-2026-09-04-095825.png","articleSection":["Econom\u00eda","Nacionales","Noticias"],"inLanguage":"es-AR"},{"@type":"WebPage","@id":"https:\/\/victoriaaldia.com\/?p=41997","url":"https:\/\/victoriaaldia.com\/?p=41997","name":"Shell modific\u00f3 algunos precios y el di\u00e9sel premium volvi\u00f3 a subir - Victoria Al D\u00eda","isPartOf":{"@id":"https:\/\/victoriaaldia.com\/#website"},"primaryImageOfPage":{"@id":"https:\/\/victoriaaldia.com\/?p=41997#primaryimage"},"image":{"@id":"https:\/\/victoriaaldia.com\/?p=41997#primaryimage"},"thumbnailUrl":"https:\/\/victoriaaldia.com\/wp-content\/uploads\/2026\/09\/Captura-de-pantalla-2026-09-04-095825.png","datePublished":"2026-09-04T13:00:00+00:00","breadcrumb":{"@id":"https:\/\/victoriaaldia.com\/?p=41997#breadcrumb"},"inLanguage":"es-AR","potentialAction":[{"@type":"ReadAction","target":["https:\/\/victoriaaldia.com\/?p=41997"]}]},{"@type":"ImageObject","inLanguage":"es-AR","@id":"https:\/\/victoriaaldia.com\/?p=41997#primaryimage","url":"https:\/\/victoriaaldia.com\/wp-content\/uploads\/2026\/09\/Captura-de-pantalla-2026-09-04-095825.png","contentUrl":"https:\/\/victoriaaldia.com\/wp-content\/uploads\/2026\/09\/Captura-de-pantalla-2026-09-04-095825.png","width":763,"height":443},{"@type":"BreadcrumbList","@id":"https:\/\/victoriaaldia.com\/?p=41997#breadcrumb","itemListElement":[{"@type":"ListItem","position":1,"name":"Inicio","item":"https:\/\/victoriaaldia.com\/"},{"@type":"ListItem","position":2,"name":"Shell modific\u00f3 algunos precios y el di\u00e9sel premium volvi\u00f3 a subir"}]},{"@type":"WebSite","@id":"https:\/\/victoriaaldia.com\/#website","url":"https:\/\/victoriaaldia.com\/","name":"Victoria Al D\u00eda","description":"Diario Digital","publisher":{"@id":"https:\/\/victoriaaldia.com\/#organization"},"potentialAction":[{"@type":"SearchAction","target":{"@type":"EntryPoint","urlTemplate":"https:\/\/victoriaaldia.com\/?s={search_term_string}"},"query-input":{"@type":"PropertyValueSpecification","valueRequired":true,"valueName":"search_term_string"}}],"inLanguage":"es-AR"},{"@type":"Organization","@id":"https:\/\/victoriaaldia.com\/#organization","name":"Victoria Al D\u00eda","url":"https:\/\/victoriaaldia.com\/","logo":{"@type":"ImageObject","inLanguage":"es-AR","@id":"https:\/\/victoriaaldia.com\/#\/schema\/logo\/image\/","url":"https:\/\/victoriaaldia.com\/wp-content\/uploads\/2023\/11\/logo.png","contentUrl":"https:\/\/victoriaaldia.com\/wp-content\/uploads\/2023\/11\/logo.png","width":394,"height":128,"caption":"Victoria Al D\u00eda"},"image":{"@id":"https:\/\/victoriaaldia.com\/#\/schema\/logo\/image\/"}},{"@type":"Person","@id":"https:\/\/victoriaaldia.com\/#\/schema\/person\/2314e106bcb401e92ff95595d5c292ef","name":"Victoria Al D\u00eda","url":"https:\/\/victoriaaldia.com\/?author=3"}]}},"_links":{"self":[{"href":"https:\/\/victoriaaldia.com\/index.php?rest_route=\/wp\/v2\/posts\/41997","targetHints":{"allow":["GET"]}}],"collection":[{"href":"https:\/\/victoriaaldia.com\/index.php?rest_route=\/wp\/v2\/posts"}],"about":[{"href":"https:\/\/victoriaaldia.com\/index.php?rest_route=\/wp\/v2\/types\/post"}],"author":[{"embeddable":true,"href":"https:\/\/victoriaaldia.com\/index.php?rest_route=\/wp\/v2\/users\/3"}],"replies":[{"embeddable":true,"href":"https:\/\/victoriaaldia.com\/index.php?rest_route=%2Fwp%2Fv2%2Fcomments&post=41997"}],"version-history":[{"count":1,"href":"https:\/\/victoriaaldia.com\/index.php?rest_route=\/wp\/v2\/posts\/41997\/revisions"}],"predecessor-version":[{"id":41999,"href":"https:\/\/victoriaaldia.com\/index.php?rest_route=\/wp\/v2\/posts\/41997\/revisions\/41999"}],"wp:featuredmedia":[{"embeddable":true,"href":"https:\/\/victoriaaldia.com\/index.php?rest_route=\/wp\/v2\/media\/41998"}],"wp:attachment":[{"href":"https:\/\/victoriaaldia.com\/index.php?rest_route=%2Fwp%2Fv2%2Fmedia&parent=41997"}],"wp:term":[{"taxonomy":"category","embeddable":true,"href":"https:\/\/victoriaaldia.com\/index.php?rest_route=%2Fwp%2Fv2%2Fcategories&post=41997"},{"taxonomy":"post_tag","embeddable":true,"href":"https:\/\/victoriaaldia.com\/index.php?rest_route=%2Fwp%2Fv2%2Ftags&post=41997"}],"curies":[{"name":"wp","href":"https:\/\/api.w.org\/{rel}","templated":true}]}}