{"id":42001,"date":"2026-09-04T10:41:09","date_gmt":"2026-09-04T13:41:09","guid":{"rendered":"https:\/\/victoriaaldia.com\/?p=42001"},"modified":"2026-09-04T10:41:09","modified_gmt":"2026-09-04T13:41:09","slug":"revisaran-subsidios-de-luz-y-gas-y-notificaran-a-usuarios-para-actualizar-datos","status":"publish","type":"post","link":"https:\/\/victoriaaldia.com\/?p=42001","title":{"rendered":"Revisar\u00e1n subsidios de luz y gas y notificar\u00e1n a usuarios para actualizar datos"},"content":{"rendered":"<h2>Depuraci\u00f3n del padr\u00f3n de beneficiarios<\/h2>\n<header class=\"cl-24 header-interior interior-top-1\">El Gobierno revisar\u00e1 solicitudes de subsidios de luz y gas que lleven un a\u00f1o sin poder vincularse a un suministro. Los usuarios alcanzados ser\u00e1n notificados y tendr\u00e1n 60 d\u00edas para corregir los datos.<\/header>\n<header>El Gobierno nacional estableci\u00f3 un nuevo procedimiento de revisi\u00f3n de los\u00a0<b>subsidios de luz y gas<\/b>\u00a0que alcanzar\u00e1 a determinadas solicitudes que llevan al menos un a\u00f1o registradas y no pudieron ser asociadas correctamente con un suministro. Los usuarios involucrados tendr\u00e1n 60 d\u00edas corridos, desde que sean notificados, para actualizar la informaci\u00f3n y evitar que el pedido sea dado de baja.<\/p>\n<p>&nbsp;<\/p>\n<p>La medida fue establecida mediante la Disposici\u00f3n 11\/2026 de la Subsecretar\u00eda de Eficiencia e Informaci\u00f3n Energ\u00e9tica del Ministerio de Econom\u00eda y alcanza al R\u00e9gimen de Subsidios Energ\u00e9ticos Focalizados (SEF). La norma fue publicada este viernes en el Bolet\u00edn Oficial.<\/p>\n<p>&nbsp;<\/p>\n<p>En concreto, se revisar\u00e1n las solicitudes que hayan cumplido un a\u00f1o desde su alta y que durante ese per\u00edodo no hayan podido ser vinculadas con los suministros informados por las empresas prestadoras de los servicios de electricidad y gas por redes.<\/p>\n<h2>Qui\u00e9nes deber\u00e1n actualizar los datos<\/h2>\n<p>La disposici\u00f3n no implica la eliminaci\u00f3n autom\u00e1tica del beneficio. Antes de proceder a la baja, el Gobierno deber\u00e1 notificar a los titulares afectados mediante los medios de contacto que declararon cuando realizaron la solicitud.<\/p>\n<p>&nbsp;<\/p>\n<p>A partir de esa notificaci\u00f3n comenzar\u00e1 a correr un plazo de\u00a0<b>60 d\u00edas corridos<\/b>. Durante ese per\u00edodo, el usuario podr\u00e1 rectificar, actualizar o completar los datos correspondientes al suministro que hab\u00eda informado originalmente. Tambi\u00e9n tendr\u00e1 la posibilidad de declarar un nuevo suministro.<\/p>\n<p>&nbsp;<\/p>\n<p>Solamente cuando hayan transcurrido los 60 d\u00edas sin que el usuario haya realizado las modificaciones necesarias, o cuando no haya informado un nuevo suministro que pueda ser vinculado, se proceder\u00e1 a dar de baja la solicitud.<\/p>\n<h2><\/h2>\n<h2>C\u00f3mo consultar la situaci\u00f3n del subsidio<\/h2>\n<p>La normativa record\u00f3 que los ciudadanos pueden consultar en cualquier momento su situaci\u00f3n respecto de los subsidios energ\u00e9ticos mediante la aplicaci\u00f3n o la plataforma\u00a0<b>Mi Argentina<\/b>, dentro de la opci\u00f3n \u201cTr\u00e1mites\u201d.<\/p>\n<p>&nbsp;<\/p>\n<p>Adem\u00e1s, quienes consideren que existe alg\u00fan inconveniente con su situaci\u00f3n podr\u00e1n solicitar una revisi\u00f3n mediante la plataforma de Tr\u00e1mites a Distancia (TAD), de acuerdo con el procedimiento vigente.<\/p>\n<p>&nbsp;<\/p>\n<p>El objetivo declarado por el Gobierno es avanzar con una \u201cdepuraci\u00f3n peri\u00f3dica\u201d del Registro de Subsidios Energ\u00e9ticos Focalizados (ReSEF) para eliminar solicitudes que permanecieron durante per\u00edodos prolongados sin poder asociarse a un servicio efectivamente informado por las distribuidoras.<\/p>\n<h2><\/h2>\n<h2>Qu\u00e9 solicitudes quedan exceptuadas<\/h2>\n<p>La medida contempla una excepci\u00f3n para quienes solicitaron el subsidio correspondiente al\u00a0<b>Gas Licuado de Petr\u00f3leo (GLP) envasado<\/b>, es decir, el esquema relacionado con el consumo mediante garrafas.<\/p>\n<p>&nbsp;<\/p>\n<p>El Gobierno explic\u00f3 que esos casos no pueden vincularse con un punto f\u00edsico de suministro identificado mediante una empresa prestadora y un n\u00famero de cliente, como ocurre con la electricidad o el gas natural distribuido por redes.<\/p>\n<p>&nbsp;<\/p>\n<p>El actual ReSEF fue conformado a partir de la informaci\u00f3n que anteriormente integraba el Registro de Acceso a los Subsidios a la Energ\u00eda (RASE). Por ese motivo, quienes ya estaban inscriptos en el antiguo registro no tuvieron que realizar una nueva inscripci\u00f3n.<\/p>\n<p>&nbsp;<\/p>\n<p>Con la nueva disposici\u00f3n, el Gobierno avanzar\u00e1 sobre aquellos registros que acumulen\u00a0<b>un a\u00f1o sin poder ser vinculados correctamente con el suministro declarado<\/b>, aunque garantizar\u00e1 una instancia previa para que el usuario subsane los datos antes de disponer la baja. Fuente: El Once<\/p>\n<p><a href=\"https:\/\/victoriaaldia.com\/?attachment_id=9273\" rel=\"attachment wp-att-9273\"><img loading=\"lazy\" decoding=\"async\" class=\"aligncenter size-full wp-image-9273\" src=\"http:\/\/victoriaaldia.com\/wp-content\/uploads\/2023\/11\/el-progreso.png\" alt=\"\" width=\"720\" height=\"90\" srcset=\"https:\/\/victoriaaldia.com\/wp-content\/uploads\/2023\/11\/el-progreso.png 720w, https:\/\/victoriaaldia.com\/wp-content\/uploads\/2023\/11\/el-progreso-300x38.png 300w\" sizes=\"auto, (max-width: 720px) 100vw, 720px\" \/><\/a><\/p>\n<\/header>\n<div id=\"main\" class=\"cl-16\">\n<div class=\"cont-nota interior-1 google-anno-skip\">\n<div class=\"cont-cuerpo timeline-date-time-up separador-bottom \">\n<div class=\"herramientas\"><\/div>\n<\/div>\n<\/div>\n<\/div>\n","protected":false},"excerpt":{"rendered":"<p>Depuraci\u00f3n del padr\u00f3n de beneficiarios El Gobierno revisar\u00e1 solicitudes de subsidios de luz y gas que lleven un a\u00f1o sin&hellip;<\/p>\n","protected":false},"author":3,"featured_media":42002,"comment_status":"closed","ping_status":"closed","sticky":false,"template":"","format":"standard","meta":{"nogoya_volanta":"","nogoya_breaking":false,"nogoya_exclusive":false,"footnotes":""},"categories":[19,4,3],"tags":[],"class_list":["post-42001","post","type-post","status-publish","format-standard","has-post-thumbnail","hentry","category-economia","category-nacionales","category-noticias"],"yoast_head":"<!-- This site is optimized with the Yoast SEO plugin v28.4 - https:\/\/yoast.com\/product\/yoast-seo-wordpress\/ -->\n<title>Revisar\u00e1n subsidios de luz y gas y notificar\u00e1n a usuarios para actualizar datos - Victoria Al D\u00eda<\/title>\n<meta name=\"robots\" content=\"index, follow, max-snippet:-1, max-image-preview:large, max-video-preview:-1\" \/>\n<link rel=\"canonical\" href=\"https:\/\/victoriaaldia.com\/?p=42001\" \/>\n<meta property=\"og:locale\" content=\"es_ES\" \/>\n<meta property=\"og:type\" content=\"article\" \/>\n<meta property=\"og:title\" content=\"Revisar\u00e1n subsidios de luz y gas y notificar\u00e1n a usuarios para actualizar datos - Victoria Al D\u00eda\" \/>\n<meta property=\"og:description\" content=\"Depuraci\u00f3n del padr\u00f3n de beneficiarios El Gobierno revisar\u00e1 solicitudes de subsidios de luz y gas que lleven un a\u00f1o sin&hellip;\" \/>\n<meta property=\"og:url\" content=\"https:\/\/victoriaaldia.com\/?p=42001\" \/>\n<meta property=\"og:site_name\" content=\"Victoria Al D\u00eda\" \/>\n<meta property=\"article:published_time\" content=\"2026-09-04T13:41:09+00:00\" \/>\n<meta property=\"og:image\" content=\"http:\/\/victoriaaldia.com\/wp-content\/uploads\/2026\/09\/Captura-de-pantalla-2026-09-04-103909.png\" \/>\n\t<meta property=\"og:image:width\" content=\"766\" \/>\n\t<meta property=\"og:image:height\" content=\"507\" \/>\n\t<meta property=\"og:image:type\" content=\"image\/png\" \/>\n<meta name=\"author\" content=\"Victoria Al D\u00eda\" \/>\n<meta name=\"twitter:card\" content=\"summary_large_image\" \/>\n<meta name=\"twitter:label1\" content=\"Escrito por\" \/>\n\t<meta name=\"twitter:data1\" content=\"\" \/>\n\t<meta name=\"twitter:label2\" content=\"Tiempo de lectura\" \/>\n\t<meta name=\"twitter:data2\" content=\"3 minutos\" \/>\n<script type=\"application\/ld+json\" class=\"yoast-schema-graph\">{\"@context\":\"https:\\\/\\\/schema.org\",\"@graph\":[{\"@type\":\"Article\",\"@id\":\"https:\\\/\\\/victoriaaldia.com\\\/?p=42001#article\",\"isPartOf\":{\"@id\":\"https:\\\/\\\/victoriaaldia.com\\\/?p=42001\"},\"author\":{\"name\":\"Victoria Al D\u00eda\",\"@id\":\"https:\\\/\\\/victoriaaldia.com\\\/#\\\/schema\\\/person\\\/2314e106bcb401e92ff95595d5c292ef\"},\"headline\":\"Revisar\u00e1n subsidios de luz y gas y notificar\u00e1n a usuarios para actualizar datos\",\"datePublished\":\"2026-09-04T13:41:09+00:00\",\"mainEntityOfPage\":{\"@id\":\"https:\\\/\\\/victoriaaldia.com\\\/?p=42001\"},\"wordCount\":631,\"publisher\":{\"@id\":\"https:\\\/\\\/victoriaaldia.com\\\/#organization\"},\"image\":{\"@id\":\"https:\\\/\\\/victoriaaldia.com\\\/?p=42001#primaryimage\"},\"thumbnailUrl\":\"https:\\\/\\\/victoriaaldia.com\\\/wp-content\\\/uploads\\\/2026\\\/09\\\/Captura-de-pantalla-2026-09-04-103909.png\",\"articleSection\":[\"Econom\u00eda\",\"Nacionales\",\"Noticias\"],\"inLanguage\":\"es-AR\"},{\"@type\":\"WebPage\",\"@id\":\"https:\\\/\\\/victoriaaldia.com\\\/?p=42001\",\"url\":\"https:\\\/\\\/victoriaaldia.com\\\/?p=42001\",\"name\":\"Revisar\u00e1n subsidios de luz y gas y notificar\u00e1n a usuarios para actualizar datos - Victoria Al D\u00eda\",\"isPartOf\":{\"@id\":\"https:\\\/\\\/victoriaaldia.com\\\/#website\"},\"primaryImageOfPage\":{\"@id\":\"https:\\\/\\\/victoriaaldia.com\\\/?p=42001#primaryimage\"},\"image\":{\"@id\":\"https:\\\/\\\/victoriaaldia.com\\\/?p=42001#primaryimage\"},\"thumbnailUrl\":\"https:\\\/\\\/victoriaaldia.com\\\/wp-content\\\/uploads\\\/2026\\\/09\\\/Captura-de-pantalla-2026-09-04-103909.png\",\"datePublished\":\"2026-09-04T13:41:09+00:00\",\"breadcrumb\":{\"@id\":\"https:\\\/\\\/victoriaaldia.com\\\/?p=42001#breadcrumb\"},\"inLanguage\":\"es-AR\",\"potentialAction\":[{\"@type\":\"ReadAction\",\"target\":[\"https:\\\/\\\/victoriaaldia.com\\\/?p=42001\"]}]},{\"@type\":\"ImageObject\",\"inLanguage\":\"es-AR\",\"@id\":\"https:\\\/\\\/victoriaaldia.com\\\/?p=42001#primaryimage\",\"url\":\"https:\\\/\\\/victoriaaldia.com\\\/wp-content\\\/uploads\\\/2026\\\/09\\\/Captura-de-pantalla-2026-09-04-103909.png\",\"contentUrl\":\"https:\\\/\\\/victoriaaldia.com\\\/wp-content\\\/uploads\\\/2026\\\/09\\\/Captura-de-pantalla-2026-09-04-103909.png\",\"width\":766,\"height\":507},{\"@type\":\"BreadcrumbList\",\"@id\":\"https:\\\/\\\/victoriaaldia.com\\\/?p=42001#breadcrumb\",\"itemListElement\":[{\"@type\":\"ListItem\",\"position\":1,\"name\":\"Inicio\",\"item\":\"https:\\\/\\\/victoriaaldia.com\\\/\"},{\"@type\":\"ListItem\",\"position\":2,\"name\":\"Revisar\u00e1n subsidios de luz y gas y notificar\u00e1n a usuarios para actualizar datos\"}]},{\"@type\":\"WebSite\",\"@id\":\"https:\\\/\\\/victoriaaldia.com\\\/#website\",\"url\":\"https:\\\/\\\/victoriaaldia.com\\\/\",\"name\":\"Victoria Al D\u00eda\",\"description\":\"Diario Digital\",\"publisher\":{\"@id\":\"https:\\\/\\\/victoriaaldia.com\\\/#organization\"},\"potentialAction\":[{\"@type\":\"SearchAction\",\"target\":{\"@type\":\"EntryPoint\",\"urlTemplate\":\"https:\\\/\\\/victoriaaldia.com\\\/?s={search_term_string}\"},\"query-input\":{\"@type\":\"PropertyValueSpecification\",\"valueRequired\":true,\"valueName\":\"search_term_string\"}}],\"inLanguage\":\"es-AR\"},{\"@type\":\"Organization\",\"@id\":\"https:\\\/\\\/victoriaaldia.com\\\/#organization\",\"name\":\"Victoria Al D\u00eda\",\"url\":\"https:\\\/\\\/victoriaaldia.com\\\/\",\"logo\":{\"@type\":\"ImageObject\",\"inLanguage\":\"es-AR\",\"@id\":\"https:\\\/\\\/victoriaaldia.com\\\/#\\\/schema\\\/logo\\\/image\\\/\",\"url\":\"https:\\\/\\\/victoriaaldia.com\\\/wp-content\\\/uploads\\\/2023\\\/11\\\/logo.png\",\"contentUrl\":\"https:\\\/\\\/victoriaaldia.com\\\/wp-content\\\/uploads\\\/2023\\\/11\\\/logo.png\",\"width\":394,\"height\":128,\"caption\":\"Victoria Al D\u00eda\"},\"image\":{\"@id\":\"https:\\\/\\\/victoriaaldia.com\\\/#\\\/schema\\\/logo\\\/image\\\/\"}},{\"@type\":\"Person\",\"@id\":\"https:\\\/\\\/victoriaaldia.com\\\/#\\\/schema\\\/person\\\/2314e106bcb401e92ff95595d5c292ef\",\"name\":\"Victoria Al D\u00eda\",\"url\":\"https:\\\/\\\/victoriaaldia.com\\\/?author=3\"}]}<\/script>\n<!-- \/ Yoast SEO plugin. -->","yoast_head_json":{"title":"Revisar\u00e1n subsidios de luz y gas y notificar\u00e1n a usuarios para actualizar datos - Victoria Al D\u00eda","robots":{"index":"index","follow":"follow","max-snippet":"max-snippet:-1","max-image-preview":"max-image-preview:large","max-video-preview":"max-video-preview:-1"},"canonical":"https:\/\/victoriaaldia.com\/?p=42001","og_locale":"es_ES","og_type":"article","og_title":"Revisar\u00e1n subsidios de luz y gas y notificar\u00e1n a usuarios para actualizar datos - Victoria Al D\u00eda","og_description":"Depuraci\u00f3n del padr\u00f3n de beneficiarios El Gobierno revisar\u00e1 solicitudes de subsidios de luz y gas que lleven un a\u00f1o sin&hellip;","og_url":"https:\/\/victoriaaldia.com\/?p=42001","og_site_name":"Victoria Al D\u00eda","article_published_time":"2026-09-04T13:41:09+00:00","og_image":[{"width":766,"height":507,"url":"http:\/\/victoriaaldia.com\/wp-content\/uploads\/2026\/09\/Captura-de-pantalla-2026-09-04-103909.png","type":"image\/png"}],"author":"Victoria Al D\u00eda","twitter_card":"summary_large_image","twitter_misc":{"Escrito por":"","Tiempo de lectura":"3 minutos"},"schema":{"@context":"https:\/\/schema.org","@graph":[{"@type":"Article","@id":"https:\/\/victoriaaldia.com\/?p=42001#article","isPartOf":{"@id":"https:\/\/victoriaaldia.com\/?p=42001"},"author":{"name":"Victoria Al D\u00eda","@id":"https:\/\/victoriaaldia.com\/#\/schema\/person\/2314e106bcb401e92ff95595d5c292ef"},"headline":"Revisar\u00e1n subsidios de luz y gas y notificar\u00e1n a usuarios para actualizar datos","datePublished":"2026-09-04T13:41:09+00:00","mainEntityOfPage":{"@id":"https:\/\/victoriaaldia.com\/?p=42001"},"wordCount":631,"publisher":{"@id":"https:\/\/victoriaaldia.com\/#organization"},"image":{"@id":"https:\/\/victoriaaldia.com\/?p=42001#primaryimage"},"thumbnailUrl":"https:\/\/victoriaaldia.com\/wp-content\/uploads\/2026\/09\/Captura-de-pantalla-2026-09-04-103909.png","articleSection":["Econom\u00eda","Nacionales","Noticias"],"inLanguage":"es-AR"},{"@type":"WebPage","@id":"https:\/\/victoriaaldia.com\/?p=42001","url":"https:\/\/victoriaaldia.com\/?p=42001","name":"Revisar\u00e1n subsidios de luz y gas y notificar\u00e1n a usuarios para actualizar datos - Victoria Al D\u00eda","isPartOf":{"@id":"https:\/\/victoriaaldia.com\/#website"},"primaryImageOfPage":{"@id":"https:\/\/victoriaaldia.com\/?p=42001#primaryimage"},"image":{"@id":"https:\/\/victoriaaldia.com\/?p=42001#primaryimage"},"thumbnailUrl":"https:\/\/victoriaaldia.com\/wp-content\/uploads\/2026\/09\/Captura-de-pantalla-2026-09-04-103909.png","datePublished":"2026-09-04T13:41:09+00:00","breadcrumb":{"@id":"https:\/\/victoriaaldia.com\/?p=42001#breadcrumb"},"inLanguage":"es-AR","potentialAction":[{"@type":"ReadAction","target":["https:\/\/victoriaaldia.com\/?p=42001"]}]},{"@type":"ImageObject","inLanguage":"es-AR","@id":"https:\/\/victoriaaldia.com\/?p=42001#primaryimage","url":"https:\/\/victoriaaldia.com\/wp-content\/uploads\/2026\/09\/Captura-de-pantalla-2026-09-04-103909.png","contentUrl":"https:\/\/victoriaaldia.com\/wp-content\/uploads\/2026\/09\/Captura-de-pantalla-2026-09-04-103909.png","width":766,"height":507},{"@type":"BreadcrumbList","@id":"https:\/\/victoriaaldia.com\/?p=42001#breadcrumb","itemListElement":[{"@type":"ListItem","position":1,"name":"Inicio","item":"https:\/\/victoriaaldia.com\/"},{"@type":"ListItem","position":2,"name":"Revisar\u00e1n subsidios de luz y gas y notificar\u00e1n a usuarios para actualizar datos"}]},{"@type":"WebSite","@id":"https:\/\/victoriaaldia.com\/#website","url":"https:\/\/victoriaaldia.com\/","name":"Victoria Al D\u00eda","description":"Diario Digital","publisher":{"@id":"https:\/\/victoriaaldia.com\/#organization"},"potentialAction":[{"@type":"SearchAction","target":{"@type":"EntryPoint","urlTemplate":"https:\/\/victoriaaldia.com\/?s={search_term_string}"},"query-input":{"@type":"PropertyValueSpecification","valueRequired":true,"valueName":"search_term_string"}}],"inLanguage":"es-AR"},{"@type":"Organization","@id":"https:\/\/victoriaaldia.com\/#organization","name":"Victoria Al D\u00eda","url":"https:\/\/victoriaaldia.com\/","logo":{"@type":"ImageObject","inLanguage":"es-AR","@id":"https:\/\/victoriaaldia.com\/#\/schema\/logo\/image\/","url":"https:\/\/victoriaaldia.com\/wp-content\/uploads\/2023\/11\/logo.png","contentUrl":"https:\/\/victoriaaldia.com\/wp-content\/uploads\/2023\/11\/logo.png","width":394,"height":128,"caption":"Victoria Al D\u00eda"},"image":{"@id":"https:\/\/victoriaaldia.com\/#\/schema\/logo\/image\/"}},{"@type":"Person","@id":"https:\/\/victoriaaldia.com\/#\/schema\/person\/2314e106bcb401e92ff95595d5c292ef","name":"Victoria Al D\u00eda","url":"https:\/\/victoriaaldia.com\/?author=3"}]}},"_links":{"self":[{"href":"https:\/\/victoriaaldia.com\/index.php?rest_route=\/wp\/v2\/posts\/42001","targetHints":{"allow":["GET"]}}],"collection":[{"href":"https:\/\/victoriaaldia.com\/index.php?rest_route=\/wp\/v2\/posts"}],"about":[{"href":"https:\/\/victoriaaldia.com\/index.php?rest_route=\/wp\/v2\/types\/post"}],"author":[{"embeddable":true,"href":"https:\/\/victoriaaldia.com\/index.php?rest_route=\/wp\/v2\/users\/3"}],"replies":[{"embeddable":true,"href":"https:\/\/victoriaaldia.com\/index.php?rest_route=%2Fwp%2Fv2%2Fcomments&post=42001"}],"version-history":[{"count":1,"href":"https:\/\/victoriaaldia.com\/index.php?rest_route=\/wp\/v2\/posts\/42001\/revisions"}],"predecessor-version":[{"id":42003,"href":"https:\/\/victoriaaldia.com\/index.php?rest_route=\/wp\/v2\/posts\/42001\/revisions\/42003"}],"wp:featuredmedia":[{"embeddable":true,"href":"https:\/\/victoriaaldia.com\/index.php?rest_route=\/wp\/v2\/media\/42002"}],"wp:attachment":[{"href":"https:\/\/victoriaaldia.com\/index.php?rest_route=%2Fwp%2Fv2%2Fmedia&parent=42001"}],"wp:term":[{"taxonomy":"category","embeddable":true,"href":"https:\/\/victoriaaldia.com\/index.php?rest_route=%2Fwp%2Fv2%2Fcategories&post=42001"},{"taxonomy":"post_tag","embeddable":true,"href":"https:\/\/victoriaaldia.com\/index.php?rest_route=%2Fwp%2Fv2%2Ftags&post=42001"}],"curies":[{"name":"wp","href":"https:\/\/api.w.org\/{rel}","templated":true}]}}