{"id":42004,"date":"2026-09-04T10:44:19","date_gmt":"2026-09-04T13:44:19","guid":{"rendered":"https:\/\/victoriaaldia.com\/?p=42004"},"modified":"2026-09-04T10:44:19","modified_gmt":"2026-09-04T13:44:19","slug":"quien-fue-pepita-la-pistolera-la-mujer-cuya-historia-llevo-luisana-lopilato-al-cine","status":"publish","type":"post","link":"https:\/\/victoriaaldia.com\/?p=42004","title":{"rendered":"Qui\u00e9n fue \u201cPepita la Pistolera\u201d, la mujer cuya historia llev\u00f3 Luisana Lopilato al cine"},"content":{"rendered":"<h2 class=\"cont-volanta\"><span class=\"volanta\">Una figura de la cr\u00f3nica policial argentina<\/span><\/h2>\n<header class=\"cl-24 header-interior interior-top-1\">Margarita Di Tullio domin\u00f3 parte de la noche marplatense y atraves\u00f3 resonantes causas policiales. Su historia volvi\u00f3 a escena con una pel\u00edcula protagonizada por Luisana Lopilato.<\/header>\n<header><\/header>\n<header>Margarita Di Tullio, conocida como\u00a0<i>Pepita la pistolera<\/i>, naci\u00f3 en Mar del Plata y desde muy joven estuvo vinculada al delito. Aprendi\u00f3 boxeo, a utilizar armas y tuvo sus primeras detenciones cuando todav\u00eda era adolescente. Con el paso de los a\u00f1os, aquella trayectoria la llev\u00f3 a ocupar un lugar de poder en la noche marplatense, donde lleg\u00f3 a regentear varios cabarets y qued\u00f3 relacionada con distintos episodios de la cr\u00f3nica policial.<\/p>\n<p>&nbsp;<\/p>\n<p>Su historia volvi\u00f3 a cobrar actualidad a partir del estreno de una pel\u00edcula protagonizada por Luisana Lopilato, que recrea parte de su vida.<\/p>\n<p>&nbsp;<\/p>\n<p>Uno de los primeros episodios que marcaron a Di Tullio ocurri\u00f3 en Villa Cari\u00f1o, una zona de Mar del Plata donde las parejas se refugiaban en sus veh\u00edculos para tener intimidad. Seg\u00fan reconstruy\u00f3 el periodista de\u00a0<i>Infobae<\/i>, Pablo Kablan, Di Tullio y otros j\u00f3venes aprovechaban esas situaciones para acercarse a los autos y robarles a sus ocupantes. Esas primeras detenciones fueron el comienzo de una relaci\u00f3n con el delito que continuar\u00eda durante su juventud.<\/p>\n<figure class=\"embed\"><img loading=\"lazy\" decoding=\"async\" src=\"https:\/\/elonce-media.elonce.com\/fotos\/2026\/09\/04\/e_1788523816_3611.webp\" alt=\"\" width=\"600\" height=\"400\" \/><\/figure>\n<p>Con el tiempo, Di Tullio comenz\u00f3 a trabajar como prostituta y luego abri\u00f3 un cabaret en la zona del puerto marplatense. El negocio le permiti\u00f3 ingresar en un ambiente en el que ten\u00edan fuerte presencia hombres relacionados con la explotaci\u00f3n sexual, los negocios clandestinos, la violencia y distintos sectores de poder. Kablan describi\u00f3 ese contexto para explicar el lugar que consigui\u00f3 ocupar Di Tullio: \u201cEn un mundo en donde lo manejaban hombres muy violentos, de cafillos, matones y polic\u00edas y jueces, una mujer comenz\u00f3 a crecer\u201d.<\/p>\n<p>&nbsp;<\/p>\n<p>A partir de entonces, su influencia se ampli\u00f3 y lleg\u00f3 a regentear otros establecimientos, adem\u00e1s de extender sus actividades hacia localidades del interior bonaerense. Su nombre qued\u00f3 cada vez m\u00e1s asociado con la noche marplatense y con un circuito en el que conviv\u00edan la prostituci\u00f3n, los negocios ilegales y la violencia.<\/p>\n<p>&nbsp;<\/p>\n<h3>El motivo de su apodo: \u201cPepita la Pistolera\u201d<\/h3>\n<p>El\u00a0<b>sobrenombre que termin\u00f3 convirti\u00e9ndose en su identidad p\u00fablica<\/b>\u00a0surgi\u00f3 despu\u00e9s de un episodio ocurrido en 1985. Seg\u00fan relat\u00f3 Kablan, varios hombres fueron hasta la casa de Di Tullio para reclamarle una deuda. Ella ten\u00eda un arma debajo de la almohada y respondi\u00f3 a los tiros. El enfrentamiento termin\u00f3 con dos hombres muertos y la mujer fue posteriormente condenada por exceso en la leg\u00edtima defensa.<\/p>\n<p>&nbsp;<\/p>\n<p>El episodio fue cubierto por la prensa marplatense y un cronista policial del diario La Capital utiliz\u00f3 el nombre \u201cPepita la Pistolera\u201d para titular la noticia. El apodo qued\u00f3 instalado, aunque Di Tullio no se identificaba con \u00e9l porque ya era utilizado para referirse a otra delincuente. Seg\u00fan record\u00f3 Kablan, Margarita respond\u00eda: \u201cYo tengo c\u00f3digo, yo no soy esa\u201d.<\/p>\n<figure class=\"embed\"><img loading=\"lazy\" decoding=\"async\" src=\"https:\/\/elonce-media.elonce.com\/fotos\/2026\/09\/04\/e_1788523816_60891.webp\" alt=\"\" width=\"600\" height=\"400\" \/><\/figure>\n<p>A pesar de su rechazo, el sobrenombre termin\u00f3 imponi\u00e9ndose y pas\u00f3 a formar parte de la imagen p\u00fablica de Di Tullio. Desde entonces, las referencias period\u00edsticas a sus actividades y a las distintas causas judiciales comenzaron a identificarla principalmente como \u201cPepita la Pistolera\u201d.<\/p>\n<p>&nbsp;<\/p>\n<p>Su nombre tambi\u00e9n qued\u00f3 relacionado con los\u00a0<b>llamados cr\u00edmenes del Loco de la Ruta<\/b>, una serie de asesinatos de mujeres vinculadas con la prostituci\u00f3n ocurridos en la provincia de Buenos Aires. Kablan sostuvo que las investigaciones posteriores permitieron determinar que no exist\u00eda necesariamente un \u00fanico responsable y mencion\u00f3 la posible participaci\u00f3n de asesinos seriales, polic\u00edas y personas vinculadas con negocios ilegales.<\/p>\n<p>&nbsp;<\/p>\n<p>En ese contexto, Di Tullio asumi\u00f3 adem\u00e1s una posici\u00f3n de defensa de algunas de las mujeres que trabajaban en las rutas. Seg\u00fan Kablan, cuestionaba el accionar de la Polic\u00eda frente a los ataques y desapariciones. \u201cFue una de las pocas voces contra la polic\u00eda, porque no cuidaban a esas mujeres que se ganaban la vida en la ruta\u201d, afirm\u00f3 el periodista.<\/p>\n<p>&nbsp;<\/p>\n<h3>La acusaci\u00f3n por el crimen de Jos\u00e9 Luis Cabezas<\/h3>\n<p>A\u00f1os despu\u00e9s, el nombre de Di Tullio qued\u00f3 involucrado en uno de los casos policiales m\u00e1s importantes de la Argentina: el\u00a0<b>asesinato del fot\u00f3grafo Jos\u00e9 Luis Cabezas<\/b>, ocurrido en Pinamar el 25 de enero de 1997.<\/p>\n<p>&nbsp;<\/p>\n<p>La investigaci\u00f3n comenz\u00f3 a avanzar sobre diferentes sectores vinculados con el poder y la Polic\u00eda Bonaerense. Seg\u00fan la reconstrucci\u00f3n de Kablan, en una de las etapas del expediente apareci\u00f3 una hip\u00f3tesis que vinculaba a Di Tullio y a otras personas con un supuesto plan para secuestrar y asesinar al fot\u00f3grafo de la revista Noticias.<\/p>\n<p>&nbsp;<\/p>\n<p>El periodista se\u00f1al\u00f3 como una de las piezas centrales de esa acusaci\u00f3n a un testigo de apellido Redruello. De acuerdo con su relato, el hombre declar\u00f3 haber escuchado una conversaci\u00f3n que relacionaba a Di Tullio con el crimen, pero Kablan sostuvo que ese testimonio hab\u00eda sido inducido por integrantes de la Polic\u00eda y lo calific\u00f3 como una \u201cburda mentira\u201d.<\/p>\n<p>&nbsp;<\/p>\n<p>La acusaci\u00f3n tambi\u00e9n se apoy\u00f3, seg\u00fan la reconstrucci\u00f3n del periodista, en una prueba bal\u00edstica que habr\u00eda sido vinculada con un establecimiento relacionado con Di Tullio. Kablan cuestion\u00f3 el origen de esa evidencia y afirm\u00f3 que hab\u00eda sido introducida deliberadamente para comprometerla. \u201cEl arma hab\u00eda sido plantada\u201d, asegur\u00f3 durante su columna.<\/p>\n<p>&nbsp;<\/p>\n<p>Di Tullio termin\u00f3 detenida en el marco de esa investigaci\u00f3n, aunque con el avance de la causa aquella hip\u00f3tesis perdi\u00f3 sustento. Kablan sostuvo que finalmente qued\u00f3 establecido que la mujer y su entorno no hab\u00edan participado del asesinato de Cabezas. \u201cPepita la Pistolera y su banda no ten\u00edan nada que ver\u201d, afirm\u00f3.<\/p>\n<p>&nbsp;<\/p>\n<p>La causa se sum\u00f3 as\u00ed a una extensa lista de episodios judiciales que hab\u00edan acompa\u00f1ado la vida de Di Tullio y que contribuyeron a consolidar su lugar dentro de la cr\u00f3nica policial argentina.<\/p>\n<h3>Los \u00faltimos a\u00f1os de Margarita Di Tullio<\/h3>\n<p>Despu\u00e9s de recuperar la libertad, Di Tullio volvi\u00f3 a tener exposici\u00f3n p\u00fablica y protagoniz\u00f3 una de sus apariciones televisivas m\u00e1s recordadas en\u00a0<b>la mesa de Mirtha Legrand<\/b>. Kablan record\u00f3 que se encontraba muy nerviosa durante la entrevista y relat\u00f3 que consumi\u00f3 coca\u00edna frente a las c\u00e1maras, una escena que qued\u00f3 registrada y que posteriormente fue utilizada como referencia para la pel\u00edcula.<\/p>\n<p>&nbsp;<\/p>\n<p>Seg\u00fan explic\u00f3 el periodista, Lopilato estudi\u00f3 ese material en detalle para preparar su interpretaci\u00f3n. \u201cLo que ha estudiado para hacer esa pel\u00edcula realmente es sorprendente\u201d, hab\u00eda destacado Kablan al referirse al trabajo de la actriz, que revis\u00f3 varias veces los registros audiovisuales disponibles de Di Tullio para reproducir sus gestos y movimientos.<\/p>\n<p>&nbsp;<\/p>\n<p><b>Margarita Di Tullio muri\u00f3 en Mar del Plata en 2009, a los 61 a\u00f1os<\/b>, despu\u00e9s de sufrir un colapso cerebral. Su despedida se realiz\u00f3 en el cabaret que hab\u00eda formado parte de su vida, acompa\u00f1ada por las mujeres que trabajaban con ella, m\u00fasica y la marca de champ\u00e1n que hab\u00eda elegido para la ocasi\u00f3n, remarca\u00a0<i>Infobae.<\/i><\/p>\n<figure class=\"embed\"><img loading=\"lazy\" decoding=\"async\" src=\"https:\/\/elonce-media.elonce.com\/fotos\/2026\/09\/04\/e_1788523816_97609.webp\" alt=\"Una escena de la pel&amp;iacute;cula de Lopilato\" width=\"600\" height=\"400\" \/><figcaption>Una escena de la pel\u00edcula de Lopilato<\/figcaption><\/figure>\n<h2>\u201cPepita, La Pistolera\u201d, el thriller dram\u00e1tico de Luc\u00eda Puenzo<\/h2>\n<p><i><b>Pepita, La Pistolera<\/b><\/i>\u00a0es un thriller dram\u00e1tico inspirado en la historia de vida de Margarita Di Tullio, una mujer que mat\u00f3 a tres hombres que intentaron atacarla en su casa en 1985 por un ajuste de cuentas.<\/p>\n<p>&nbsp;<\/p>\n<p>La violencia que se ve en el film dirigido por\u00a0<b>Luc\u00eda Puenzo<\/b>\u00a0por momentos es expl\u00edcita, pero en otros\u00a0<b>es todo lo que rodea a su clima asfixiante<\/b>: se da con comentarios, gestos o acciones que son mucho m\u00e1s potentes de lo que se ve.<\/p>\n<p>&nbsp;<\/p>\n<p>La directora, adem\u00e1s,\u00a0<b>eligi\u00f3 una manera de mostrar la trama\u00a0<\/b>que la hace todav\u00eda m\u00e1s evidente. Puenzo se apoy\u00f3 en su gran mayor\u00eda\u00a0<b>en primeros planos<\/b>\u00a0que encuadran el sufrimiento que padec\u00edan esas mujeres atravesadas por la violencia callejera.<\/p>\n<p><iframe loading=\"lazy\" title=\"PEPITA LA PISTOLERA | Tr\u00e1iler Oficial | Buena Vista International LA\" width=\"760\" height=\"428\" src=\"https:\/\/www.youtube.com\/embed\/eo4d1S9FMvc?feature=oembed\" frameborder=\"0\" allow=\"accelerometer; autoplay; clipboard-write; encrypted-media; gyroscope; picture-in-picture; web-share\" referrerpolicy=\"strict-origin-when-cross-origin\" allowfullscreen><\/iframe><\/p>\n<p>Tambi\u00e9n, remarc\u00f3 dos cuestiones que traspasan la pantalla:\u00a0<b>el clima fr\u00edo<\/b>\u00a0del invierno marplatense y<b>\u00a0el sonido de los tacos<\/b>\u00a0de los zapatos.\u00a0<b>El efecto que da es casi inmersivo.<\/b><\/p>\n<p>&nbsp;<\/p>\n<p>En ese contexto, Puenzo se apoy\u00f3 como<b>\u00a0sus pilares\u00a0<\/b>en las buenas actuaciones de las actrices del reparto.\u00a0<b>Luisana Lopilato<\/b>\u00a0tuvo un trabajo consagratorio, muy lejos de sus papeles anteriores y con una composici\u00f3n de personaje desafiante.<\/p>\n<p>&nbsp;<\/p>\n<p>Pero tambi\u00e9n\u00a0<b>Camila Peralta\u00a0<\/b>hace una labor muy intensa al igual que\u00a0<b>Charo L\u00f3pez<\/b>, que sorprende con su rol,\u00a0<b>alejado completamente de la comedia, su\u00a0<\/b><i><b>expertise<\/b><\/i><b>.\u00a0<\/b>A la vez,\u00a0<b>Claudio Tolcachir<\/b>,\u00a0<b>Alberto Ajaka<\/b>,\u00a0<b>Marcelo Subiotto<\/b>,\u00a0<b>Esteban Bigliardi<\/b>\u00a0y\u00a0<b>Gustavo Bassani<\/b> acompa\u00f1an cada uno con su probada calidad actoral al resto del elenco. Fuente: El Once<\/p>\n<p><a href=\"https:\/\/victoriaaldia.com\/?attachment_id=9280\" rel=\"attachment wp-att-9280\"><img loading=\"lazy\" decoding=\"async\" class=\"aligncenter size-full wp-image-9280\" src=\"http:\/\/victoriaaldia.com\/wp-content\/uploads\/2023\/11\/agrotecnica.png\" alt=\"\" width=\"720\" height=\"90\" srcset=\"https:\/\/victoriaaldia.com\/wp-content\/uploads\/2023\/11\/agrotecnica.png 720w, https:\/\/victoriaaldia.com\/wp-content\/uploads\/2023\/11\/agrotecnica-300x38.png 300w\" sizes=\"auto, (max-width: 720px) 100vw, 720px\" \/><\/a><\/p>\n<\/header>\n","protected":false},"excerpt":{"rendered":"<p>Una figura de la cr\u00f3nica policial argentina Margarita Di Tullio domin\u00f3 parte de la noche marplatense y atraves\u00f3 resonantes causas&hellip;<\/p>\n","protected":false},"author":3,"featured_media":42005,"comment_status":"closed","ping_status":"closed","sticky":false,"template":"","format":"standard","meta":{"nogoya_volanta":"","nogoya_breaking":false,"nogoya_exclusive":false,"footnotes":""},"categories":[18,4,3,17],"tags":[],"class_list":["post-42004","post","type-post","status-publish","format-standard","has-post-thumbnail","hentry","category-espectaculos","category-nacionales","category-noticias","category-sociedad"],"yoast_head":"<!-- This site is optimized with the Yoast SEO plugin v28.4 - https:\/\/yoast.com\/product\/yoast-seo-wordpress\/ -->\n<title>Qui\u00e9n fue \u201cPepita la Pistolera\u201d, la mujer cuya historia llev\u00f3 Luisana Lopilato al cine - Victoria Al D\u00eda<\/title>\n<meta name=\"robots\" content=\"index, follow, max-snippet:-1, max-image-preview:large, max-video-preview:-1\" \/>\n<link rel=\"canonical\" href=\"https:\/\/victoriaaldia.com\/?p=42004\" \/>\n<meta property=\"og:locale\" content=\"es_ES\" \/>\n<meta property=\"og:type\" content=\"article\" \/>\n<meta property=\"og:title\" content=\"Qui\u00e9n fue \u201cPepita la Pistolera\u201d, la mujer cuya historia llev\u00f3 Luisana Lopilato al cine - Victoria Al D\u00eda\" \/>\n<meta property=\"og:description\" content=\"Una figura de la cr\u00f3nica policial argentina Margarita Di Tullio domin\u00f3 parte de la noche marplatense y atraves\u00f3 resonantes causas&hellip;\" \/>\n<meta property=\"og:url\" content=\"https:\/\/victoriaaldia.com\/?p=42004\" \/>\n<meta property=\"og:site_name\" content=\"Victoria Al D\u00eda\" \/>\n<meta property=\"article:published_time\" content=\"2026-09-04T13:44:19+00:00\" \/>\n<meta property=\"og:image\" content=\"http:\/\/victoriaaldia.com\/wp-content\/uploads\/2026\/09\/Captura-de-pantalla-2026-09-04-104218.png\" \/>\n\t<meta property=\"og:image:width\" content=\"764\" \/>\n\t<meta property=\"og:image:height\" content=\"508\" \/>\n\t<meta property=\"og:image:type\" content=\"image\/png\" \/>\n<meta name=\"author\" content=\"Victoria Al D\u00eda\" \/>\n<meta name=\"twitter:card\" content=\"summary_large_image\" \/>\n<meta name=\"twitter:label1\" content=\"Escrito por\" \/>\n\t<meta name=\"twitter:data1\" content=\"\" \/>\n\t<meta name=\"twitter:label2\" content=\"Tiempo de lectura\" \/>\n\t<meta name=\"twitter:data2\" content=\"8 minutos\" \/>\n<script type=\"application\/ld+json\" class=\"yoast-schema-graph\">{\"@context\":\"https:\\\/\\\/schema.org\",\"@graph\":[{\"@type\":\"Article\",\"@id\":\"https:\\\/\\\/victoriaaldia.com\\\/?p=42004#article\",\"isPartOf\":{\"@id\":\"https:\\\/\\\/victoriaaldia.com\\\/?p=42004\"},\"author\":{\"name\":\"Victoria Al D\u00eda\",\"@id\":\"https:\\\/\\\/victoriaaldia.com\\\/#\\\/schema\\\/person\\\/2314e106bcb401e92ff95595d5c292ef\"},\"headline\":\"Qui\u00e9n fue \u201cPepita la Pistolera\u201d, la mujer cuya historia llev\u00f3 Luisana Lopilato al cine\",\"datePublished\":\"2026-09-04T13:44:19+00:00\",\"mainEntityOfPage\":{\"@id\":\"https:\\\/\\\/victoriaaldia.com\\\/?p=42004\"},\"wordCount\":1515,\"publisher\":{\"@id\":\"https:\\\/\\\/victoriaaldia.com\\\/#organization\"},\"image\":{\"@id\":\"https:\\\/\\\/victoriaaldia.com\\\/?p=42004#primaryimage\"},\"thumbnailUrl\":\"https:\\\/\\\/victoriaaldia.com\\\/wp-content\\\/uploads\\\/2026\\\/09\\\/Captura-de-pantalla-2026-09-04-104218.png\",\"articleSection\":[\"Espect\u00e1culos\",\"Nacionales\",\"Noticias\",\"Sociedad\"],\"inLanguage\":\"es-AR\"},{\"@type\":\"WebPage\",\"@id\":\"https:\\\/\\\/victoriaaldia.com\\\/?p=42004\",\"url\":\"https:\\\/\\\/victoriaaldia.com\\\/?p=42004\",\"name\":\"Qui\u00e9n fue \u201cPepita la Pistolera\u201d, la mujer cuya historia llev\u00f3 Luisana Lopilato al cine - Victoria Al D\u00eda\",\"isPartOf\":{\"@id\":\"https:\\\/\\\/victoriaaldia.com\\\/#website\"},\"primaryImageOfPage\":{\"@id\":\"https:\\\/\\\/victoriaaldia.com\\\/?p=42004#primaryimage\"},\"image\":{\"@id\":\"https:\\\/\\\/victoriaaldia.com\\\/?p=42004#primaryimage\"},\"thumbnailUrl\":\"https:\\\/\\\/victoriaaldia.com\\\/wp-content\\\/uploads\\\/2026\\\/09\\\/Captura-de-pantalla-2026-09-04-104218.png\",\"datePublished\":\"2026-09-04T13:44:19+00:00\",\"breadcrumb\":{\"@id\":\"https:\\\/\\\/victoriaaldia.com\\\/?p=42004#breadcrumb\"},\"inLanguage\":\"es-AR\",\"potentialAction\":[{\"@type\":\"ReadAction\",\"target\":[\"https:\\\/\\\/victoriaaldia.com\\\/?p=42004\"]}]},{\"@type\":\"ImageObject\",\"inLanguage\":\"es-AR\",\"@id\":\"https:\\\/\\\/victoriaaldia.com\\\/?p=42004#primaryimage\",\"url\":\"https:\\\/\\\/victoriaaldia.com\\\/wp-content\\\/uploads\\\/2026\\\/09\\\/Captura-de-pantalla-2026-09-04-104218.png\",\"contentUrl\":\"https:\\\/\\\/victoriaaldia.com\\\/wp-content\\\/uploads\\\/2026\\\/09\\\/Captura-de-pantalla-2026-09-04-104218.png\",\"width\":764,\"height\":508},{\"@type\":\"BreadcrumbList\",\"@id\":\"https:\\\/\\\/victoriaaldia.com\\\/?p=42004#breadcrumb\",\"itemListElement\":[{\"@type\":\"ListItem\",\"position\":1,\"name\":\"Inicio\",\"item\":\"https:\\\/\\\/victoriaaldia.com\\\/\"},{\"@type\":\"ListItem\",\"position\":2,\"name\":\"Qui\u00e9n fue \u201cPepita la Pistolera\u201d, la mujer cuya historia llev\u00f3 Luisana Lopilato al cine\"}]},{\"@type\":\"WebSite\",\"@id\":\"https:\\\/\\\/victoriaaldia.com\\\/#website\",\"url\":\"https:\\\/\\\/victoriaaldia.com\\\/\",\"name\":\"Victoria Al D\u00eda\",\"description\":\"Diario Digital\",\"publisher\":{\"@id\":\"https:\\\/\\\/victoriaaldia.com\\\/#organization\"},\"potentialAction\":[{\"@type\":\"SearchAction\",\"target\":{\"@type\":\"EntryPoint\",\"urlTemplate\":\"https:\\\/\\\/victoriaaldia.com\\\/?s={search_term_string}\"},\"query-input\":{\"@type\":\"PropertyValueSpecification\",\"valueRequired\":true,\"valueName\":\"search_term_string\"}}],\"inLanguage\":\"es-AR\"},{\"@type\":\"Organization\",\"@id\":\"https:\\\/\\\/victoriaaldia.com\\\/#organization\",\"name\":\"Victoria Al D\u00eda\",\"url\":\"https:\\\/\\\/victoriaaldia.com\\\/\",\"logo\":{\"@type\":\"ImageObject\",\"inLanguage\":\"es-AR\",\"@id\":\"https:\\\/\\\/victoriaaldia.com\\\/#\\\/schema\\\/logo\\\/image\\\/\",\"url\":\"https:\\\/\\\/victoriaaldia.com\\\/wp-content\\\/uploads\\\/2023\\\/11\\\/logo.png\",\"contentUrl\":\"https:\\\/\\\/victoriaaldia.com\\\/wp-content\\\/uploads\\\/2023\\\/11\\\/logo.png\",\"width\":394,\"height\":128,\"caption\":\"Victoria Al D\u00eda\"},\"image\":{\"@id\":\"https:\\\/\\\/victoriaaldia.com\\\/#\\\/schema\\\/logo\\\/image\\\/\"}},{\"@type\":\"Person\",\"@id\":\"https:\\\/\\\/victoriaaldia.com\\\/#\\\/schema\\\/person\\\/2314e106bcb401e92ff95595d5c292ef\",\"name\":\"Victoria Al D\u00eda\",\"url\":\"https:\\\/\\\/victoriaaldia.com\\\/?author=3\"}]}<\/script>\n<!-- \/ Yoast SEO plugin. -->","yoast_head_json":{"title":"Qui\u00e9n fue \u201cPepita la Pistolera\u201d, la mujer cuya historia llev\u00f3 Luisana Lopilato al cine - Victoria Al D\u00eda","robots":{"index":"index","follow":"follow","max-snippet":"max-snippet:-1","max-image-preview":"max-image-preview:large","max-video-preview":"max-video-preview:-1"},"canonical":"https:\/\/victoriaaldia.com\/?p=42004","og_locale":"es_ES","og_type":"article","og_title":"Qui\u00e9n fue \u201cPepita la Pistolera\u201d, la mujer cuya historia llev\u00f3 Luisana Lopilato al cine - Victoria Al D\u00eda","og_description":"Una figura de la cr\u00f3nica policial argentina Margarita Di Tullio domin\u00f3 parte de la noche marplatense y atraves\u00f3 resonantes causas&hellip;","og_url":"https:\/\/victoriaaldia.com\/?p=42004","og_site_name":"Victoria Al D\u00eda","article_published_time":"2026-09-04T13:44:19+00:00","og_image":[{"width":764,"height":508,"url":"http:\/\/victoriaaldia.com\/wp-content\/uploads\/2026\/09\/Captura-de-pantalla-2026-09-04-104218.png","type":"image\/png"}],"author":"Victoria Al D\u00eda","twitter_card":"summary_large_image","twitter_misc":{"Escrito por":"","Tiempo de lectura":"8 minutos"},"schema":{"@context":"https:\/\/schema.org","@graph":[{"@type":"Article","@id":"https:\/\/victoriaaldia.com\/?p=42004#article","isPartOf":{"@id":"https:\/\/victoriaaldia.com\/?p=42004"},"author":{"name":"Victoria Al D\u00eda","@id":"https:\/\/victoriaaldia.com\/#\/schema\/person\/2314e106bcb401e92ff95595d5c292ef"},"headline":"Qui\u00e9n fue \u201cPepita la Pistolera\u201d, la mujer cuya historia llev\u00f3 Luisana Lopilato al cine","datePublished":"2026-09-04T13:44:19+00:00","mainEntityOfPage":{"@id":"https:\/\/victoriaaldia.com\/?p=42004"},"wordCount":1515,"publisher":{"@id":"https:\/\/victoriaaldia.com\/#organization"},"image":{"@id":"https:\/\/victoriaaldia.com\/?p=42004#primaryimage"},"thumbnailUrl":"https:\/\/victoriaaldia.com\/wp-content\/uploads\/2026\/09\/Captura-de-pantalla-2026-09-04-104218.png","articleSection":["Espect\u00e1culos","Nacionales","Noticias","Sociedad"],"inLanguage":"es-AR"},{"@type":"WebPage","@id":"https:\/\/victoriaaldia.com\/?p=42004","url":"https:\/\/victoriaaldia.com\/?p=42004","name":"Qui\u00e9n fue \u201cPepita la Pistolera\u201d, la mujer cuya historia llev\u00f3 Luisana Lopilato al cine - Victoria Al D\u00eda","isPartOf":{"@id":"https:\/\/victoriaaldia.com\/#website"},"primaryImageOfPage":{"@id":"https:\/\/victoriaaldia.com\/?p=42004#primaryimage"},"image":{"@id":"https:\/\/victoriaaldia.com\/?p=42004#primaryimage"},"thumbnailUrl":"https:\/\/victoriaaldia.com\/wp-content\/uploads\/2026\/09\/Captura-de-pantalla-2026-09-04-104218.png","datePublished":"2026-09-04T13:44:19+00:00","breadcrumb":{"@id":"https:\/\/victoriaaldia.com\/?p=42004#breadcrumb"},"inLanguage":"es-AR","potentialAction":[{"@type":"ReadAction","target":["https:\/\/victoriaaldia.com\/?p=42004"]}]},{"@type":"ImageObject","inLanguage":"es-AR","@id":"https:\/\/victoriaaldia.com\/?p=42004#primaryimage","url":"https:\/\/victoriaaldia.com\/wp-content\/uploads\/2026\/09\/Captura-de-pantalla-2026-09-04-104218.png","contentUrl":"https:\/\/victoriaaldia.com\/wp-content\/uploads\/2026\/09\/Captura-de-pantalla-2026-09-04-104218.png","width":764,"height":508},{"@type":"BreadcrumbList","@id":"https:\/\/victoriaaldia.com\/?p=42004#breadcrumb","itemListElement":[{"@type":"ListItem","position":1,"name":"Inicio","item":"https:\/\/victoriaaldia.com\/"},{"@type":"ListItem","position":2,"name":"Qui\u00e9n fue \u201cPepita la Pistolera\u201d, la mujer cuya historia llev\u00f3 Luisana Lopilato al cine"}]},{"@type":"WebSite","@id":"https:\/\/victoriaaldia.com\/#website","url":"https:\/\/victoriaaldia.com\/","name":"Victoria Al D\u00eda","description":"Diario Digital","publisher":{"@id":"https:\/\/victoriaaldia.com\/#organization"},"potentialAction":[{"@type":"SearchAction","target":{"@type":"EntryPoint","urlTemplate":"https:\/\/victoriaaldia.com\/?s={search_term_string}"},"query-input":{"@type":"PropertyValueSpecification","valueRequired":true,"valueName":"search_term_string"}}],"inLanguage":"es-AR"},{"@type":"Organization","@id":"https:\/\/victoriaaldia.com\/#organization","name":"Victoria Al D\u00eda","url":"https:\/\/victoriaaldia.com\/","logo":{"@type":"ImageObject","inLanguage":"es-AR","@id":"https:\/\/victoriaaldia.com\/#\/schema\/logo\/image\/","url":"https:\/\/victoriaaldia.com\/wp-content\/uploads\/2023\/11\/logo.png","contentUrl":"https:\/\/victoriaaldia.com\/wp-content\/uploads\/2023\/11\/logo.png","width":394,"height":128,"caption":"Victoria Al D\u00eda"},"image":{"@id":"https:\/\/victoriaaldia.com\/#\/schema\/logo\/image\/"}},{"@type":"Person","@id":"https:\/\/victoriaaldia.com\/#\/schema\/person\/2314e106bcb401e92ff95595d5c292ef","name":"Victoria Al D\u00eda","url":"https:\/\/victoriaaldia.com\/?author=3"}]}},"_links":{"self":[{"href":"https:\/\/victoriaaldia.com\/index.php?rest_route=\/wp\/v2\/posts\/42004","targetHints":{"allow":["GET"]}}],"collection":[{"href":"https:\/\/victoriaaldia.com\/index.php?rest_route=\/wp\/v2\/posts"}],"about":[{"href":"https:\/\/victoriaaldia.com\/index.php?rest_route=\/wp\/v2\/types\/post"}],"author":[{"embeddable":true,"href":"https:\/\/victoriaaldia.com\/index.php?rest_route=\/wp\/v2\/users\/3"}],"replies":[{"embeddable":true,"href":"https:\/\/victoriaaldia.com\/index.php?rest_route=%2Fwp%2Fv2%2Fcomments&post=42004"}],"version-history":[{"count":1,"href":"https:\/\/victoriaaldia.com\/index.php?rest_route=\/wp\/v2\/posts\/42004\/revisions"}],"predecessor-version":[{"id":42006,"href":"https:\/\/victoriaaldia.com\/index.php?rest_route=\/wp\/v2\/posts\/42004\/revisions\/42006"}],"wp:featuredmedia":[{"embeddable":true,"href":"https:\/\/victoriaaldia.com\/index.php?rest_route=\/wp\/v2\/media\/42005"}],"wp:attachment":[{"href":"https:\/\/victoriaaldia.com\/index.php?rest_route=%2Fwp%2Fv2%2Fmedia&parent=42004"}],"wp:term":[{"taxonomy":"category","embeddable":true,"href":"https:\/\/victoriaaldia.com\/index.php?rest_route=%2Fwp%2Fv2%2Fcategories&post=42004"},{"taxonomy":"post_tag","embeddable":true,"href":"https:\/\/victoriaaldia.com\/index.php?rest_route=%2Fwp%2Fv2%2Ftags&post=42004"}],"curies":[{"name":"wp","href":"https:\/\/api.w.org\/{rel}","templated":true}]}}