{"id":42010,"date":"2026-09-04T10:49:37","date_gmt":"2026-09-04T13:49:37","guid":{"rendered":"https:\/\/victoriaaldia.com\/?p=42010"},"modified":"2026-09-04T10:49:37","modified_gmt":"2026-09-04T13:49:37","slug":"la-joaqui-sorprendio-con-una-foto-y-desperto-rumores-de-romance-con-ian-lucas","status":"publish","type":"post","link":"https:\/\/victoriaaldia.com\/?p=42010","title":{"rendered":"La Joaqui sorprendi\u00f3 con una foto y despert\u00f3 rumores de romance con Ian Lucas"},"content":{"rendered":"<h2>Nacimiento de un nuevo amor<\/h2>\n<header class=\"cl-24 header-interior interior-top-1\">Tras su separaci\u00f3n de Luck Ra, la cantante public\u00f3 una imagen en la que aparece un hombre sosteni\u00e9ndole el rostro. Un comentario del influencer multiplic\u00f3 las especulaciones, aunque ambos mantienen desde hace tiempo una cercana amistad.<\/header>\n<header><\/header>\n<header>Una foto publicada por\u00a0<b>La Joaqui<\/b>\u00a0en Instagram gener\u00f3 especulaciones sobre su situaci\u00f3n sentimental. La cantante mostr\u00f3 la mano de un hombre sosteni\u00e9ndole el rostro y un comentario de Ian Lucas termin\u00f3 de alimentar los rumores.<\/p>\n<p>&nbsp;<\/p>\n<p>La publicaci\u00f3n estuvo acompa\u00f1ada por la palabra \u201cYakuza\u201d, en referencia a su reciente lanzamiento musical, pero la imagen fue suficiente para que muchos seguidores comenzaran a preguntarse qui\u00e9n era la persona que aparec\u00eda parcialmente en la foto.<\/p>\n<p>Las versiones cobraron todav\u00eda m\u00e1s fuerza cuando Ian Lucas apareci\u00f3 en los comentarios con una frase que no pas\u00f3 inadvertida: \u201c\u00bfHay algo que me tengas que contar?\u201d.<\/p>\n<p>&nbsp;<\/p>\n<h2><b>El comentario que encendi\u00f3 las especulaciones<\/b><\/h2>\n<p>&nbsp;<\/p>\n<p>La intervenci\u00f3n del influencer, actor y cantante argentino provoc\u00f3 una r\u00e1pida reacci\u00f3n entre los seguidores de ambos. Muchos interpretaron el mensaje como una posible pista de que \u00e9l podr\u00eda ser el hombre de la fotograf\u00eda.<\/p>\n<p>&nbsp;<\/p>\n<p>A partir de all\u00ed comenzaron a multiplicarse los comentarios de usuarios que apoyaban una eventual relaci\u00f3n entre\u00a0<b>La Joaqui<\/b>\u00a0e Ian Lucas y se preguntaban si la amistad entre ambos hab\u00eda dado un paso m\u00e1s.<\/p>\n<p>&nbsp;<\/p>\n<figure class=\"embed\"><img loading=\"lazy\" decoding=\"async\" src=\"https:\/\/elonce-media.elonce.com\/fotos\/2026\/09\/04\/e_1788524449_27916.webp\" alt=\"\" width=\"600\" height=\"400\" \/><\/figure>\n<p>&nbsp;<\/p>\n<p>Sin embargo, hasta el momento ninguno de los dos confirm\u00f3 un romance. Tampoco existen elementos concretos que permitan asegurar que la mano que aparece en la imagen sea efectivamente la del influencer.<\/p>\n<p>&nbsp;<\/p>\n<h2><b>La relaci\u00f3n entre La Joaqui e Ian Lucas<\/b><\/h2>\n<p>&nbsp;<\/p>\n<p><b>La Joaqui<\/b>\u00a0e Ian Lucas ya mantienen una relaci\u00f3n cercana desde hace tiempo y compartieron su participaci\u00f3n en MasterChef Celebrity, donde qued\u00f3 expuesta la buena sinton\u00eda entre ambos.<\/p>\n<p>&nbsp;<\/p>\n<p>Durante el reality se mostraron muy unidos y la propia cantante lleg\u00f3 a definirlo como uno de sus mejores amigos, por lo que el comentario podr\u00eda formar parte simplemente de la confianza que mantienen.<\/p>\n<p>&nbsp;<\/p>\n<figure class=\"embed\"><img loading=\"lazy\" decoding=\"async\" src=\"https:\/\/elonce-media.elonce.com\/fotos\/2026\/09\/04\/e_1788524449_44778.webp\" alt=\"\" width=\"600\" height=\"400\" \/><\/figure>\n<p>&nbsp;<\/p>\n<p>Ese antecedente tambi\u00e9n explica por qu\u00e9 Ian Lucas apareci\u00f3 r\u00e1pidamente en la publicaci\u00f3n y se sum\u00f3 al juego que se gener\u00f3 entre los seguidores.<\/p>\n<p>&nbsp;<\/p>\n<h2><b>Una nueva etapa despu\u00e9s de Luck Ra<\/b><\/h2>\n<p>&nbsp;<\/p>\n<p>Las especulaciones aparecen poco despu\u00e9s de la separaci\u00f3n entre\u00a0<b>La Joaqui<\/b>\u00a0y Luck Ra, una relaci\u00f3n que hab\u00eda tenido una fuerte exposici\u00f3n p\u00fablica.<\/p>\n<p>Desde entonces, la cantante se mostr\u00f3 enfocada principalmente en su m\u00fasica y en nuevos proyectos profesionales, entre ellos el lanzamiento de \u201cYakuza\u201d.<\/p>\n<p>&nbsp;<\/p>\n<p>Por ahora, la imagen y el comentario de Ian Lucas quedaron solamente en el terreno de los rumores. La amistad entre ambos est\u00e1 confirmada, pero ninguno habl\u00f3 p\u00fablicamente de una posible relaci\u00f3n sentimental. Fuente: El Once<\/p>\n<p><a href=\"https:\/\/victoriaaldia.com\/?attachment_id=9289\" rel=\"attachment wp-att-9289\"><img loading=\"lazy\" decoding=\"async\" class=\"aligncenter size-full wp-image-9289\" src=\"http:\/\/victoriaaldia.com\/wp-content\/uploads\/2023\/11\/estancia-mendoza.png\" alt=\"\" width=\"720\" height=\"90\" srcset=\"https:\/\/victoriaaldia.com\/wp-content\/uploads\/2023\/11\/estancia-mendoza.png 720w, https:\/\/victoriaaldia.com\/wp-content\/uploads\/2023\/11\/estancia-mendoza-300x38.png 300w\" sizes=\"auto, (max-width: 720px) 100vw, 720px\" \/><\/a><\/p>\n<\/header>\n","protected":false},"excerpt":{"rendered":"<p>Nacimiento de un nuevo amor Tras su separaci\u00f3n de Luck Ra, la cantante public\u00f3 una imagen en la que aparece&hellip;<\/p>\n","protected":false},"author":3,"featured_media":42011,"comment_status":"closed","ping_status":"closed","sticky":false,"template":"","format":"standard","meta":{"nogoya_volanta":"","nogoya_breaking":false,"nogoya_exclusive":false,"footnotes":""},"categories":[18,4,3,17],"tags":[],"class_list":["post-42010","post","type-post","status-publish","format-standard","has-post-thumbnail","hentry","category-espectaculos","category-nacionales","category-noticias","category-sociedad"],"yoast_head":"<!-- This site is optimized with the Yoast SEO plugin v28.4 - https:\/\/yoast.com\/product\/yoast-seo-wordpress\/ -->\n<title>La Joaqui sorprendi\u00f3 con una foto y despert\u00f3 rumores de romance con Ian Lucas - Victoria Al D\u00eda<\/title>\n<meta name=\"robots\" content=\"index, follow, max-snippet:-1, max-image-preview:large, max-video-preview:-1\" \/>\n<link rel=\"canonical\" href=\"https:\/\/victoriaaldia.com\/?p=42010\" \/>\n<meta property=\"og:locale\" content=\"es_ES\" \/>\n<meta property=\"og:type\" content=\"article\" \/>\n<meta property=\"og:title\" content=\"La Joaqui sorprendi\u00f3 con una foto y despert\u00f3 rumores de romance con Ian Lucas - Victoria Al D\u00eda\" \/>\n<meta property=\"og:description\" content=\"Nacimiento de un nuevo amor Tras su separaci\u00f3n de Luck Ra, la cantante public\u00f3 una imagen en la que aparece&hellip;\" \/>\n<meta property=\"og:url\" content=\"https:\/\/victoriaaldia.com\/?p=42010\" \/>\n<meta property=\"og:site_name\" content=\"Victoria Al D\u00eda\" \/>\n<meta property=\"article:published_time\" content=\"2026-09-04T13:49:37+00:00\" \/>\n<meta property=\"og:image\" content=\"http:\/\/victoriaaldia.com\/wp-content\/uploads\/2026\/09\/Captura-de-pantalla-2026-09-04-104822.png\" \/>\n\t<meta property=\"og:image:width\" content=\"763\" \/>\n\t<meta property=\"og:image:height\" content=\"511\" \/>\n\t<meta property=\"og:image:type\" content=\"image\/png\" \/>\n<meta name=\"author\" content=\"Victoria Al D\u00eda\" \/>\n<meta name=\"twitter:card\" content=\"summary_large_image\" \/>\n<meta name=\"twitter:label1\" content=\"Escrito por\" \/>\n\t<meta name=\"twitter:data1\" content=\"\" \/>\n\t<meta name=\"twitter:label2\" content=\"Tiempo de lectura\" \/>\n\t<meta name=\"twitter:data2\" content=\"3 minutos\" \/>\n<script type=\"application\/ld+json\" class=\"yoast-schema-graph\">{\"@context\":\"https:\\\/\\\/schema.org\",\"@graph\":[{\"@type\":\"Article\",\"@id\":\"https:\\\/\\\/victoriaaldia.com\\\/?p=42010#article\",\"isPartOf\":{\"@id\":\"https:\\\/\\\/victoriaaldia.com\\\/?p=42010\"},\"author\":{\"name\":\"Victoria Al D\u00eda\",\"@id\":\"https:\\\/\\\/victoriaaldia.com\\\/#\\\/schema\\\/person\\\/2314e106bcb401e92ff95595d5c292ef\"},\"headline\":\"La Joaqui sorprendi\u00f3 con una foto y despert\u00f3 rumores de romance con Ian Lucas\",\"datePublished\":\"2026-09-04T13:49:37+00:00\",\"mainEntityOfPage\":{\"@id\":\"https:\\\/\\\/victoriaaldia.com\\\/?p=42010\"},\"wordCount\":495,\"publisher\":{\"@id\":\"https:\\\/\\\/victoriaaldia.com\\\/#organization\"},\"image\":{\"@id\":\"https:\\\/\\\/victoriaaldia.com\\\/?p=42010#primaryimage\"},\"thumbnailUrl\":\"https:\\\/\\\/victoriaaldia.com\\\/wp-content\\\/uploads\\\/2026\\\/09\\\/Captura-de-pantalla-2026-09-04-104822.png\",\"articleSection\":[\"Espect\u00e1culos\",\"Nacionales\",\"Noticias\",\"Sociedad\"],\"inLanguage\":\"es-AR\"},{\"@type\":\"WebPage\",\"@id\":\"https:\\\/\\\/victoriaaldia.com\\\/?p=42010\",\"url\":\"https:\\\/\\\/victoriaaldia.com\\\/?p=42010\",\"name\":\"La Joaqui sorprendi\u00f3 con una foto y despert\u00f3 rumores de romance con Ian Lucas - Victoria Al D\u00eda\",\"isPartOf\":{\"@id\":\"https:\\\/\\\/victoriaaldia.com\\\/#website\"},\"primaryImageOfPage\":{\"@id\":\"https:\\\/\\\/victoriaaldia.com\\\/?p=42010#primaryimage\"},\"image\":{\"@id\":\"https:\\\/\\\/victoriaaldia.com\\\/?p=42010#primaryimage\"},\"thumbnailUrl\":\"https:\\\/\\\/victoriaaldia.com\\\/wp-content\\\/uploads\\\/2026\\\/09\\\/Captura-de-pantalla-2026-09-04-104822.png\",\"datePublished\":\"2026-09-04T13:49:37+00:00\",\"breadcrumb\":{\"@id\":\"https:\\\/\\\/victoriaaldia.com\\\/?p=42010#breadcrumb\"},\"inLanguage\":\"es-AR\",\"potentialAction\":[{\"@type\":\"ReadAction\",\"target\":[\"https:\\\/\\\/victoriaaldia.com\\\/?p=42010\"]}]},{\"@type\":\"ImageObject\",\"inLanguage\":\"es-AR\",\"@id\":\"https:\\\/\\\/victoriaaldia.com\\\/?p=42010#primaryimage\",\"url\":\"https:\\\/\\\/victoriaaldia.com\\\/wp-content\\\/uploads\\\/2026\\\/09\\\/Captura-de-pantalla-2026-09-04-104822.png\",\"contentUrl\":\"https:\\\/\\\/victoriaaldia.com\\\/wp-content\\\/uploads\\\/2026\\\/09\\\/Captura-de-pantalla-2026-09-04-104822.png\",\"width\":763,\"height\":511},{\"@type\":\"BreadcrumbList\",\"@id\":\"https:\\\/\\\/victoriaaldia.com\\\/?p=42010#breadcrumb\",\"itemListElement\":[{\"@type\":\"ListItem\",\"position\":1,\"name\":\"Inicio\",\"item\":\"https:\\\/\\\/victoriaaldia.com\\\/\"},{\"@type\":\"ListItem\",\"position\":2,\"name\":\"La Joaqui sorprendi\u00f3 con una foto y despert\u00f3 rumores de romance con Ian Lucas\"}]},{\"@type\":\"WebSite\",\"@id\":\"https:\\\/\\\/victoriaaldia.com\\\/#website\",\"url\":\"https:\\\/\\\/victoriaaldia.com\\\/\",\"name\":\"Victoria Al D\u00eda\",\"description\":\"Diario Digital\",\"publisher\":{\"@id\":\"https:\\\/\\\/victoriaaldia.com\\\/#organization\"},\"potentialAction\":[{\"@type\":\"SearchAction\",\"target\":{\"@type\":\"EntryPoint\",\"urlTemplate\":\"https:\\\/\\\/victoriaaldia.com\\\/?s={search_term_string}\"},\"query-input\":{\"@type\":\"PropertyValueSpecification\",\"valueRequired\":true,\"valueName\":\"search_term_string\"}}],\"inLanguage\":\"es-AR\"},{\"@type\":\"Organization\",\"@id\":\"https:\\\/\\\/victoriaaldia.com\\\/#organization\",\"name\":\"Victoria Al D\u00eda\",\"url\":\"https:\\\/\\\/victoriaaldia.com\\\/\",\"logo\":{\"@type\":\"ImageObject\",\"inLanguage\":\"es-AR\",\"@id\":\"https:\\\/\\\/victoriaaldia.com\\\/#\\\/schema\\\/logo\\\/image\\\/\",\"url\":\"https:\\\/\\\/victoriaaldia.com\\\/wp-content\\\/uploads\\\/2023\\\/11\\\/logo.png\",\"contentUrl\":\"https:\\\/\\\/victoriaaldia.com\\\/wp-content\\\/uploads\\\/2023\\\/11\\\/logo.png\",\"width\":394,\"height\":128,\"caption\":\"Victoria Al D\u00eda\"},\"image\":{\"@id\":\"https:\\\/\\\/victoriaaldia.com\\\/#\\\/schema\\\/logo\\\/image\\\/\"}},{\"@type\":\"Person\",\"@id\":\"https:\\\/\\\/victoriaaldia.com\\\/#\\\/schema\\\/person\\\/2314e106bcb401e92ff95595d5c292ef\",\"name\":\"Victoria Al D\u00eda\",\"url\":\"https:\\\/\\\/victoriaaldia.com\\\/?author=3\"}]}<\/script>\n<!-- \/ Yoast SEO plugin. -->","yoast_head_json":{"title":"La Joaqui sorprendi\u00f3 con una foto y despert\u00f3 rumores de romance con Ian Lucas - Victoria Al D\u00eda","robots":{"index":"index","follow":"follow","max-snippet":"max-snippet:-1","max-image-preview":"max-image-preview:large","max-video-preview":"max-video-preview:-1"},"canonical":"https:\/\/victoriaaldia.com\/?p=42010","og_locale":"es_ES","og_type":"article","og_title":"La Joaqui sorprendi\u00f3 con una foto y despert\u00f3 rumores de romance con Ian Lucas - Victoria Al D\u00eda","og_description":"Nacimiento de un nuevo amor Tras su separaci\u00f3n de Luck Ra, la cantante public\u00f3 una imagen en la que aparece&hellip;","og_url":"https:\/\/victoriaaldia.com\/?p=42010","og_site_name":"Victoria Al D\u00eda","article_published_time":"2026-09-04T13:49:37+00:00","og_image":[{"width":763,"height":511,"url":"http:\/\/victoriaaldia.com\/wp-content\/uploads\/2026\/09\/Captura-de-pantalla-2026-09-04-104822.png","type":"image\/png"}],"author":"Victoria Al D\u00eda","twitter_card":"summary_large_image","twitter_misc":{"Escrito por":"","Tiempo de lectura":"3 minutos"},"schema":{"@context":"https:\/\/schema.org","@graph":[{"@type":"Article","@id":"https:\/\/victoriaaldia.com\/?p=42010#article","isPartOf":{"@id":"https:\/\/victoriaaldia.com\/?p=42010"},"author":{"name":"Victoria Al D\u00eda","@id":"https:\/\/victoriaaldia.com\/#\/schema\/person\/2314e106bcb401e92ff95595d5c292ef"},"headline":"La Joaqui sorprendi\u00f3 con una foto y despert\u00f3 rumores de romance con Ian Lucas","datePublished":"2026-09-04T13:49:37+00:00","mainEntityOfPage":{"@id":"https:\/\/victoriaaldia.com\/?p=42010"},"wordCount":495,"publisher":{"@id":"https:\/\/victoriaaldia.com\/#organization"},"image":{"@id":"https:\/\/victoriaaldia.com\/?p=42010#primaryimage"},"thumbnailUrl":"https:\/\/victoriaaldia.com\/wp-content\/uploads\/2026\/09\/Captura-de-pantalla-2026-09-04-104822.png","articleSection":["Espect\u00e1culos","Nacionales","Noticias","Sociedad"],"inLanguage":"es-AR"},{"@type":"WebPage","@id":"https:\/\/victoriaaldia.com\/?p=42010","url":"https:\/\/victoriaaldia.com\/?p=42010","name":"La Joaqui sorprendi\u00f3 con una foto y despert\u00f3 rumores de romance con Ian Lucas - Victoria Al D\u00eda","isPartOf":{"@id":"https:\/\/victoriaaldia.com\/#website"},"primaryImageOfPage":{"@id":"https:\/\/victoriaaldia.com\/?p=42010#primaryimage"},"image":{"@id":"https:\/\/victoriaaldia.com\/?p=42010#primaryimage"},"thumbnailUrl":"https:\/\/victoriaaldia.com\/wp-content\/uploads\/2026\/09\/Captura-de-pantalla-2026-09-04-104822.png","datePublished":"2026-09-04T13:49:37+00:00","breadcrumb":{"@id":"https:\/\/victoriaaldia.com\/?p=42010#breadcrumb"},"inLanguage":"es-AR","potentialAction":[{"@type":"ReadAction","target":["https:\/\/victoriaaldia.com\/?p=42010"]}]},{"@type":"ImageObject","inLanguage":"es-AR","@id":"https:\/\/victoriaaldia.com\/?p=42010#primaryimage","url":"https:\/\/victoriaaldia.com\/wp-content\/uploads\/2026\/09\/Captura-de-pantalla-2026-09-04-104822.png","contentUrl":"https:\/\/victoriaaldia.com\/wp-content\/uploads\/2026\/09\/Captura-de-pantalla-2026-09-04-104822.png","width":763,"height":511},{"@type":"BreadcrumbList","@id":"https:\/\/victoriaaldia.com\/?p=42010#breadcrumb","itemListElement":[{"@type":"ListItem","position":1,"name":"Inicio","item":"https:\/\/victoriaaldia.com\/"},{"@type":"ListItem","position":2,"name":"La Joaqui sorprendi\u00f3 con una foto y despert\u00f3 rumores de romance con Ian Lucas"}]},{"@type":"WebSite","@id":"https:\/\/victoriaaldia.com\/#website","url":"https:\/\/victoriaaldia.com\/","name":"Victoria Al D\u00eda","description":"Diario Digital","publisher":{"@id":"https:\/\/victoriaaldia.com\/#organization"},"potentialAction":[{"@type":"SearchAction","target":{"@type":"EntryPoint","urlTemplate":"https:\/\/victoriaaldia.com\/?s={search_term_string}"},"query-input":{"@type":"PropertyValueSpecification","valueRequired":true,"valueName":"search_term_string"}}],"inLanguage":"es-AR"},{"@type":"Organization","@id":"https:\/\/victoriaaldia.com\/#organization","name":"Victoria Al D\u00eda","url":"https:\/\/victoriaaldia.com\/","logo":{"@type":"ImageObject","inLanguage":"es-AR","@id":"https:\/\/victoriaaldia.com\/#\/schema\/logo\/image\/","url":"https:\/\/victoriaaldia.com\/wp-content\/uploads\/2023\/11\/logo.png","contentUrl":"https:\/\/victoriaaldia.com\/wp-content\/uploads\/2023\/11\/logo.png","width":394,"height":128,"caption":"Victoria Al D\u00eda"},"image":{"@id":"https:\/\/victoriaaldia.com\/#\/schema\/logo\/image\/"}},{"@type":"Person","@id":"https:\/\/victoriaaldia.com\/#\/schema\/person\/2314e106bcb401e92ff95595d5c292ef","name":"Victoria Al D\u00eda","url":"https:\/\/victoriaaldia.com\/?author=3"}]}},"_links":{"self":[{"href":"https:\/\/victoriaaldia.com\/index.php?rest_route=\/wp\/v2\/posts\/42010","targetHints":{"allow":["GET"]}}],"collection":[{"href":"https:\/\/victoriaaldia.com\/index.php?rest_route=\/wp\/v2\/posts"}],"about":[{"href":"https:\/\/victoriaaldia.com\/index.php?rest_route=\/wp\/v2\/types\/post"}],"author":[{"embeddable":true,"href":"https:\/\/victoriaaldia.com\/index.php?rest_route=\/wp\/v2\/users\/3"}],"replies":[{"embeddable":true,"href":"https:\/\/victoriaaldia.com\/index.php?rest_route=%2Fwp%2Fv2%2Fcomments&post=42010"}],"version-history":[{"count":1,"href":"https:\/\/victoriaaldia.com\/index.php?rest_route=\/wp\/v2\/posts\/42010\/revisions"}],"predecessor-version":[{"id":42012,"href":"https:\/\/victoriaaldia.com\/index.php?rest_route=\/wp\/v2\/posts\/42010\/revisions\/42012"}],"wp:featuredmedia":[{"embeddable":true,"href":"https:\/\/victoriaaldia.com\/index.php?rest_route=\/wp\/v2\/media\/42011"}],"wp:attachment":[{"href":"https:\/\/victoriaaldia.com\/index.php?rest_route=%2Fwp%2Fv2%2Fmedia&parent=42010"}],"wp:term":[{"taxonomy":"category","embeddable":true,"href":"https:\/\/victoriaaldia.com\/index.php?rest_route=%2Fwp%2Fv2%2Fcategories&post=42010"},{"taxonomy":"post_tag","embeddable":true,"href":"https:\/\/victoriaaldia.com\/index.php?rest_route=%2Fwp%2Fv2%2Ftags&post=42010"}],"curies":[{"name":"wp","href":"https:\/\/api.w.org\/{rel}","templated":true}]}}