{"id":42014,"date":"2026-09-04T11:12:12","date_gmt":"2026-09-04T14:12:12","guid":{"rendered":"https:\/\/victoriaaldia.com\/?p=42014"},"modified":"2026-09-04T11:12:12","modified_gmt":"2026-09-04T14:12:12","slug":"comienza-la-recoleccion-diferenciada-de-residuos","status":"publish","type":"post","link":"https:\/\/victoriaaldia.com\/?p=42014","title":{"rendered":"Comienza la Recolecci\u00f3n diferenciada de Residuos"},"content":{"rendered":"<div class=\"xdj266r x14z9mp xat24cr x1lziwak x1vvkbs x126k92a\">\n<h2 dir=\"auto\">Victoria<\/h2>\n<\/div>\n<div class=\"x14z9mp xat24cr x1lziwak x1vvkbs xtlvy1s x126k92a\">\n<div dir=\"auto\">A partir de ahora, te invitamos a incorporar un nuevo h\u00e1bito: separar los residuos desde tu hogar.<\/div>\n<\/div>\n<div class=\"x14z9mp xat24cr x1lziwak x1vvkbs xtlvy1s x126k92a\">\n<div dir=\"auto\">Lunes, mi\u00e9rcoles y viernes: residuos SECOS Y LIMPIOS.<\/div>\n<div dir=\"auto\"><\/div>\n<\/div>\n<div class=\"x14z9mp xat24cr x1lziwak x1vvkbs xtlvy1s x126k92a\">\n<div dir=\"auto\">Martes, jueves y s\u00e1bados: residuos H\u00daMEDOS Y ORG\u00c1NICOS.<\/div>\n<div dir=\"auto\"><\/div>\n<\/div>\n<div class=\"x14z9mp xat24cr x1lziwak x1vvkbs xtlvy1s x126k92a\">\n<div dir=\"auto\">Durante esta primera etapa, los residuos deber\u00e1n sacarse en los d\u00edas correspondientes y en los horarios habituales de recolecci\u00f3n.<\/div>\n<div dir=\"auto\"><\/div>\n<\/div>\n<div class=\"x14z9mp xat24cr x1lziwak x1vvkbs xtlvy1s x126k92a\">\n<div dir=\"auto\">Este primer paso nos permitir\u00e1 avanzar juntos en un proceso que necesita del compromiso de toda la comunidad.<\/div>\n<\/div>\n<div class=\"x14z9mp xat24cr x1lziwak x1vvkbs xtlvy1s x126k92a\">\n<div dir=\"auto\">Separar en casa es sencillo y cada acci\u00f3n suma.<\/div>\n<div dir=\"auto\"><\/div>\n<\/div>\n<div class=\"x14z9mp xat24cr x1lziwak x1vvkbs xtlvy1s x126k92a\">\n<div dir=\"auto\">Entre todos, construimos una Victoria m\u00e1s limpia y sustentable.<\/div>\n<\/div>\n<div dir=\"auto\"><\/div>\n<div dir=\"auto\"><img decoding=\"async\" src=\"https:\/\/scontent.fghu1-1.fna.fbcdn.net\/v\/t39.99422-6\/793867817_1717452089313172_3668123302312285529_n.png?stp=dst-jpg_tt6&amp;cstp=mx1080x1350&amp;ctp=s1080x1350&amp;_nc_cat=106&amp;ccb=1-7&amp;_nc_sid=833d8c&amp;_nc_ohc=IX8okjg1cOAQ7kNvwHYUW1Y&amp;_nc_oc=AdocI2QvT7de5xNEYYaVXW6D8yhmFm9eyBUcqc6fKZSpR8YCN8VDHPcYZWpGTA4LHVY&amp;_nc_zt=14&amp;_nc_ht=scontent.fghu1-1.fna&amp;_nc_gid=ZKX-jTdj4LgoGt_ehyE0Xg&amp;_nc_ss=7b2a8&amp;oh=00_AQLBsj58xoqEsNZv0JeJXdcvC4P3ivY9ychWljIM8StCQg&amp;oe=6AA09B54\" alt=\"Puede ser una imagen de \u200etexto que dice &quot;\u200eSEPAR\u00c1 TUS RESIDUOS EN CASA La recolecci\u00f3n diferenciada comienza en cada hogar. \u0644\u0645\u0627 Desde ahora, vamos \u03b1 separar los residuos en dos grupos: SECOS y LIMPIOS H\u00daMEDOS -- y ORG\u00c1NICOS\u200e&quot;\u200e\" \/><\/div>\n<div dir=\"auto\"><img decoding=\"async\" src=\"https:\/\/scontent.fghu1-1.fna.fbcdn.net\/v\/t39.99422-6\/795188570_1071711512503221_4909872081127289051_n.png?stp=dst-jpg_tt6&amp;cstp=mx1080x1350&amp;ctp=s1080x1350&amp;_nc_cat=101&amp;ccb=1-7&amp;_nc_sid=833d8c&amp;_nc_ohc=AX2_nUy6SBcQ7kNvwHwbsxF&amp;_nc_oc=AdpSfgecT1wA5bShvihz6WqQSRycIvw_og7VkfvUsfUQmUucOjw7yXQy5Zw8gPQ8MKs&amp;_nc_zt=14&amp;_nc_ht=scontent.fghu1-1.fna&amp;_nc_gid=TccUfy3OMVNyR2V72Cv0HA&amp;_nc_ss=7b2a8&amp;oh=00_AQKX4taP_nacu3_5xRxvfTSqG4pe5lWT1_eTiPBseCqyCQ&amp;oe=6AA0AFB4\" alt=\"Puede ser una imagen de texto que dice &quot;LUNES, MI\u00c9RCOLES y VIERNES SECOS SECOSYLIMPIOS y LIMPIOS En este grupo se incluyen: PAPELES- PAPELES-CARTONES- CARTONES- PL\u00c1STICOS VIDRIOS METALES- OTROS RESIDUOS SIMILARES IMPORTANTE: Deben estar limpios Debenestarlimpiosysecos y secos&quot;\" \/><\/div>\n<div dir=\"auto\"><img decoding=\"async\" src=\"https:\/\/scontent.fghu1-1.fna.fbcdn.net\/v\/t39.99422-6\/794906605_4664427467215363_3900102488525533118_n.png?stp=dst-jpg_tt6&amp;cstp=mx1080x1350&amp;ctp=s1080x1350&amp;_nc_cat=101&amp;ccb=1-7&amp;_nc_sid=833d8c&amp;_nc_ohc=AkBf04feW7oQ7kNvwGYDwkL&amp;_nc_oc=Adr4CqFNE0VhbOyDWBtKTgTRMdy-ZKtiFCuEqOp5cRyBpg8hSt1HjxZKm3cQRX1d6Uw&amp;_nc_zt=14&amp;_nc_ht=scontent.fghu1-1.fna&amp;_nc_gid=f6BBjj98AgDNuPqQFDuZOw&amp;_nc_ss=7b2a8&amp;oh=00_AQKltkfqp58SE2amnPrPg1AKaMHL_XS0AV25MY5d3cP6bA&amp;oe=6AA0C00A\" alt=\"Puede ser una imagen de texto que dice &quot;MARTES, &apos; JUEVES y S\u00c1BADOS H\u00daMEDOS y ORG\u00c1NICOS En este grupo se incluyen: RESTOS DE COMIDA Y RESIDUOS ORG\u00c1NICOS- ORG\u00c1NICOS-PA\u00d1ALES- PA\u00d1ALES- PAPELES USADOS SERVILLETAS RESIDUOS CON RESTOS DE GRASA o ACEITE -OTROS RESIDUOS CONTAMINADOS Sacalos en los horarios habituales de recolecci\u00f3n.&quot;\" \/><\/div>\n<div dir=\"auto\"><img decoding=\"async\" src=\"https:\/\/scontent.fghu1-1.fna.fbcdn.net\/v\/t39.99422-6\/795188570_1071711512503221_4909872081127289051_n.png?stp=dst-jpg_tt6&amp;cstp=mx1080x1350&amp;ctp=s1080x1350&amp;_nc_cat=101&amp;ccb=1-7&amp;_nc_sid=833d8c&amp;_nc_ohc=AX2_nUy6SBcQ7kNvwHwbsxF&amp;_nc_oc=AdpSfgecT1wA5bShvihz6WqQSRycIvw_og7VkfvUsfUQmUucOjw7yXQy5Zw8gPQ8MKs&amp;_nc_zt=14&amp;_nc_ht=scontent.fghu1-1.fna&amp;_nc_gid=TccUfy3OMVNyR2V72Cv0HA&amp;_nc_ss=7b2a8&amp;oh=00_AQKX4taP_nacu3_5xRxvfTSqG4pe5lWT1_eTiPBseCqyCQ&amp;oe=6AA0AFB4\" alt=\"Puede ser una imagen de texto que dice &quot;LUNES, MI\u00c9RCOLES y VIERNES SECOS SECOSYLIMPIOS y LIMPIOS En este grupo se incluyen: PAPELES- PAPELES-CARTONES- CARTONES- PL\u00c1STICOS VIDRIOS METALES- OTROS RESIDUOS SIMILARES IMPORTANTE: Deben estar limpios Debenestarlimpiosysecos y secos&quot;\" \/><\/div>\n<div dir=\"auto\"><strong><img decoding=\"async\" src=\"https:\/\/scontent.fghu1-1.fna.fbcdn.net\/v\/t39.99422-6\/795254972_2633527307088208_7860473212668384562_n.png?stp=dst-jpg_tt6&amp;cstp=mx1080x1350&amp;ctp=s1080x1350&amp;_nc_cat=106&amp;ccb=1-7&amp;_nc_sid=833d8c&amp;_nc_ohc=jhl7gt3rofsQ7kNvwHTGT7D&amp;_nc_oc=Adp2btgT85S4CSXIuwCFlxL7m4nCqn80VLY4Jep9ik-ABkoV_hQNmWfijzR39lMKvic&amp;_nc_zt=14&amp;_nc_ht=scontent.fghu1-1.fna&amp;_nc_gid=mLBQBkYpGESK3Jh5bB8gCA&amp;_nc_ss=7b2a8&amp;oh=00_AQJOLmfPyrrmQt59nY0pLJmtt0gLLAPkpYV0zOhykt5CxA&amp;oe=6AA0B974\" alt=\"Puede ser una imagen de texto que dice &quot;ESTAMOS DANDO EL PRIMER PASO Durante esta primera etapa, la recolecci\u00f3n diferenciada se realizar\u00e1 con las herramientas actuales. El objetivo es que, poco \u03b1 poco, incorporemos la separaci\u00f3n de residuos desde nuestros hogares. ~\uc758 HASTA LA COLOCACI\u00d3N PROGRESIVA DE NUEVOS CONTENEDORES, SAC\u00c1 TUS RESIDUOS \u00daNICAMENTE EL D\u00cdA QUE CORRESPONDA.&quot;\" \/><\/strong><\/div>\n<div dir=\"auto\"><img decoding=\"async\" src=\"https:\/\/scontent.fghu1-1.fna.fbcdn.net\/v\/t39.99422-6\/793543717_1712762803140023_6842881162118785989_n.png?stp=dst-jpg_tt6&amp;cstp=mx1080x1350&amp;ctp=s1080x1350&amp;_nc_cat=101&amp;ccb=1-7&amp;_nc_sid=833d8c&amp;_nc_ohc=RdIeAkJ6yl4Q7kNvwEj8sLu&amp;_nc_oc=Adp-yzYzPRdesFC7WpCvTE5QGBPHK5izVmj-Biv0ejQ9iQmjeRwdJ-jhw7hKcQ_aOKc&amp;_nc_zt=14&amp;_nc_ht=scontent.fghu1-1.fna&amp;_nc_gid=5JZ4bHluF_4VaVyXc2lVkw&amp;_nc_ss=7b2a8&amp;oh=00_AQLsGCmdaZ7PTM8NKgxLfTIAwZvUzp4vXzOkz37aUJSlVw&amp;oe=6AA08AF0\" alt=\"Puede ser una imagen de una o varias personas y texto que dice &quot;LOS CONTENEDORES SE IRAN RETIRANDO PAULATINAMENTE En los barrios donde permanezcan, se dispondr\u00e1n: Un contenedor para residuos SECOS Un contenedor&#x2122; para residuos H\u00daNEDOS Hasta entonces, record\u00e1: separ\u00e1 en casa y sac\u00e1 los residuos seg\u00fan el d\u00eda correspondiente.&quot;\" \/><\/div>\n<div dir=\"auto\"><img decoding=\"async\" src=\"https:\/\/scontent.fghu1-1.fna.fbcdn.net\/v\/t39.99422-6\/792404362_1152525910771047_8645718481262884071_n.png?stp=dst-jpg_tt6&amp;cstp=mx1080x1350&amp;ctp=s1080x1350&amp;_nc_cat=100&amp;ccb=1-7&amp;_nc_sid=833d8c&amp;_nc_ohc=I9UsjTZHmJ4Q7kNvwG2CDZn&amp;_nc_oc=AdqSzsGbOktkNk8_e_jUh0tp6oT8e2n69BXzcKqV1vzCQ0_ItuC28xXN5g2RnZOQYDI&amp;_nc_zt=14&amp;_nc_ht=scontent.fghu1-1.fna&amp;_nc_gid=CsnqPYYXreJ6tEozO8CCFQ&amp;_nc_ss=7b2a8&amp;oh=00_AQKMVf4MsYWNRJohKxmyZ8sB9wmLOiB8cT1jCY-vcejIXg&amp;oe=6AA09B51\" alt=\"Puede ser una imagen de texto que dice &quot;EDIFICIOS y COMERCIOS Cada edificio y emprendimiento comercial o gastron\u00f3mico deber\u00e1 contar con suS propios contenedores dentro de su espacio. LOS RESIDUOS DEBER\u00c1N SACARSE \u00daNICAMENTE EN LOS D\u00cdAS Y HORARIOS CORRESPONDIENTES A CADA TIPO DE RESIDUO. \ud0c0&quot;\" \/><\/div>\n<div dir=\"auto\"><img decoding=\"async\" src=\"https:\/\/scontent.fghu1-1.fna.fbcdn.net\/v\/t39.99422-6\/795248628_1447236483971088_5826386231678076353_n.png?stp=dst-jpg_tt6&amp;cstp=mx1080x1350&amp;ctp=s1080x1350&amp;_nc_cat=109&amp;ccb=1-7&amp;_nc_sid=833d8c&amp;_nc_ohc=wSwEvQcvJjcQ7kNvwEHaUkx&amp;_nc_oc=Adpgnn6KnUTeOPbaZW1M0WANU8KZgmiiQeCNi_Au4tGpMLnduG-Bvyp4IWfB7PP8Oaw&amp;_nc_zt=14&amp;_nc_ht=scontent.fghu1-1.fna&amp;_nc_gid=TTHlCGmlvCbRC8vPCKkxdQ&amp;_nc_ss=7b2a8&amp;oh=00_AQIB_5HjuGlwCz8D98H2L0OzOCZ6g4PCCcKYQVMyGghwng&amp;oe=6AA08D4B\" alt=\"Puede ser una imagen de texto que dice &quot;SEPARAR HOy ES CUIDAR EL FUTURO Cada h\u00e1bito cuenta. Entre todos, podemos construir una Victoria m\u00e1s limpia y ordenada. VICtORIA #MiCiudad Querida Municipalidad de Victoria&quot;\" \/><\/div>\n<div dir=\"auto\"><a href=\"https:\/\/victoriaaldia.com\/?attachment_id=16397\" rel=\"attachment wp-att-16397\"><img loading=\"lazy\" decoding=\"async\" class=\"aligncenter size-full wp-image-16397\" src=\"http:\/\/victoriaaldia.com\/wp-content\/uploads\/2023\/06\/MuniVictoria-1.jpg\" alt=\"\" width=\"1000\" height=\"100\" srcset=\"https:\/\/victoriaaldia.com\/wp-content\/uploads\/2023\/06\/MuniVictoria-1.jpg 1000w, https:\/\/victoriaaldia.com\/wp-content\/uploads\/2023\/06\/MuniVictoria-1-300x30.jpg 300w, https:\/\/victoriaaldia.com\/wp-content\/uploads\/2023\/06\/MuniVictoria-1-768x77.jpg 768w\" sizes=\"auto, (max-width: 1000px) 100vw, 1000px\" \/><\/a><\/div>\n<div class=\"x14z9mp xat24cr x1lziwak x1vvkbs xtlvy1s x126k92a\">\n<div dir=\"auto\"><\/div>\n<\/div>\n","protected":false},"excerpt":{"rendered":"<p>Victoria A partir de ahora, te invitamos a incorporar un nuevo h\u00e1bito: separar los residuos desde tu hogar. Lunes, mi\u00e9rcoles&hellip;<\/p>\n","protected":false},"author":3,"featured_media":42015,"comment_status":"closed","ping_status":"closed","sticky":false,"template":"","format":"standard","meta":{"nogoya_volanta":"","nogoya_breaking":false,"nogoya_exclusive":false,"footnotes":""},"categories":[2,17],"tags":[],"class_list":["post-42014","post","type-post","status-publish","format-standard","has-post-thumbnail","hentry","category-locales","category-sociedad"],"yoast_head":"<!-- This site is optimized with the Yoast SEO plugin v28.4 - https:\/\/yoast.com\/product\/yoast-seo-wordpress\/ -->\n<title>Comienza la Recolecci\u00f3n diferenciada de Residuos - Victoria Al D\u00eda<\/title>\n<meta name=\"robots\" content=\"index, follow, max-snippet:-1, max-image-preview:large, max-video-preview:-1\" \/>\n<link rel=\"canonical\" href=\"https:\/\/victoriaaldia.com\/?p=42014\" \/>\n<meta property=\"og:locale\" content=\"es_ES\" \/>\n<meta property=\"og:type\" content=\"article\" \/>\n<meta property=\"og:title\" content=\"Comienza la Recolecci\u00f3n diferenciada de Residuos - Victoria Al D\u00eda\" \/>\n<meta property=\"og:description\" content=\"Victoria A partir de ahora, te invitamos a incorporar un nuevo h\u00e1bito: separar los residuos desde tu hogar. Lunes, mi\u00e9rcoles&hellip;\" \/>\n<meta property=\"og:url\" content=\"https:\/\/victoriaaldia.com\/?p=42014\" \/>\n<meta property=\"og:site_name\" content=\"Victoria Al D\u00eda\" \/>\n<meta property=\"article:published_time\" content=\"2026-09-04T14:12:12+00:00\" \/>\n<meta property=\"og:image\" content=\"http:\/\/victoriaaldia.com\/wp-content\/uploads\/2026\/09\/1-3.jpg\" \/>\n\t<meta property=\"og:image:width\" content=\"1080\" \/>\n\t<meta property=\"og:image:height\" content=\"1350\" \/>\n\t<meta property=\"og:image:type\" content=\"image\/jpeg\" \/>\n<meta name=\"author\" content=\"Victoria Al D\u00eda\" \/>\n<meta name=\"twitter:card\" content=\"summary_large_image\" \/>\n<meta name=\"twitter:label1\" content=\"Escrito por\" \/>\n\t<meta name=\"twitter:data1\" content=\"\" \/>\n\t<meta name=\"twitter:label2\" content=\"Tiempo de lectura\" \/>\n\t<meta name=\"twitter:data2\" content=\"3 minutos\" \/>\n<script type=\"application\/ld+json\" class=\"yoast-schema-graph\">{\"@context\":\"https:\\\/\\\/schema.org\",\"@graph\":[{\"@type\":\"Article\",\"@id\":\"https:\\\/\\\/victoriaaldia.com\\\/?p=42014#article\",\"isPartOf\":{\"@id\":\"https:\\\/\\\/victoriaaldia.com\\\/?p=42014\"},\"author\":{\"name\":\"Victoria Al D\u00eda\",\"@id\":\"https:\\\/\\\/victoriaaldia.com\\\/#\\\/schema\\\/person\\\/2314e106bcb401e92ff95595d5c292ef\"},\"headline\":\"Comienza la Recolecci\u00f3n diferenciada de Residuos\",\"datePublished\":\"2026-09-04T14:12:12+00:00\",\"mainEntityOfPage\":{\"@id\":\"https:\\\/\\\/victoriaaldia.com\\\/?p=42014\"},\"wordCount\":106,\"publisher\":{\"@id\":\"https:\\\/\\\/victoriaaldia.com\\\/#organization\"},\"image\":{\"@id\":\"https:\\\/\\\/victoriaaldia.com\\\/?p=42014#primaryimage\"},\"thumbnailUrl\":\"https:\\\/\\\/victoriaaldia.com\\\/wp-content\\\/uploads\\\/2026\\\/09\\\/1-3.jpg\",\"articleSection\":[\"Locales\",\"Sociedad\"],\"inLanguage\":\"es-AR\"},{\"@type\":\"WebPage\",\"@id\":\"https:\\\/\\\/victoriaaldia.com\\\/?p=42014\",\"url\":\"https:\\\/\\\/victoriaaldia.com\\\/?p=42014\",\"name\":\"Comienza la Recolecci\u00f3n diferenciada de Residuos - Victoria Al D\u00eda\",\"isPartOf\":{\"@id\":\"https:\\\/\\\/victoriaaldia.com\\\/#website\"},\"primaryImageOfPage\":{\"@id\":\"https:\\\/\\\/victoriaaldia.com\\\/?p=42014#primaryimage\"},\"image\":{\"@id\":\"https:\\\/\\\/victoriaaldia.com\\\/?p=42014#primaryimage\"},\"thumbnailUrl\":\"https:\\\/\\\/victoriaaldia.com\\\/wp-content\\\/uploads\\\/2026\\\/09\\\/1-3.jpg\",\"datePublished\":\"2026-09-04T14:12:12+00:00\",\"breadcrumb\":{\"@id\":\"https:\\\/\\\/victoriaaldia.com\\\/?p=42014#breadcrumb\"},\"inLanguage\":\"es-AR\",\"potentialAction\":[{\"@type\":\"ReadAction\",\"target\":[\"https:\\\/\\\/victoriaaldia.com\\\/?p=42014\"]}]},{\"@type\":\"ImageObject\",\"inLanguage\":\"es-AR\",\"@id\":\"https:\\\/\\\/victoriaaldia.com\\\/?p=42014#primaryimage\",\"url\":\"https:\\\/\\\/victoriaaldia.com\\\/wp-content\\\/uploads\\\/2026\\\/09\\\/1-3.jpg\",\"contentUrl\":\"https:\\\/\\\/victoriaaldia.com\\\/wp-content\\\/uploads\\\/2026\\\/09\\\/1-3.jpg\",\"width\":1080,\"height\":1350},{\"@type\":\"BreadcrumbList\",\"@id\":\"https:\\\/\\\/victoriaaldia.com\\\/?p=42014#breadcrumb\",\"itemListElement\":[{\"@type\":\"ListItem\",\"position\":1,\"name\":\"Inicio\",\"item\":\"https:\\\/\\\/victoriaaldia.com\\\/\"},{\"@type\":\"ListItem\",\"position\":2,\"name\":\"Comienza la Recolecci\u00f3n diferenciada de Residuos\"}]},{\"@type\":\"WebSite\",\"@id\":\"https:\\\/\\\/victoriaaldia.com\\\/#website\",\"url\":\"https:\\\/\\\/victoriaaldia.com\\\/\",\"name\":\"Victoria Al D\u00eda\",\"description\":\"Diario Digital\",\"publisher\":{\"@id\":\"https:\\\/\\\/victoriaaldia.com\\\/#organization\"},\"potentialAction\":[{\"@type\":\"SearchAction\",\"target\":{\"@type\":\"EntryPoint\",\"urlTemplate\":\"https:\\\/\\\/victoriaaldia.com\\\/?s={search_term_string}\"},\"query-input\":{\"@type\":\"PropertyValueSpecification\",\"valueRequired\":true,\"valueName\":\"search_term_string\"}}],\"inLanguage\":\"es-AR\"},{\"@type\":\"Organization\",\"@id\":\"https:\\\/\\\/victoriaaldia.com\\\/#organization\",\"name\":\"Victoria Al D\u00eda\",\"url\":\"https:\\\/\\\/victoriaaldia.com\\\/\",\"logo\":{\"@type\":\"ImageObject\",\"inLanguage\":\"es-AR\",\"@id\":\"https:\\\/\\\/victoriaaldia.com\\\/#\\\/schema\\\/logo\\\/image\\\/\",\"url\":\"https:\\\/\\\/victoriaaldia.com\\\/wp-content\\\/uploads\\\/2023\\\/11\\\/logo.png\",\"contentUrl\":\"https:\\\/\\\/victoriaaldia.com\\\/wp-content\\\/uploads\\\/2023\\\/11\\\/logo.png\",\"width\":394,\"height\":128,\"caption\":\"Victoria Al D\u00eda\"},\"image\":{\"@id\":\"https:\\\/\\\/victoriaaldia.com\\\/#\\\/schema\\\/logo\\\/image\\\/\"}},{\"@type\":\"Person\",\"@id\":\"https:\\\/\\\/victoriaaldia.com\\\/#\\\/schema\\\/person\\\/2314e106bcb401e92ff95595d5c292ef\",\"name\":\"Victoria Al D\u00eda\",\"url\":\"https:\\\/\\\/victoriaaldia.com\\\/?author=3\"}]}<\/script>\n<!-- \/ Yoast SEO plugin. -->","yoast_head_json":{"title":"Comienza la Recolecci\u00f3n diferenciada de Residuos - Victoria Al D\u00eda","robots":{"index":"index","follow":"follow","max-snippet":"max-snippet:-1","max-image-preview":"max-image-preview:large","max-video-preview":"max-video-preview:-1"},"canonical":"https:\/\/victoriaaldia.com\/?p=42014","og_locale":"es_ES","og_type":"article","og_title":"Comienza la Recolecci\u00f3n diferenciada de Residuos - Victoria Al D\u00eda","og_description":"Victoria A partir de ahora, te invitamos a incorporar un nuevo h\u00e1bito: separar los residuos desde tu hogar. Lunes, mi\u00e9rcoles&hellip;","og_url":"https:\/\/victoriaaldia.com\/?p=42014","og_site_name":"Victoria Al D\u00eda","article_published_time":"2026-09-04T14:12:12+00:00","og_image":[{"width":1080,"height":1350,"url":"http:\/\/victoriaaldia.com\/wp-content\/uploads\/2026\/09\/1-3.jpg","type":"image\/jpeg"}],"author":"Victoria Al D\u00eda","twitter_card":"summary_large_image","twitter_misc":{"Escrito por":"","Tiempo de lectura":"3 minutos"},"schema":{"@context":"https:\/\/schema.org","@graph":[{"@type":"Article","@id":"https:\/\/victoriaaldia.com\/?p=42014#article","isPartOf":{"@id":"https:\/\/victoriaaldia.com\/?p=42014"},"author":{"name":"Victoria Al D\u00eda","@id":"https:\/\/victoriaaldia.com\/#\/schema\/person\/2314e106bcb401e92ff95595d5c292ef"},"headline":"Comienza la Recolecci\u00f3n diferenciada de Residuos","datePublished":"2026-09-04T14:12:12+00:00","mainEntityOfPage":{"@id":"https:\/\/victoriaaldia.com\/?p=42014"},"wordCount":106,"publisher":{"@id":"https:\/\/victoriaaldia.com\/#organization"},"image":{"@id":"https:\/\/victoriaaldia.com\/?p=42014#primaryimage"},"thumbnailUrl":"https:\/\/victoriaaldia.com\/wp-content\/uploads\/2026\/09\/1-3.jpg","articleSection":["Locales","Sociedad"],"inLanguage":"es-AR"},{"@type":"WebPage","@id":"https:\/\/victoriaaldia.com\/?p=42014","url":"https:\/\/victoriaaldia.com\/?p=42014","name":"Comienza la Recolecci\u00f3n diferenciada de Residuos - Victoria Al D\u00eda","isPartOf":{"@id":"https:\/\/victoriaaldia.com\/#website"},"primaryImageOfPage":{"@id":"https:\/\/victoriaaldia.com\/?p=42014#primaryimage"},"image":{"@id":"https:\/\/victoriaaldia.com\/?p=42014#primaryimage"},"thumbnailUrl":"https:\/\/victoriaaldia.com\/wp-content\/uploads\/2026\/09\/1-3.jpg","datePublished":"2026-09-04T14:12:12+00:00","breadcrumb":{"@id":"https:\/\/victoriaaldia.com\/?p=42014#breadcrumb"},"inLanguage":"es-AR","potentialAction":[{"@type":"ReadAction","target":["https:\/\/victoriaaldia.com\/?p=42014"]}]},{"@type":"ImageObject","inLanguage":"es-AR","@id":"https:\/\/victoriaaldia.com\/?p=42014#primaryimage","url":"https:\/\/victoriaaldia.com\/wp-content\/uploads\/2026\/09\/1-3.jpg","contentUrl":"https:\/\/victoriaaldia.com\/wp-content\/uploads\/2026\/09\/1-3.jpg","width":1080,"height":1350},{"@type":"BreadcrumbList","@id":"https:\/\/victoriaaldia.com\/?p=42014#breadcrumb","itemListElement":[{"@type":"ListItem","position":1,"name":"Inicio","item":"https:\/\/victoriaaldia.com\/"},{"@type":"ListItem","position":2,"name":"Comienza la Recolecci\u00f3n diferenciada de Residuos"}]},{"@type":"WebSite","@id":"https:\/\/victoriaaldia.com\/#website","url":"https:\/\/victoriaaldia.com\/","name":"Victoria Al D\u00eda","description":"Diario Digital","publisher":{"@id":"https:\/\/victoriaaldia.com\/#organization"},"potentialAction":[{"@type":"SearchAction","target":{"@type":"EntryPoint","urlTemplate":"https:\/\/victoriaaldia.com\/?s={search_term_string}"},"query-input":{"@type":"PropertyValueSpecification","valueRequired":true,"valueName":"search_term_string"}}],"inLanguage":"es-AR"},{"@type":"Organization","@id":"https:\/\/victoriaaldia.com\/#organization","name":"Victoria Al D\u00eda","url":"https:\/\/victoriaaldia.com\/","logo":{"@type":"ImageObject","inLanguage":"es-AR","@id":"https:\/\/victoriaaldia.com\/#\/schema\/logo\/image\/","url":"https:\/\/victoriaaldia.com\/wp-content\/uploads\/2023\/11\/logo.png","contentUrl":"https:\/\/victoriaaldia.com\/wp-content\/uploads\/2023\/11\/logo.png","width":394,"height":128,"caption":"Victoria Al D\u00eda"},"image":{"@id":"https:\/\/victoriaaldia.com\/#\/schema\/logo\/image\/"}},{"@type":"Person","@id":"https:\/\/victoriaaldia.com\/#\/schema\/person\/2314e106bcb401e92ff95595d5c292ef","name":"Victoria Al D\u00eda","url":"https:\/\/victoriaaldia.com\/?author=3"}]}},"_links":{"self":[{"href":"https:\/\/victoriaaldia.com\/index.php?rest_route=\/wp\/v2\/posts\/42014","targetHints":{"allow":["GET"]}}],"collection":[{"href":"https:\/\/victoriaaldia.com\/index.php?rest_route=\/wp\/v2\/posts"}],"about":[{"href":"https:\/\/victoriaaldia.com\/index.php?rest_route=\/wp\/v2\/types\/post"}],"author":[{"embeddable":true,"href":"https:\/\/victoriaaldia.com\/index.php?rest_route=\/wp\/v2\/users\/3"}],"replies":[{"embeddable":true,"href":"https:\/\/victoriaaldia.com\/index.php?rest_route=%2Fwp%2Fv2%2Fcomments&post=42014"}],"version-history":[{"count":1,"href":"https:\/\/victoriaaldia.com\/index.php?rest_route=\/wp\/v2\/posts\/42014\/revisions"}],"predecessor-version":[{"id":42016,"href":"https:\/\/victoriaaldia.com\/index.php?rest_route=\/wp\/v2\/posts\/42014\/revisions\/42016"}],"wp:featuredmedia":[{"embeddable":true,"href":"https:\/\/victoriaaldia.com\/index.php?rest_route=\/wp\/v2\/media\/42015"}],"wp:attachment":[{"href":"https:\/\/victoriaaldia.com\/index.php?rest_route=%2Fwp%2Fv2%2Fmedia&parent=42014"}],"wp:term":[{"taxonomy":"category","embeddable":true,"href":"https:\/\/victoriaaldia.com\/index.php?rest_route=%2Fwp%2Fv2%2Fcategories&post=42014"},{"taxonomy":"post_tag","embeddable":true,"href":"https:\/\/victoriaaldia.com\/index.php?rest_route=%2Fwp%2Fv2%2Ftags&post=42014"}],"curies":[{"name":"wp","href":"https:\/\/api.w.org\/{rel}","templated":true}]}}